{"id":95727,"date":"2026-01-06T03:00:18","date_gmt":"2026-01-06T03:00:18","guid":{"rendered":"https:\/\/www.europesays.com\/lv\/95727\/"},"modified":"2026-01-06T03:00:18","modified_gmt":"2026-01-06T03:00:18","slug":"tiksimies-kaujas-lauka-krievijas-specvienibu-veterani-alkst-tikties-ar-asv-specvienibam","status":"publish","type":"post","link":"https:\/\/www.europesays.com\/lv\/95727\/","title":{"rendered":"\u00abTiksimies kaujas lauk\u0101!\u00bb Krievijas specvien\u012bbu veter\u0101ni alkst tikties ar ASV specvien\u012bb\u0101m"},"content":{"rendered":"<p>Krievijas specvien\u012bbu veter\u0101ni nov\u0113rt\u0113ju\u0161i ASV oper\u0101ciju Maduro sag\u016bst\u012b\u0161anai k\u0101 \u00abviduv\u0113ju\u00bb, zi\u0146o mediji. \u00abAlfas\u00bb veter\u0101ns Senins p\u0101rliecin\u0101ts: ASV Maduro sagr\u0101b\u0161an\u0101 \u012bpa\u0161as profesionalit\u0101tes nav. Taj\u0101 pa\u0161\u0101 laik\u0101 \u0161\u0101dus apgalvojumus soci\u0101lajos t\u012bklos izsmej pa\u0161i krievi.<\/p>\n<p>ASV specvien\u012bbas \u00abDelta\u00bb veikt\u0101 Venecu\u0113las prezidenta Nikolasa Maduro sag\u016bst\u012b\u0161ana tika v\u0113rt\u0113ta k\u0101 \u00abviduv\u0113ja\u00bb. Par to pazi\u0146oja Krievijas vien\u012bbas \u00abAlfa\u00bb veter\u0101ni, kuri &#8220;Daily Storm&#8221; sarun\u0101 nov\u0113rt\u0113ja ASV oper\u0101ciju, zi\u0146o izdevums &#8220;Telegram&#8221;. Uz to atsaucas Rietumu mediji.<\/p>\n<p>P\u0113c specvien\u012bbu veter\u0101nu viedok\u013ca amerik\u0101\u0146u darb\u012bbas nesastapa pretest\u012bbu. Grupas \u00abAlfa\u00bb veter\u0101ns Igors Senins paskaidroja, ka oper\u0101cija bija sagatavota pla\u0161i. Vispirms ASV kaujinieki padar\u012bja nekait\u012bgus visus galvenos milit\u0101ros objektus, kuri var\u0113ja tiem trauc\u0113t, un neitraliz\u0113ja infrastrukt\u016bru. \u00abUn tikai p\u0113c tam jau tika sagatavots pats galvenais g\u016bst\u0101 sa\u0146em\u0161anas akts,\u00bb sac\u012bja izdevuma sarunbiedrs. \u00abT\u0101tad vi\u0146i princip\u0101 ien\u0101ca \u0113k\u0101, kas jau bija sagatavota vi\u0146iem. \u012apa\u0161u profesionalit\u0101ti es \u0161eit neredzu.\u00bb<\/p>\n<p>Turkl\u0101t operat\u012bvie darbinieki uzskata, ka krievu specvien\u012bbas ir profesion\u0101l\u0101kas. FSB pulkvedis un \u00abAlfas\u00bb veter\u0101ns Vit\u0101lijs Demidkins pazi\u0146oja par v\u0113lmi satikties ar kol\u0113\u0123iem kaujas lauk\u0101. \u00abM\u0113s vi\u0146us dro\u0161i vien nekur neesam dzird\u0113ju\u0161i. Grib\u0113tos ar vi\u0146iem kaut kur tikties. Dom\u0101ju \u2014 kaujas lauk\u0101 vai cit\u0101 oper\u0101cij\u0101,\u00bb sac\u012bja vi\u0146\u0161.<\/p>\n<p>\u00abAlfas\u00bb veter\u0101ni ar\u012b bija vienispr\u0101tis, ka krievu specvien\u012bb\u0101m it k\u0101 neb\u016btu gr\u016bti veikt l\u012bdz\u012bgu oper\u0101ciju un analo\u0123isku kaimi\u0146valsts prezidenta sagr\u0101b\u0161anu. Visus \u0161os pazi\u0146ojumus soci\u0101lajos t\u012bklos izsm\u0113ja pa\u0161i krievi: \u00abASV uzvar\u0113ja, bet pie mums \u2014 atkal tuk\u0161a \u010dalo\u0161ana\u00bb, \u00abPietiek st\u0101st\u012bt pasakas par baltu te\u013cu!\u00bb, \u00abV\u0113l viena mu\u013c\u0137\u012bba&#8230;\u00bb, \u00abLepnums l\u012bdz debes\u012bm, bet profesionalit\u0101ti redzam p\u0113c rezult\u0101tiem asi\u0146ainaj\u0101 kar\u0101, kas turpin\u0101s jau gandr\u012bz \u010detrus gadus\u00bb, \u00abVai tas ir t\u0101s specvien\u012bbas p\u0101rst\u0101vis, kas 1999. gad\u0101 cukuri\u0146u nesa uz krievu dz\u012bvojamo m\u0101ju pagrabiem?\u00bb, \u00abNav svar\u012bgi, cik labi konkr\u0113tie karav\u012bri izpild\u012bja uzdevumus, bet svar\u012bgi ir tas, cik labi bija organiz\u0113ta pati oper\u0101cija un k\u0101dus uzdevumus t\u0101 \u013c\u0101va atrisin\u0101t. No \u0161\u012b skatupunkta oper\u0101cija ir unik\u0101la\u00bb \u2014 atz\u012bm\u0113ja lietot\u0101ji.<\/p>\n<p>\n                            Valodas k\u013c\u016bda rakst\u0101?<br \/>Iez\u012bm\u0113jiet tekstu un spiediet Zi\u0146ot par k\u013c\u016bdu pogas   , lai nos\u016bt\u012btu labojamo teksta fragmentu redaktoram!<\/p>\n<p>                                Zi\u0146ot par k\u013c\u016bdu<\/p>\n","protected":false},"excerpt":{"rendered":"Krievijas specvien\u012bbu veter\u0101ni nov\u0113rt\u0113ju\u0161i ASV oper\u0101ciju Maduro sag\u016bst\u012b\u0161anai k\u0101 \u00abviduv\u0113ju\u00bb, zi\u0146o mediji. \u00abAlfas\u00bb veter\u0101ns Senins p\u0101rliecin\u0101ts: ASV Maduro&hellip;\n","protected":false},"author":2,"featured_media":95728,"comment_status":"","ping_status":"","sticky":false,"template":"","format":"standard","meta":{"footnotes":""},"categories":[14],"tags":[23,57,28,29,32,33,22,30,31,35,39,38,36,37,34,40,20,26,27,24,25,54,55,56,21,58],"class_list":{"0":"post-95727","1":"post","2":"type-post","3":"status-publish","4":"format-standard","5":"has-post-thumbnail","7":"category-zinas-no-arvalstim","8":"tag-aktualitates","9":"tag-arvalstim","10":"tag-breaking-news","11":"tag-breakingnews","12":"tag-featured-news","13":"tag-featurednews","14":"tag-headlines","15":"tag-latest-news","16":"tag-latestnews","17":"tag-latvia","18":"tag-latvian","19":"tag-latviesu","20":"tag-latviesu-valoda","21":"tag-latviesuvaloda","22":"tag-latvija","23":"tag-lv","24":"tag-news","25":"tag-popularakas-zinas","26":"tag-popularakaszinas","27":"tag-top-stories","28":"tag-topstories","29":"tag-world","30":"tag-world-news","31":"tag-worldnews","32":"tag-zinas","33":"tag-zinas-no-arvalstim"},"share_on_mastodon":{"url":"https:\/\/pubeurope.com\/@lv\/115845924328432351","error":""},"_links":{"self":[{"href":"https:\/\/www.europesays.com\/lv\/wp-json\/wp\/v2\/posts\/95727","targetHints":{"allow":["GET"]}}],"collection":[{"href":"https:\/\/www.europesays.com\/lv\/wp-json\/wp\/v2\/posts"}],"about":[{"href":"https:\/\/www.europesays.com\/lv\/wp-json\/wp\/v2\/types\/post"}],"author":[{"embeddable":true,"href":"https:\/\/www.europesays.com\/lv\/wp-json\/wp\/v2\/users\/2"}],"replies":[{"embeddable":true,"href":"https:\/\/www.europesays.com\/lv\/wp-json\/wp\/v2\/comments?post=95727"}],"version-history":[{"count":0,"href":"https:\/\/www.europesays.com\/lv\/wp-json\/wp\/v2\/posts\/95727\/revisions"}],"wp:featuredmedia":[{"embeddable":true,"href":"https:\/\/www.europesays.com\/lv\/wp-json\/wp\/v2\/media\/95728"}],"wp:attachment":[{"href":"https:\/\/www.europesays.com\/lv\/wp-json\/wp\/v2\/media?parent=95727"}],"wp:term":[{"taxonomy":"category","embeddable":true,"href":"https:\/\/www.europesays.com\/lv\/wp-json\/wp\/v2\/categories?post=95727"},{"taxonomy":"post_tag","embeddable":true,"href":"https:\/\/www.europesays.com\/lv\/wp-json\/wp\/v2\/tags?post=95727"}],"curies":[{"name":"wp","href":"https:\/\/api.w.org\/{rel}","templated":true}]}}