{"id":95729,"date":"2026-01-06T03:04:22","date_gmt":"2026-01-06T03:04:22","guid":{"rendered":"https:\/\/www.europesays.com\/lv\/95729\/"},"modified":"2026-01-06T03:04:22","modified_gmt":"2026-01-06T03:04:22","slug":"haralds-egle-rezultativi-piespele-energie-uzvaretaja-cehijas-ekstraligas-spele-jauns-lv","status":"publish","type":"post","link":"https:\/\/www.europesays.com\/lv\/95729\/","title":{"rendered":"Haralds Egle rezultat\u012bvi piesp\u0113l\u0113 &quot;Energie&quot; uzvar\u0113taj\u0101 \u010cehijas ekstral\u012bgas sp\u0113l\u0113 &#8211; Jauns.lv"},"content":{"rendered":"<ol>\n<li><a href=\"https:\/\/news.google.com\/rss\/articles\/CBMitwFBVV95cUxONG1RczVrVlBlZWpsVndpclIzYU81Z1hWZExTS0pHRFc4OFIxV09qZTFaRUpHRTJOYWZTb05rRDU1N3Q5STd6R3BPUmVUcnJNd1AyOUFoRk1jbUlRVU41ajZCUmE5dTY5LTdUY2pVX1Z3U3lncG1CS2tZMnRNVkJwWE1fb2tyVERnWWtkWXJUMEFUMl9HdG5pQWY4NXZIVmdPYUo3Tmx5WFZZTXBHQW0tY2lGTmI2a1E?oc=5\" target=\"_blank\" rel=\"nofollow noopener\">Haralds Egle rezultat\u012bvi piesp\u0113l\u0113 &#8220;Energie&#8221; uzvar\u0113taj\u0101 \u010cehijas ekstral\u012bgas sp\u0113l\u0113<\/a>&nbsp;&nbsp;Jauns.lv<\/li>\n<li><a href=\"https:\/\/news.google.com\/rss\/articles\/CBMilwFBVV95cUxNcElmaU8zeWVVaU4wYk1pZ2hRajZBaUYtQ2NhaWY5bjBuZlZqQTZrWXFudExBVDNjUHotX0V3WVF2Znphb3RUSWpJckJZS0dkeFZGRE80NW8yTFhJT0pDc3VCMGNxSUtDaVVvNUtiOWRRX2FLYjlRWkFfVU01cHZtV3Jrb05rRnJkUWlKNG9MTWJFZ2taNGZv?oc=5\" target=\"_blank\" rel=\"nofollow noopener\">Egle uzvar\u0101 p\u0101r \u010cehijas \u010dempioni papildina kr\u0101jumu, Daugavi\u0146\u0161 nepiedal\u0101s 7:1 sp\u0113l\u0113 \u2013 Hokejs<\/a>&nbsp;&nbsp;Sportacentrs.com<\/li>\n<li><a href=\"https:\/\/news.google.com\/rss\/articles\/CBMipwFBVV95cUxPYXltOEEyWjJDbnFDdGRGRVlrRWNhazhoMC00QXBtenNwbUdMQzJoTkx2NkFzUTU3aW1yRTI3T3ktVFREU0tVSzRXNEZGbWkwVENJWDFlMTRKWi16eXJON213X1ZhajdyVW9mcFNxcjlxWDlweHRXNGJhSEJibTQzcWFPRm5ENmpubW1lbFc0dFExdXBqNWljUFNKSjVEOVNpYjVKeWVjQQ?oc=5\" target=\"_blank\" rel=\"nofollow noopener\">Egle vien\u012bgais \u010cehij\u0101 tiek pie punktiem, Komulam slikt\u0101k\u0101 lietder\u012bba komand\u0101<\/a>&nbsp;&nbsp;Sportazinas.com<\/li>\n<li><a href=\"https:\/\/news.google.com\/rss\/articles\/CBMipwFBVV95cUxPaVdieXRUT2lYQnFtWnJoeXRPZUFGT0ViVFZ3dE9Jc1NlMHFoZUFXZWJ6SE14X2ZHRWpDeVRxLV81YmpwaVE1MGJEWFBhc2hKZkpwZlRSR0ZvYlBvVTE4YTh3WG5GWWxZZ2VIdk5QekVDdHhlalF3WnRTbGwtUmJJY0cxVG5KTDJpRkNmMlVPVEtSTXcxbmFrVlI4Sk9wTnU4SG5Tc0JOVQ?oc=5\" target=\"_blank\" rel=\"nofollow noopener\">Video: Haraldam Eglem v\u0101rti uzvar\u0113t\u0101 \u010cehijas ekstral\u012bgas ma\u010d\u0101<\/a>&nbsp;&nbsp;liepajniekiem.lv<\/li>\n<li><a href=\"https:\/\/news.google.com\/rss\/articles\/CBMitgFBVV95cUxOYjVJbHRNRUlrZ1lyZ0Fkb0pRd1p3dDRHc3lkYU9mYU9ENjA2cU5ON3gzRDZLcmV2M3U4Ul9oUC1ZN19Ubmx5RjF1djZNUjVJdTNwZzVzeEZObVdzR0tFTnFYQnoteEstQ20wNTB5MS0zcTBwaVJ1OWoydWhScWJBWVR3am1oU3NQRWZpclJTYXdUWFJ5eFVUM3ZEeFRnemNyQmlYbThPUmQ2cUJYX2pISTEyMUZBZw?oc=5\" target=\"_blank\" rel=\"nofollow noopener\">J\u0101nis Jaks izcili nosp\u0113l\u0113 Karlovi Varu &#8220;Energie&#8221; uzvar\u0101 \u010cehijas \u010dempion\u0101ta ma\u010d\u0101<\/a>&nbsp;&nbsp;Jauns.lv<\/li>\n<\/ol>\n","protected":false},"excerpt":{"rendered":"Haralds Egle rezultat\u012bvi piesp\u0113l\u0113 &#8220;Energie&#8221; uzvar\u0113taj\u0101 \u010cehijas ekstral\u012bgas sp\u0113l\u0113&nbsp;&nbsp;Jauns.lv Egle uzvar\u0101 p\u0101r \u010cehijas \u010dempioni papildina kr\u0101jumu, Daugavi\u0146\u0161 nepiedal\u0101s&hellip;\n","protected":false},"author":2,"featured_media":95730,"comment_status":"","ping_status":"","sticky":false,"template":"","format":"standard","meta":{"footnotes":""},"categories":[17],"tags":[35,39,38,36,37,34,40,67],"class_list":{"0":"post-95729","1":"post","2":"type-post","3":"status-publish","4":"format-standard","5":"has-post-thumbnail","7":"category-sports","8":"tag-latvia","9":"tag-latvian","10":"tag-latviesu","11":"tag-latviesu-valoda","12":"tag-latviesuvaloda","13":"tag-latvija","14":"tag-lv","15":"tag-sports"},"share_on_mastodon":{"url":"https:\/\/pubeurope.com\/@lv\/115845940011538782","error":""},"_links":{"self":[{"href":"https:\/\/www.europesays.com\/lv\/wp-json\/wp\/v2\/posts\/95729","targetHints":{"allow":["GET"]}}],"collection":[{"href":"https:\/\/www.europesays.com\/lv\/wp-json\/wp\/v2\/posts"}],"about":[{"href":"https:\/\/www.europesays.com\/lv\/wp-json\/wp\/v2\/types\/post"}],"author":[{"embeddable":true,"href":"https:\/\/www.europesays.com\/lv\/wp-json\/wp\/v2\/users\/2"}],"replies":[{"embeddable":true,"href":"https:\/\/www.europesays.com\/lv\/wp-json\/wp\/v2\/comments?post=95729"}],"version-history":[{"count":0,"href":"https:\/\/www.europesays.com\/lv\/wp-json\/wp\/v2\/posts\/95729\/revisions"}],"wp:featuredmedia":[{"embeddable":true,"href":"https:\/\/www.europesays.com\/lv\/wp-json\/wp\/v2\/media\/95730"}],"wp:attachment":[{"href":"https:\/\/www.europesays.com\/lv\/wp-json\/wp\/v2\/media?parent=95729"}],"wp:term":[{"taxonomy":"category","embeddable":true,"href":"https:\/\/www.europesays.com\/lv\/wp-json\/wp\/v2\/categories?post=95729"},{"taxonomy":"post_tag","embeddable":true,"href":"https:\/\/www.europesays.com\/lv\/wp-json\/wp\/v2\/tags?post=95729"}],"curies":[{"name":"wp","href":"https:\/\/api.w.org\/{rel}","templated":true}]}}