{"id":95737,"date":"2026-01-06T04:06:18","date_gmt":"2026-01-06T04:06:18","guid":{"rendered":"https:\/\/www.europesays.com\/lv\/95737\/"},"modified":"2026-01-06T04:06:18","modified_gmt":"2026-01-06T04:06:18","slug":"lai-veicinatu-dzimstibu-kina-ar-nodokli-apliek-kontracepcijas-lidzeklus-raksts","status":"publish","type":"post","link":"https:\/\/www.europesays.com\/lv\/95737\/","title":{"rendered":"Lai veicin\u0101tu dzimst\u012bbu, \u0136\u012bn\u0101 ar nodokli apliek kontracepcijas l\u012bdzek\u013cus \/ Raksts"},"content":{"rendered":"<p>No \u0161\u0101 gada 1. janv\u0101ra\u00a0\u0136\u012bn\u0101 ir\u00a0atcelti nodok\u013cu atvieglojumi kontracepcijas l\u012bdzek\u013ciem. K\u0101 nor\u0101d\u012bja zi\u0146u a\u0123ent\u016bra &#8220;Reuters&#8221;, \u0161\u0101ds solis ir da\u013ca no \u0136\u012bnas vald\u012bbas pas\u0101kumiem dzimst\u012bbas veicin\u0101\u0161anai. Saska\u0146\u0101 ar jauno k\u0101rt\u012bbu kontracepcijas tabletes un prezervat\u012bvi valst\u012b tiek aplikti ar 13 % pievienot\u0101s v\u0113rt\u012bbas nodok\u013ca (PVN) likmi.<\/p>\n<p>Nodok\u013cu atvieglojumi kontracepcijas l\u012bdzek\u013ciem \u0136\u012bn\u0101 tika piem\u0113roti aptuveni 30 gadu garum\u0101. Tie tika ieviesti laik\u0101, kad valst\u012b cent\u0101s ierobe\u017eot iedz\u012bvot\u0101ju skaita pieaugumu. 2025. gad\u0101 \u0136\u012bnas iedz\u012bvot\u0101ju skaits samazin\u0101jies tre\u0161o gadu p\u0113c k\u0101rtas, un \u0161\u012b iemesla d\u0113\u013c vald\u012bba \u012bsteno da\u017e\u0101dus pas\u0101kumus dzimst\u012bbas veicin\u0101\u0161anai, tostarp kampa\u0146as, kas populariz\u0113 st\u0101\u0161anos laul\u012bb\u0101.<\/p>\n<p>M\u0113\u0123in\u0101jumi palielin\u0101t dzimst\u012bbu \u0136\u012bn\u0101 notiek kop\u0161 2010. gada\u00a0vidus. Pirms tam gandr\u012bz 40 gadus valst\u012b tika \u012bstenota t\u0101 d\u0113v\u0113t\u0101 &#8220;viena \u0123imene \u2013 viens b\u0113rns&#8221; politika.<\/p>\n<p>                    Valodas k\u013c\u016bda rakst\u0101?<\/p>\n<p class=\"d-none d-md-block\">Iez\u012bm\u0113jiet tekstu un spiediet Ctrl+Enter, lai nos\u016bt\u012btu labojamo teksta fragmentu redaktoram! Par faktu k\u013c\u016bd\u0101m l\u016bdzam zi\u0146ot e-past\u0101 <a href=\"https:\/\/www.lsm.lv\/cdn-cgi\/l\/email-protection\" class=\"__cf_email__\" data-cfemail=\"bac8dfdedbd1d9d3d0dbfad6c9d794d6cc\" rel=\"nofollow noopener\" target=\"_blank\">[email\u00a0protected]<\/a>.<\/p>\n<p class=\"d-md-none\">Iez\u012bm\u0113jiet tekstu un spiediet uz Zi\u0146ot par k\u013c\u016bdu pogas, lai nos\u016bt\u012btu labojamo teksta fragmentu redaktoram!<\/p>\n<p>\n                    Zi\u0146ot par k\u013c\u016bdu\n                <\/p>\n","protected":false},"excerpt":{"rendered":"No \u0161\u0101 gada 1. janv\u0101ra\u00a0\u0136\u012bn\u0101 ir\u00a0atcelti nodok\u013cu atvieglojumi kontracepcijas l\u012bdzek\u013ciem. K\u0101 nor\u0101d\u012bja zi\u0146u a\u0123ent\u016bra &#8220;Reuters&#8221;, \u0161\u0101ds solis ir&hellip;\n","protected":false},"author":2,"featured_media":95738,"comment_status":"","ping_status":"","sticky":false,"template":"","format":"standard","meta":{"footnotes":""},"categories":[14],"tags":[23,57,28,29,32,33,22,30,31,35,39,38,36,37,34,40,20,26,27,24,25,54,55,56,21,58],"class_list":{"0":"post-95737","1":"post","2":"type-post","3":"status-publish","4":"format-standard","5":"has-post-thumbnail","7":"category-zinas-no-arvalstim","8":"tag-aktualitates","9":"tag-arvalstim","10":"tag-breaking-news","11":"tag-breakingnews","12":"tag-featured-news","13":"tag-featurednews","14":"tag-headlines","15":"tag-latest-news","16":"tag-latestnews","17":"tag-latvia","18":"tag-latvian","19":"tag-latviesu","20":"tag-latviesu-valoda","21":"tag-latviesuvaloda","22":"tag-latvija","23":"tag-lv","24":"tag-news","25":"tag-popularakas-zinas","26":"tag-popularakaszinas","27":"tag-top-stories","28":"tag-topstories","29":"tag-world","30":"tag-world-news","31":"tag-worldnews","32":"tag-zinas","33":"tag-zinas-no-arvalstim"},"share_on_mastodon":{"url":"https:\/\/pubeurope.com\/@lv\/115846183837013424","error":""},"_links":{"self":[{"href":"https:\/\/www.europesays.com\/lv\/wp-json\/wp\/v2\/posts\/95737","targetHints":{"allow":["GET"]}}],"collection":[{"href":"https:\/\/www.europesays.com\/lv\/wp-json\/wp\/v2\/posts"}],"about":[{"href":"https:\/\/www.europesays.com\/lv\/wp-json\/wp\/v2\/types\/post"}],"author":[{"embeddable":true,"href":"https:\/\/www.europesays.com\/lv\/wp-json\/wp\/v2\/users\/2"}],"replies":[{"embeddable":true,"href":"https:\/\/www.europesays.com\/lv\/wp-json\/wp\/v2\/comments?post=95737"}],"version-history":[{"count":0,"href":"https:\/\/www.europesays.com\/lv\/wp-json\/wp\/v2\/posts\/95737\/revisions"}],"wp:featuredmedia":[{"embeddable":true,"href":"https:\/\/www.europesays.com\/lv\/wp-json\/wp\/v2\/media\/95738"}],"wp:attachment":[{"href":"https:\/\/www.europesays.com\/lv\/wp-json\/wp\/v2\/media?parent=95737"}],"wp:term":[{"taxonomy":"category","embeddable":true,"href":"https:\/\/www.europesays.com\/lv\/wp-json\/wp\/v2\/categories?post=95737"},{"taxonomy":"post_tag","embeddable":true,"href":"https:\/\/www.europesays.com\/lv\/wp-json\/wp\/v2\/tags?post=95737"}],"curies":[{"name":"wp","href":"https:\/\/api.w.org\/{rel}","templated":true}]}}