{"id":95764,"date":"2026-01-06T05:01:10","date_gmt":"2026-01-06T05:01:10","guid":{"rendered":"https:\/\/www.europesays.com\/lv\/95764\/"},"modified":"2026-01-06T05:01:10","modified_gmt":"2026-01-06T05:01:10","slug":"otrdien-daudzviet-gaidams-neliels-sniegs-1188-lv","status":"publish","type":"post","link":"https:\/\/www.europesays.com\/lv\/95764\/","title":{"rendered":"Otrdien daudzviet gaid\u0101ms neliels sniegs &#8211; 1188.lv"},"content":{"rendered":"<ol>\n<li><a href=\"https:\/\/news.google.com\/rss\/articles\/CBMifEFVX3lxTFB6dEdERTFzZUZ1RW5jcXY4dkNjdzN4SEN4QkhPb3ZrRzlrSGxJVWtYSUVVZzQ3Z3JzNTJNSDRJdWNPc0JlOUV3UTBBeS1xQzBTR1RreHdSYTBRSGJkUzdUOW1pejVFZkVsWGR1RkxlVWdsQkZ4emFkNW5sc1k?oc=5\" target=\"_blank\" rel=\"nofollow noopener\">Otrdien daudzviet gaid\u0101ms neliels sniegs<\/a>&nbsp;&nbsp;1188.lv<\/li>\n<li><a href=\"https:\/\/news.google.com\/rss\/articles\/CBMirgFBVV95cUxQb2NmUU5sWWR2b2VGekFnQW5WaFF1SUpJMEJGNWlhVWNwQXNkUGhXUjk0b2FXTDhjZGhDZ24weU9yaHlIT3ZFLWIxXzNXWkpEVlpUUFphSGJXZ1F2Z1N1cXpTenNSVkJ1bUNTTzAxOHAxQlRSTTBCUzBnQUFEQ192aFlHRllvUTBvQXZjOUxXbmdROFNfY0FwTzJOOWhNYWFEZkYtSHh6LWR3bTVXWXc?oc=5\" target=\"_blank\" rel=\"nofollow noopener\">Ned\u0113\u013cas otraj\u0101 pus\u0113 sals pastiprin\u0101sies \/ Raksts<\/a>&nbsp;&nbsp;LSM<\/li>\n<li><a href=\"https:\/\/news.google.com\/rss\/articles\/CBMikgFBVV95cUxNWjVrM3Q2d3dqNmJjcC1BOWZwMWlDS3NvR2ZtekowVXlYYzlCRjlSX19oWkVxRV8xTUVnQ2ltcmFiUWZYQUFtbjdZUHhhSzFVb1V0b2JiX0wtbjdTOTlpRzhfVmlxVHVOOG56eVRrSkUzV193ZktlYXNrVkVjaVRnc0VXYk51dXZEOFhDc0Y3VnhHdw?oc=5\" target=\"_blank\" rel=\"nofollow noopener\">Sinopti\u0137i n\u0101k klaj\u0101 ar laika prognozi n\u0101kamajai ned\u0113\u013cai<\/a>&nbsp;&nbsp;TVNET &#8211; Laika zi\u0146as<\/li>\n<li><a href=\"https:\/\/news.google.com\/rss\/articles\/CBMirwFBVV95cUxNTGZseGZSTzdiZDl6dG9nYWJyMTFFWnRZR3p4OVVGYmZ0T1RXX1hKcU1IRUE5dUxTQTFFZGVsNDJaZ0hTUEZHWmZoY3Vic29WNDhPUjlEczZSR2EwNzFmVG90LTdEVzJpLUpOcHh6R05nYlRDcGVJcjZZM3UxbTVCRkVoQTJ2NzhHcWlKdFNVMWd1RW9jX2oyS2dReGZPVFVmcHJ3am5xaVFTMG9sY25z?oc=5\" target=\"_blank\" rel=\"nofollow noopener\">N\u0101kamned\u0113\u013c atgriez\u012bsies sals un sniega sega sabiez\u0113s<\/a>&nbsp;&nbsp;Delfi<\/li>\n<li><a href=\"https:\/\/news.google.com\/rss\/articles\/CBMie0FVX3lxTFBhZ0F6ZFNrdC1KRVM3OF85V3R4YXZYNUdtQVpYT1NoazJXMUJmNktqQVpDRG1UT3ZRWGVKdFc0SGNibWdFWUNBWWZGZ1g1UFgwYlc5aDFLcW5STTlyQWNXQVdqVktaLUhzb2Zsam5xNFZfbDdrWUE0YTRoMA?oc=5\" target=\"_blank\" rel=\"nofollow noopener\">N\u0101kamned\u0113\u013c izjut\u012bsim \u012bstu ziemu vis\u0101s izpausm\u0113s<\/a>&nbsp;&nbsp;NRA<\/li>\n<\/ol>\n","protected":false},"excerpt":{"rendered":"Otrdien daudzviet gaid\u0101ms neliels sniegs&nbsp;&nbsp;1188.lv Ned\u0113\u013cas otraj\u0101 pus\u0113 sals pastiprin\u0101sies \/ Raksts&nbsp;&nbsp;LSM Sinopti\u0137i n\u0101k klaj\u0101 ar laika prognozi&hellip;\n","protected":false},"author":2,"featured_media":95765,"comment_status":"","ping_status":"","sticky":false,"template":"","format":"standard","meta":{"footnotes":""},"categories":[12],"tags":[129,1395,3333,23,28,29,32,33,22,30,31,35,39,38,36,37,34,40,20,26,27,3334,1396,3335,1397,24,25,21],"class_list":{"0":"post-95764","1":"post","2":"type-post","3":"status-publish","4":"format-standard","5":"has-post-thumbnail","7":"category-latvija","8":"tag-__typenameadvicekeyword","9":"tag-id408","10":"tag-id563","11":"tag-aktualitates","12":"tag-breaking-news","13":"tag-breakingnews","14":"tag-featured-news","15":"tag-featurednews","16":"tag-headlines","17":"tag-latest-news","18":"tag-latestnews","19":"tag-latvia","20":"tag-latvian","21":"tag-latviesu","22":"tag-latviesu-valoda","23":"tag-latviesuvaloda","24":"tag-latvija","25":"tag-lv","26":"tag-news","27":"tag-popularakas-zinas","28":"tag-popularakaszinas","29":"tag-sluglaika-zina","30":"tag-sluglaikapstakli","31":"tag-titlelaika-zina","32":"tag-titlelaikapstakli","33":"tag-top-stories","34":"tag-topstories","35":"tag-zinas"},"share_on_mastodon":{"url":"https:\/\/pubeurope.com\/@lv\/115846400099966488","error":""},"_links":{"self":[{"href":"https:\/\/www.europesays.com\/lv\/wp-json\/wp\/v2\/posts\/95764","targetHints":{"allow":["GET"]}}],"collection":[{"href":"https:\/\/www.europesays.com\/lv\/wp-json\/wp\/v2\/posts"}],"about":[{"href":"https:\/\/www.europesays.com\/lv\/wp-json\/wp\/v2\/types\/post"}],"author":[{"embeddable":true,"href":"https:\/\/www.europesays.com\/lv\/wp-json\/wp\/v2\/users\/2"}],"replies":[{"embeddable":true,"href":"https:\/\/www.europesays.com\/lv\/wp-json\/wp\/v2\/comments?post=95764"}],"version-history":[{"count":0,"href":"https:\/\/www.europesays.com\/lv\/wp-json\/wp\/v2\/posts\/95764\/revisions"}],"wp:featuredmedia":[{"embeddable":true,"href":"https:\/\/www.europesays.com\/lv\/wp-json\/wp\/v2\/media\/95765"}],"wp:attachment":[{"href":"https:\/\/www.europesays.com\/lv\/wp-json\/wp\/v2\/media?parent=95764"}],"wp:term":[{"taxonomy":"category","embeddable":true,"href":"https:\/\/www.europesays.com\/lv\/wp-json\/wp\/v2\/categories?post=95764"},{"taxonomy":"post_tag","embeddable":true,"href":"https:\/\/www.europesays.com\/lv\/wp-json\/wp\/v2\/tags?post=95764"}],"curies":[{"name":"wp","href":"https:\/\/api.w.org\/{rel}","templated":true}]}}