{"id":95768,"date":"2026-01-06T05:09:10","date_gmt":"2026-01-06T05:09:10","guid":{"rendered":"https:\/\/www.europesays.com\/lv\/95768\/"},"modified":"2026-01-06T05:09:10","modified_gmt":"2026-01-06T05:09:10","slug":"atmostas-baltija-ieraksts-bija-vienreizeja-tiksanas-ko-vairs-nav-atkartojusi-lente-lv","status":"publish","type":"post","link":"https:\/\/www.europesays.com\/lv\/95768\/","title":{"rendered":"\u201eAtmostas Baltija\u201d ieraksts bija vienreiz\u0113ja tik\u0161an\u0101s, ko vairs nav atk\u0101rtojusi\u00a0\u2014\u00a0Lente.lv"},"content":{"rendered":"<p>Le\u0123end\u0101r\u0101s dziesmas \u201eAtmostas Baltija\u201d tap\u0161anas aizkulises<\/p>\n<p>Kl\u0101stot par le\u0123end\u0101r\u0101s dziesmas \u201eAtmostas Baltija\u201d tap\u0161anu, komponists Boriss Rez\u0146iks atkl\u0101jis aizraujo\u0161us st\u0101stus par dziesmas rad\u012b\u0161anu, t\u0101s izpild\u012bt\u0101ju mekl\u0113jumiem un unik\u0101lo ieraksta procesu. K\u0101 inform\u0113 port\u0101ls NRA, Rez\u0146iks intervij\u0101 Latvijas Radio pirms diviem gadiem dal\u012bjies atmi\u0146\u0101s par dziesmu, kas k\u013cuva par vienu no Atmodas laika simboliem. Lai gan dziesma bie\u017ei tiek asoci\u0113ta ar \u201eBaltijas ce\u013cu\u201d, t\u0101 tika rad\u012bta gadu iepriek\u0161, 1988. gad\u0101, k\u0101 komponista pa\u0161a iniciat\u012bva, pau\u017eot v\u0113lmi rad\u012bt kaut ko patriotismu un vienot\u012bbu apliecino\u0161u laik\u0101, kad Latvij\u0101 s\u0101k\u0101s Atmoda.<\/p>\n<p>Dziesmas ideja un Valda Pavlovska \u0123eni\u0101lais teksts<\/p>\n<p>Ideja par dziesmu tr\u012bs Baltijas valodu izpild\u012bjum\u0101 rad\u0101s Rez\u0146ika pr\u0101t\u0101, un vi\u0146\u0161 to uztic\u0113ja savam draugam, dzejniekam Valdim Pavlovskim, kur\u0161 sarakst\u012bja dziesmai v\u0101rdus. Rez\u0146iks \u012bpa\u0161i uzsv\u0113ris piedzied\u0101juma noz\u012bmi, kur\u0101 bija j\u0101iek\u013cauj tr\u012bs Baltijas valstu nosaukumi \u2013 \u201eLatvija, Lietuva, Igaunija, kas atmostas\u201d. Abu sadarb\u012bba rezult\u0113j\u0101s ar \u201e\u0123eni\u0101lu\u201d tekstu, kas ide\u0101li sader\u0113ja ar Rez\u0146ika rad\u012bto melodiju, saglab\u0101jot dziesmas ritmiku un pl\u016bdumu.<\/p>\n<p>Solistu mekl\u0113jumi un neaizmirstamais ieraksts<\/p>\n<p>Solistu piemekl\u0113\u0161ana dziesmas izpild\u012b\u0161anai katr\u0101 no Baltijas valodu versij\u0101m nebija vienk\u0101r\u0161a uzdevuma. Viktors Burakovs-Zemgals, kur\u0161 dzied\u0101ja latvie\u0161u valod\u0101, jau bija Rez\u0146ika grupas \u201eEolika\u201d biedrs. Igauniski dzied\u0101t\u0101ju, Tarmo Pihlaps, izdev\u0101s atrast caur pazi\u0146\u0101m Tallin\u0101, savuk\u0101rt lietuvie\u0161u dzied\u0101t\u0101ju \u017dilvinu Bubeli Rez\u0146iks uzmekl\u0113ja R\u012bg\u0101, Padomju armijas karav\u012bru ansambl\u012b \u201eZvaigzn\u012bte\u201d. Komponists atceras, ka \u0161is ieraksts bija vien\u012bg\u0101 reize, kad visi tr\u012bs solisti sastap\u0101s vienuviet. Interesanti, ka taj\u0101 laik\u0101 nebija mobilo telefonu ar fotoapar\u0101tiem, t\u0101p\u0113c no \u0161\u012b v\u0113sturisk\u0101 br\u012b\u017ea nav saglab\u0101ju\u0161\u0101s nevienas fotogr\u0101fijas \u2013 vien atmi\u0146as. Diem\u017e\u0113l p\u0113c dziesmas ierakst\u012b\u0161anas \u017dilvins Bubelis emigr\u0113ja uz ASV, bet Tarmo Pihlaps v\u0113l\u0101k nomira.<\/p>\n<p>\u201eAtmostas Baltija\u201d \u2013 neofici\u0101l\u0101 Baltijas ce\u013ca himna<\/p>\n<p>Lai gan dziesma \u201eAtmostas Baltija\u201d tika rad\u012bta pirms \u201eBaltijas ce\u013ca\u201d akcijas, t\u0101 k\u013cuva par t\u0101s neofici\u0101lo himnu, vienojot cilv\u0113kus un pau\u017eot cer\u012bbu uz br\u012bv\u012bbu un neatkar\u012bbu. Dziesma piedal\u012bj\u0101s \u201eMikrofona 89\u201d aptauj\u0101 un ieguva 3. vietu popul\u0101r\u0101ko dziesmu vid\u016b. T\u0101 joproj\u0101m tiek uzskat\u012bta par vienu no noz\u012bm\u012bg\u0101kaj\u0101m patriotiskaj\u0101m dziesm\u0101m Latvij\u0101, un t\u0101s autors Boriss Rez\u0146iks par saviem nopelniem valsts lab\u0101 1997. gad\u0101 sa\u0146\u0113ma Latvijas pilson\u012bbu.<\/p>\n<p>Komponista Borisa Rez\u0146ika aizie\u0161ana<\/p>\n<p>Komponists Boriss Rez\u0146iks, kur\u0161 bija paz\u012bstams ne tikai k\u0101 dziesmas \u201eAtmostas Baltija\u201d autors, bet ar\u012b k\u0101 grupas \u201eEolika\u201d dibin\u0101t\u0101js un ilggad\u0113js vad\u012bt\u0101js, m\u016b\u017e\u012bb\u0101 devies 2025. gada 31. decembr\u012b p\u0113c ilgsto\u0161as slim\u012bbas. Vi\u0146\u0161 bija viens no Latvijas popul\u0101r\u0101k\u0101s m\u016bzikas celmlau\u017eiem, sacer\u0113jis vair\u0101k nek\u0101 100 dziesmas, tostarp t\u0101dus hitus k\u0101 \u201ePasaule, pasaul\u012bt\u201d, \u201eTu sm\u0113jies sapn\u012b\u201d un \u201eEs neesmu D\u017eeina Fonda\u201d. Rez\u0146iks bija ar\u012b viens no ska\u0146u ierakstu studijas \u201eStudio 55\u201d l\u012bdz\u012bpa\u0161niekiem.<\/p>\n","protected":false},"excerpt":{"rendered":"Le\u0123end\u0101r\u0101s dziesmas \u201eAtmostas Baltija\u201d tap\u0161anas aizkulises Kl\u0101stot par le\u0123end\u0101r\u0101s dziesmas \u201eAtmostas Baltija\u201d tap\u0161anu, komponists Boriss Rez\u0146iks atkl\u0101jis aizraujo\u0161us&hellip;\n","protected":false},"author":2,"featured_media":95769,"comment_status":"","ping_status":"","sticky":false,"template":"","format":"standard","meta":{"footnotes":""},"categories":[19],"tags":[1434,23833,23832,89,90,2752,35,39,38,194,36,37,34,40],"class_list":{"0":"post-95768","1":"post","2":"type-post","3":"status-publish","4":"format-standard","5":"has-post-thumbnail","7":"category-izklaide","8":"tag-atmoda","9":"tag-atmostas-baltija","10":"tag-boriss-rezniks","11":"tag-entertainment","12":"tag-izklaide","13":"tag-komponists","14":"tag-latvia","15":"tag-latvian","16":"tag-latviesu","17":"tag-latviesu-muzika","18":"tag-latviesu-valoda","19":"tag-latviesuvaloda","20":"tag-latvija","21":"tag-lv"},"share_on_mastodon":{"url":"https:\/\/pubeurope.com\/@lv\/115846431580654751","error":""},"_links":{"self":[{"href":"https:\/\/www.europesays.com\/lv\/wp-json\/wp\/v2\/posts\/95768","targetHints":{"allow":["GET"]}}],"collection":[{"href":"https:\/\/www.europesays.com\/lv\/wp-json\/wp\/v2\/posts"}],"about":[{"href":"https:\/\/www.europesays.com\/lv\/wp-json\/wp\/v2\/types\/post"}],"author":[{"embeddable":true,"href":"https:\/\/www.europesays.com\/lv\/wp-json\/wp\/v2\/users\/2"}],"replies":[{"embeddable":true,"href":"https:\/\/www.europesays.com\/lv\/wp-json\/wp\/v2\/comments?post=95768"}],"version-history":[{"count":0,"href":"https:\/\/www.europesays.com\/lv\/wp-json\/wp\/v2\/posts\/95768\/revisions"}],"wp:featuredmedia":[{"embeddable":true,"href":"https:\/\/www.europesays.com\/lv\/wp-json\/wp\/v2\/media\/95769"}],"wp:attachment":[{"href":"https:\/\/www.europesays.com\/lv\/wp-json\/wp\/v2\/media?parent=95768"}],"wp:term":[{"taxonomy":"category","embeddable":true,"href":"https:\/\/www.europesays.com\/lv\/wp-json\/wp\/v2\/categories?post=95768"},{"taxonomy":"post_tag","embeddable":true,"href":"https:\/\/www.europesays.com\/lv\/wp-json\/wp\/v2\/tags?post=95768"}],"curies":[{"name":"wp","href":"https:\/\/api.w.org\/{rel}","templated":true}]}}