{"id":95780,"date":"2026-01-06T05:21:06","date_gmt":"2026-01-06T05:21:06","guid":{"rendered":"https:\/\/www.europesays.com\/lv\/95780\/"},"modified":"2026-01-06T05:21:06","modified_gmt":"2026-01-06T05:21:06","slug":"arturs-brunavs-apstiprina-vina-lauliba-ar-samantu-tinu-ir-oficiali-skirta","status":"publish","type":"post","link":"https:\/\/www.europesays.com\/lv\/95780\/","title":{"rendered":"Art\u016brs Brunavs apstiprina &#8211; vi\u0146a laul\u012bba ar Samantu T\u012bnu ir ofici\u0101li \u0161\u0137irta"},"content":{"rendered":"<p>Art\u016brs sarun\u0101 ar \u017eurn\u0101lu nesl\u0113pj sar\u016bgtin\u0101jumu, ka \u0123imeni nav izdevies nosarg\u0101t. Vaic\u0101ts pa agresijas izpausm\u0113m par kur\u0101m z\u012bm\u012bgi izteikusies Samanta, Art\u016brs saka:<\/p>\n<p>&#8220;Ja t\u0101s ir emocijas, k\u0101das Samanta izj\u016bt, t\u0101tad vi\u0146a t\u0101 j\u016btas. No savas puses varu teikt, ka, manupr\u0101t, <a href=\"https:\/\/sejas.tvnet.lv\/term\/556473\/samanta-tina\" class=\"topicLink\" target=\"_blank\" rel=\"nofollow noopener\">Samanta T\u012bna<\/a> ir \u013coti talant\u012bgs cilv\u0113ks, vi\u0146ai ir lieliska balss, profesion\u0101la m\u016bzi\u0137e.<\/p>\n<blockquote class=\"quote ck-widget\" contenteditable=\"false\">\n<p>Diem\u017e\u0113l m\u016bsu ce\u013ci nu ir \u0161\u0137irti, un laul\u012bba \u0161\u0137irta ofici\u0101li,&#8221; atkl\u0101ts ir Art\u016brs.&#8217;<\/p>\n<\/blockquote>\n<p>Atg\u0101din\u0101m, ka 30. decembr\u012b Samanta soci\u0101laj\u0101 vietn\u0113 &#8220;Instagram&#8221; public\u0113ja video, kur\u0101, k\u0101 noprotams, pazi\u0146o par savas laul\u012bbas \u0161\u0137ir\u0161anu. Taj\u0101 redzams, k\u0101 dzied\u0101t\u0101ja novelk no pirksta laul\u012bbas gredzenu un atst\u0101j to uz galda.<\/p>\n<p>&#8220;Paldies par visu skaisto, ta\u010du ne visi ir tie, par ko s\u0101kotn\u0113ji izliekas.<br \/>Agresijas jebkura izpausme nav pamats dro\u0161\u012bbai! Punkts. L\u016bdzu, cieniet manu priv\u0101tumu, s\u012bk\u0101kus koment\u0101rus nesnieg\u0161u nevienam,&#8221; teikts ierakst\u0101.<\/p>\n<p>Atg\u0101din\u0101m, ka Samanta un Art\u016brs apprec\u0113j\u0101s 2023. gada 29. decembr\u012b. Pirms tam abi divus gadus iepazinu\u0161ies un sarakst\u012bju\u0161ies soci\u0101lajos t\u012bklos.<\/p>\n<p>Vair\u0101k lasi \u017eurn\u0101la &#8221;Kas Jauns&#8221; 6. janv\u0101ra numur\u0101!<\/p>\n","protected":false},"excerpt":{"rendered":"Art\u016brs sarun\u0101 ar \u017eurn\u0101lu nesl\u0113pj sar\u016bgtin\u0101jumu, ka \u0123imeni nav izdevies nosarg\u0101t. Vaic\u0101ts pa agresijas izpausm\u0113m par kur\u0101m z\u012bm\u012bgi&hellip;\n","protected":false},"author":2,"featured_media":95781,"comment_status":"","ping_status":"","sticky":false,"template":"","format":"standard","meta":{"footnotes":""},"categories":[19],"tags":[89,90,35,39,38,36,37,34,40,7222,3434],"class_list":{"0":"post-95780","1":"post","2":"type-post","3":"status-publish","4":"format-standard","5":"has-post-thumbnail","7":"category-izklaide","8":"tag-entertainment","9":"tag-izklaide","10":"tag-latvia","11":"tag-latvian","12":"tag-latviesu","13":"tag-latviesu-valoda","14":"tag-latviesuvaloda","15":"tag-latvija","16":"tag-lv","17":"tag-samanta-tina","18":"tag-skirsanas"},"share_on_mastodon":{"url":"https:\/\/pubeurope.com\/@lv\/115846478714168409","error":""},"_links":{"self":[{"href":"https:\/\/www.europesays.com\/lv\/wp-json\/wp\/v2\/posts\/95780","targetHints":{"allow":["GET"]}}],"collection":[{"href":"https:\/\/www.europesays.com\/lv\/wp-json\/wp\/v2\/posts"}],"about":[{"href":"https:\/\/www.europesays.com\/lv\/wp-json\/wp\/v2\/types\/post"}],"author":[{"embeddable":true,"href":"https:\/\/www.europesays.com\/lv\/wp-json\/wp\/v2\/users\/2"}],"replies":[{"embeddable":true,"href":"https:\/\/www.europesays.com\/lv\/wp-json\/wp\/v2\/comments?post=95780"}],"version-history":[{"count":0,"href":"https:\/\/www.europesays.com\/lv\/wp-json\/wp\/v2\/posts\/95780\/revisions"}],"wp:featuredmedia":[{"embeddable":true,"href":"https:\/\/www.europesays.com\/lv\/wp-json\/wp\/v2\/media\/95781"}],"wp:attachment":[{"href":"https:\/\/www.europesays.com\/lv\/wp-json\/wp\/v2\/media?parent=95780"}],"wp:term":[{"taxonomy":"category","embeddable":true,"href":"https:\/\/www.europesays.com\/lv\/wp-json\/wp\/v2\/categories?post=95780"},{"taxonomy":"post_tag","embeddable":true,"href":"https:\/\/www.europesays.com\/lv\/wp-json\/wp\/v2\/tags?post=95780"}],"curies":[{"name":"wp","href":"https:\/\/api.w.org\/{rel}","templated":true}]}}