{"id":95782,"date":"2026-01-06T05:24:15","date_gmt":"2026-01-06T05:24:15","guid":{"rendered":"https:\/\/www.europesays.com\/lv\/95782\/"},"modified":"2026-01-06T05:24:15","modified_gmt":"2026-01-06T05:24:15","slug":"zelenskis-nomainijis-ukrainas-drosibas-dienesta-vaditaju-1188-lv","status":"publish","type":"post","link":"https:\/\/www.europesays.com\/lv\/95782\/","title":{"rendered":"Zelenskis nomain\u012bjis Ukrainas Dro\u0161\u012bbas dienesta vad\u012bt\u0101ju &#8211; 1188.lv"},"content":{"rendered":"<ol>\n<li><a href=\"https:\/\/news.google.com\/rss\/articles\/CBMikgFBVV95cUxQSDd6TUhPMzJKRGhPbTRGWkdDbzJsZ3BBN1FkR0VQNzNGTVEzQVpIS2E0TUhFeXB5UlZHZHUza3Z3czY5b3JwNk9raEJHUWtidjlDVzhuU1FwYXAzOHlVeHhBVXpGRzc1X3c5Q2NqMWt1bEtvNFdCTHROeXFjX0FhUlUwNUlSYTJJNzViRERGM2REZw?oc=5\" target=\"_blank\" rel=\"nofollow noopener\">Zelenskis nomain\u012bjis Ukrainas Dro\u0161\u012bbas dienesta vad\u012bt\u0101ju<\/a>&nbsp;&nbsp;1188.lv<\/li>\n<li><a href=\"https:\/\/news.google.com\/rss\/articles\/CBMiuAFBVV95cUxQZzBZV1plV2hpSXRrNnBVeTlobVZVNTF0Q0NVSElaalQ3azNacWZQU1Q5WjZtYWYwbDRKY3JHMW5YcS1RRjd3bVdkUEhkdmFWazBOLXdJQnlYY243ZjBrcmJsWDhKRFBsWmRxTU1RQUdSc3doSjMyQTktTmZRWWJVTUVDYnlxMW9uOFVJeld2X0hWZl9RUkRPVlBUMG8wWVVTMl9MSHBpd0RkUnBWX2c0RGNtMUVKYW85?oc=5\" target=\"_blank\" rel=\"nofollow noopener\">Zelenskis turpina v\u0113rien\u012bgas kadru p\u0101rb\u012bdes valsts vad\u012bb\u0101 \/ Raksts<\/a>&nbsp;&nbsp;LSM<\/li>\n<li><a href=\"https:\/\/news.google.com\/rss\/articles\/CBMilwFBVV95cUxONlRibGo0c1dJa3hTVjhScWd1QnVHbk94di1YckRSQVc2SlVOSW80TjZpZzY2Z0NSbEd0TVpYdjVCUFNrZTNpbnRYei1VWllBckFFMUFRWlJITHNCSlNDVXlLZWNQbGRaUk9ObktyaUJQTURtQ29HeElRWkhfMkxWMFdPY0JTaWczZTVXTXVOb1ZzTDdBc1I4?oc=5\" target=\"_blank\" rel=\"nofollow noopener\">Mihailo Fjodorovs k\u013c\u016bs par jauno Ukrainas aizsardz\u012bbas ministru<\/a>&nbsp;&nbsp;TVNET<\/li>\n<li><a href=\"https:\/\/news.google.com\/rss\/articles\/CBMiugFBVV95cUxNd2RqSEFEbzMtRS1KeUxoUUFvT0xvMnhNdUVPeXU3TUxxSTBEYmhQNWVNdVA1dF9faFlSbTNzQ1ZURnhPWEVJeUJLMVVPSl9JdmZhM2J3WVF0TzJvWDJ4LVBSVDRRWXNmVFJzS29jS0dJajhCVXo0OXBkNGtoQ09pSEQtaVRGNFRQLVNreWVCdUo2a0VOYjFVeVBkdjZZVVU2YnVuVkI0TzZTdlI0Y0lzWDNkMFQ5Z3dsYkE?oc=5\" target=\"_blank\" rel=\"nofollow noopener\">Zelenskis prezidenta kancelejas vad\u012bt\u0101ja amat\u0101 iec\u0113lis Kirilo Budanovu<\/a>&nbsp;&nbsp;Delfi<\/li>\n<li><a href=\"https:\/\/news.google.com\/rss\/articles\/CBMivgFBVV95cUxPRGU5Zkx5SklPa1dqanpPUGFzVXJXNHRNZXdmY1hXbndkM2R1cDcxalRqRlR1NTFqOUxiZFJQaDNkSmdlbDBabE5HbWtkU0lRTFFLdmdwcW9PZ2dPaUxiZ1VRdTJ6eF9Wc0JoQmx4TENpMld4RklQZVJyMmVzOTYzR3RPMlhUWVQzVXlXZXFyaG1LX1QtQ1lfV0I5RmFUREhueVQ4LTU3bkNfZk40eGc3VWhnRjNvQlUzX3dZbDR3?oc=5\" target=\"_blank\" rel=\"nofollow noopener\">Gatavojoties miera sarun\u0101m, Zelenskis veic &#8220;t\u012br\u012b\u0161anu&#8221; specdienestos un administr\u0101cij\u0101<\/a>&nbsp;&nbsp;Jauns.lv<\/li>\n<\/ol>\n","protected":false},"excerpt":{"rendered":"Zelenskis nomain\u012bjis Ukrainas Dro\u0161\u012bbas dienesta vad\u012bt\u0101ju&nbsp;&nbsp;1188.lv Zelenskis turpina v\u0113rien\u012bgas kadru p\u0101rb\u012bdes valsts vad\u012bb\u0101 \/ Raksts&nbsp;&nbsp;LSM Mihailo Fjodorovs k\u013c\u016bs&hellip;\n","protected":false},"author":2,"featured_media":95783,"comment_status":"","ping_status":"","sticky":false,"template":"","format":"standard","meta":{"footnotes":""},"categories":[14],"tags":[129,470,473,23,57,28,29,32,33,22,30,31,35,39,38,36,37,34,40,20,26,27,471,474,472,475,24,25,54,55,56,21,58],"class_list":{"0":"post-95782","1":"post","2":"type-post","3":"status-publish","4":"format-standard","5":"has-post-thumbnail","7":"category-zinas-no-arvalstim","8":"tag-__typenameadvicekeyword","9":"tag-id532","10":"tag-id549","11":"tag-aktualitates","12":"tag-arvalstim","13":"tag-breaking-news","14":"tag-breakingnews","15":"tag-featured-news","16":"tag-featurednews","17":"tag-headlines","18":"tag-latest-news","19":"tag-latestnews","20":"tag-latvia","21":"tag-latvian","22":"tag-latviesu","23":"tag-latviesu-valoda","24":"tag-latviesuvaloda","25":"tag-latvija","26":"tag-lv","27":"tag-news","28":"tag-popularakas-zinas","29":"tag-popularakaszinas","30":"tag-slugkars-ukraina","31":"tag-slugkrievijas-iebrukums-ukraina","32":"tag-titlekars-ukraina","33":"tag-titlekrievijas-iebrukums-ukraina","34":"tag-top-stories","35":"tag-topstories","36":"tag-world","37":"tag-world-news","38":"tag-worldnews","39":"tag-zinas","40":"tag-zinas-no-arvalstim"},"share_on_mastodon":{"url":"","error":"Validation failed: Text character limit of 500 exceeded"},"_links":{"self":[{"href":"https:\/\/www.europesays.com\/lv\/wp-json\/wp\/v2\/posts\/95782","targetHints":{"allow":["GET"]}}],"collection":[{"href":"https:\/\/www.europesays.com\/lv\/wp-json\/wp\/v2\/posts"}],"about":[{"href":"https:\/\/www.europesays.com\/lv\/wp-json\/wp\/v2\/types\/post"}],"author":[{"embeddable":true,"href":"https:\/\/www.europesays.com\/lv\/wp-json\/wp\/v2\/users\/2"}],"replies":[{"embeddable":true,"href":"https:\/\/www.europesays.com\/lv\/wp-json\/wp\/v2\/comments?post=95782"}],"version-history":[{"count":0,"href":"https:\/\/www.europesays.com\/lv\/wp-json\/wp\/v2\/posts\/95782\/revisions"}],"wp:featuredmedia":[{"embeddable":true,"href":"https:\/\/www.europesays.com\/lv\/wp-json\/wp\/v2\/media\/95783"}],"wp:attachment":[{"href":"https:\/\/www.europesays.com\/lv\/wp-json\/wp\/v2\/media?parent=95782"}],"wp:term":[{"taxonomy":"category","embeddable":true,"href":"https:\/\/www.europesays.com\/lv\/wp-json\/wp\/v2\/categories?post=95782"},{"taxonomy":"post_tag","embeddable":true,"href":"https:\/\/www.europesays.com\/lv\/wp-json\/wp\/v2\/tags?post=95782"}],"curies":[{"name":"wp","href":"https:\/\/api.w.org\/{rel}","templated":true}]}}