{"id":95792,"date":"2026-01-06T05:33:10","date_gmt":"2026-01-06T05:33:10","guid":{"rendered":"https:\/\/www.europesays.com\/lv\/95792\/"},"modified":"2026-01-06T05:33:10","modified_gmt":"2026-01-06T05:33:10","slug":"horoskops-otrdienai-6-janvarim","status":"publish","type":"post","link":"https:\/\/www.europesays.com\/lv\/95792\/","title":{"rendered":"Horoskops otrdienai, 6. janv\u0101rim"},"content":{"rendered":"<p>Dienas horoskops: \u0160odien jut\u012bsies l\u012bdzsvarots un diplom\u0101tisks. Vari atrisin\u0101t sarunu, kas ilgi atlikta. Vakars piem\u0113rots mier\u012bgai atmosf\u0113rai.<br \/>M\u012blest\u012bba un karjera: Attiec\u012bb\u0101s vald\u012bs maigums un sapratne. Partneris sajut\u012bs tavu mieru. Darb\u0101 pan\u0101kumi n\u0101ks ar sadarb\u012bbu. Pan\u0101kumi b\u016bs l\u012bdzsvar\u0101.<\/p>\n<p>Dienas horoskops: Intu\u012bcija b\u016bs sp\u0113c\u012bga un prec\u012bza. Vari pie\u0146emt svar\u012bgu l\u0113mumu vai ieraudz\u012bt situ\u0101ciju dzi\u013c\u0101k. Vakars piem\u0113rots klus\u0101m p\u0101rdom\u0101m.<br \/>M\u012blest\u012bba un karjera: Attiec\u012bb\u0101s vald\u012bs patiesums un intensit\u0101te. Partneris nov\u0113rt\u0113s tavu god\u012bgumu. Darb\u0101 pan\u0101kumi n\u0101ks ar koncentr\u0113\u0161anos. Pan\u0101kumi b\u016bs skaidr\u012bb\u0101.<\/p>\n<p>Dienas horoskops: Diena ienes\u012bs optimismu un kust\u012bbu. Vari uzs\u0101kt pl\u0101nu, kas tevi iedvesmo. Nep\u0101rsp\u012bl\u0113 ar sol\u012bjumiem. Vakars b\u016bs viegls.<br \/>M\u012blest\u012bba un karjera: Attiec\u012bb\u0101s vald\u012bs br\u012bv\u012bba un smaids. Partneris nov\u0113rt\u0113s tavu atkl\u0101t\u012bbu. Darb\u0101 pan\u0101kumi n\u0101ks ar iedvesmu. Pan\u0101kumi b\u016bs iesp\u0113j\u0101s.<\/p>\n<p>Dienas horoskops: \u0160odien b\u016bsi disciplin\u0113ts un nosv\u0113rts. Vari paveikt daudz, ja saglab\u0101si mieru. Vakars piem\u0113rots atelpai.<br \/>M\u012blest\u012bba un karjera: Attiec\u012bb\u0101s vald\u012bs uztic\u012bba un dro\u0161\u012bba. Partneris sajut\u012bs tavu atbalstu. Darb\u0101 pan\u0101kumi n\u0101ks ar paciet\u012bbu. Pan\u0101kumi b\u016bs iztur\u012bb\u0101.<\/p>\n<p>Dienas horoskops: Pr\u0101ts b\u016bs atv\u0113rts jaun\u0101m idej\u0101m. Laba diena rado\u0161iem risin\u0101jumiem un sarun\u0101m. Vakars piem\u0113rots domu apmai\u0146ai.<br \/>M\u012blest\u012bba un karjera: Attiec\u012bb\u0101s vald\u012bs atkl\u0101t\u012bba un ori\u0123inalit\u0101te. Partneris nov\u0113rt\u0113s tavu skat\u012bjumu. Darb\u0101 pan\u0101kumi n\u0101ks ar rado\u0161umu. Pan\u0101kumi b\u016bs idej\u0101s.<\/p>\n<p>Dienas horoskops: Diena b\u016bs maiga un intuit\u012bva. Vari piev\u0113rsties rado\u0161umam vai iek\u0161\u0113jam l\u012bdzsvaram. Vakars b\u016bs mier\u012bgs.<br \/>M\u012blest\u012bba un karjera: Attiec\u012bb\u0101s vald\u012bs emp\u0101tija un sirsn\u012bba. Partneris sajut\u012bs tavu sirds siltumu. Darb\u0101 seko intu\u012bcijai. Pan\u0101kumi b\u016bs saska\u0146\u0101 ar sirdi.<\/p>\n<p>Teksts rad\u012bts ar m\u0101ksl\u012bg\u0101 intelekta pal\u012bdz\u012bbu un ir redaktora p\u0101rbaud\u012bts.<\/p>\n","protected":false},"excerpt":{"rendered":"Dienas horoskops: \u0160odien jut\u012bsies l\u012bdzsvarots un diplom\u0101tisks. Vari atrisin\u0101t sarunu, kas ilgi atlikta. Vakars piem\u0113rots mier\u012bgai atmosf\u0113rai.M\u012blest\u012bba un&hellip;\n","protected":false},"author":2,"featured_media":95793,"comment_status":"","ping_status":"","sticky":false,"template":"","format":"standard","meta":{"footnotes":""},"categories":[19],"tags":[89,760,562,90,35,39,38,36,37,34,40],"class_list":{"0":"post-95792","1":"post","2":"type-post","3":"status-publish","4":"format-standard","5":"has-post-thumbnail","7":"category-izklaide","8":"tag-entertainment","9":"tag-horoskopi","10":"tag-horoskops","11":"tag-izklaide","12":"tag-latvia","13":"tag-latvian","14":"tag-latviesu","15":"tag-latviesu-valoda","16":"tag-latviesuvaloda","17":"tag-latvija","18":"tag-lv"},"share_on_mastodon":{"url":"https:\/\/pubeurope.com\/@lv\/115846525966426210","error":""},"_links":{"self":[{"href":"https:\/\/www.europesays.com\/lv\/wp-json\/wp\/v2\/posts\/95792","targetHints":{"allow":["GET"]}}],"collection":[{"href":"https:\/\/www.europesays.com\/lv\/wp-json\/wp\/v2\/posts"}],"about":[{"href":"https:\/\/www.europesays.com\/lv\/wp-json\/wp\/v2\/types\/post"}],"author":[{"embeddable":true,"href":"https:\/\/www.europesays.com\/lv\/wp-json\/wp\/v2\/users\/2"}],"replies":[{"embeddable":true,"href":"https:\/\/www.europesays.com\/lv\/wp-json\/wp\/v2\/comments?post=95792"}],"version-history":[{"count":0,"href":"https:\/\/www.europesays.com\/lv\/wp-json\/wp\/v2\/posts\/95792\/revisions"}],"wp:featuredmedia":[{"embeddable":true,"href":"https:\/\/www.europesays.com\/lv\/wp-json\/wp\/v2\/media\/95793"}],"wp:attachment":[{"href":"https:\/\/www.europesays.com\/lv\/wp-json\/wp\/v2\/media?parent=95792"}],"wp:term":[{"taxonomy":"category","embeddable":true,"href":"https:\/\/www.europesays.com\/lv\/wp-json\/wp\/v2\/categories?post=95792"},{"taxonomy":"post_tag","embeddable":true,"href":"https:\/\/www.europesays.com\/lv\/wp-json\/wp\/v2\/tags?post=95792"}],"curies":[{"name":"wp","href":"https:\/\/api.w.org\/{rel}","templated":true}]}}