{"id":95811,"date":"2026-01-06T05:58:19","date_gmt":"2026-01-06T05:58:19","guid":{"rendered":"https:\/\/www.europesays.com\/lv\/95811\/"},"modified":"2026-01-06T05:58:19","modified_gmt":"2026-01-06T05:58:19","slug":"martins-lavins-un-ncaa-komanda-zaude-spenglera-kausa-finala-lente-lv","status":"publish","type":"post","link":"https:\/\/www.europesays.com\/lv\/95811\/","title":{"rendered":"Martins Lavi\u0146\u0161 un NCAA komanda zaud\u0113 \u0160penglera kausa fin\u0101l\u0101\u00a0\u2014\u00a0Lente.lv"},"content":{"rendered":"<p>Latvie\u0161a komanda nevar p\u0101rvar\u0113t m\u0101jiniekus fin\u0101l\u0101<\/p>\n<p>Latvijas hokeja uzbruc\u0113js Martins Lavi\u0146\u0161 tre\u0161dien, 2025. gada 31. decembr\u012b, kop\u0101 ar ASV Nacion\u0101l\u0101s koled\u017eu sporta asoci\u0101cijas (NCAA) komandu piedz\u012bvoja zaud\u0113jumu presti\u017e\u0101 \u0160penglera kausa izc\u012b\u0146as fin\u0101l\u0101. NCAA vien\u012bba fin\u0101lsp\u0113l\u0113 ar rezult\u0101tu 3:6 piek\u0101p\u0101s turn\u012bra saimniekiem no Davos\u0101.<\/p>\n<p>Sp\u0113le norisin\u0101j\u0101s spraig\u0101 c\u012b\u0146\u0101, un p\u0113c pirmaj\u0101m div\u0101m tre\u0161da\u013c\u0101m rezult\u0101ts bija neiz\u0161\u0137irts 3:3. Tom\u0113r iz\u0161\u0137iro\u0161aj\u0101 tre\u0161da\u013c\u0101 m\u0101jinieku komandai izdev\u0101s g\u016bt virsroku. Uzvaru neso\u0161os v\u0101rtus g\u016bstot nepilnas piecas min\u016btes pirms pamatlaika beig\u0101m, prec\u012bzs bija Filips Zadins. V\u0113l\u0101k Enco Korvi dubultoja p\u0101rsvaru, un sp\u0113les beig\u0101s ripu tuk\u0161os v\u0101rtos raid\u012bja Matejs. Martins Lavi\u0146\u0161 sp\u0113l\u0113ja devi\u0146as min\u016btes un 18 sekundes, nosl\u0113dzot ma\u010du ar neitr\u0101lu lietder\u012bbas koeficientu.<\/p>\n<p>Ce\u013c\u0161 l\u012bdz fin\u0101lam<\/p>\n<p>Martina Lavi\u0146a p\u0101rst\u0101v\u0113t\u0101 NCAA komanda l\u012bdz fin\u0101lam non\u0101ca, p\u0101rliecino\u0161i aizvadot turn\u012bra gait\u0101. Pusfin\u0101l\u0101 vi\u0146i ar rezult\u0101tu 5:3 p\u0101rsp\u0113ja M\u0101rti\u0146a Dzierkala p\u0101rst\u0101v\u0113to Pr\u0101gas \u201cSparta\u201d. \u0160aj\u0101 sp\u0113l\u0113 Dzierkals atz\u012bm\u0113j\u0101s ar rezultat\u012bvu piesp\u0113li vieniem no komandas v\u0101rtiem, ta\u010du vi\u0146a p\u0101rst\u0101v\u0113t\u0101 vien\u012bba nesp\u0113ja g\u016bt virsroku p\u0101r ambiciozajiem studentiem.<\/p>\n<p>Savuk\u0101rt turn\u012bra saimnieki, \u201cHC Davos\u201d, fin\u0101l\u0101 iek\u013cuva, p\u0101rsp\u0113jot citu \u0160veices vien\u012bbu \u201cFribourg-Gotteron\u201d ar rezult\u0101tu 3:1. \u0160\u012b NCAA komandas dal\u012bba \u0160penglera kaus\u0101 bija v\u0113sturisks notikums, jo t\u0101 tika izveidota speci\u0101li \u0161im presti\u017eajam turn\u012bram.<\/p>\n<p>Par \u0160penglera kausu<\/p>\n<p>\u0160penglera kauss ir pasaul\u0113 vec\u0101kais ikgad\u0113jais starptautiskais hokeja klubu turn\u012brs, kas savu pirmo reizi norisin\u0101j\u0101s 1923. gad\u0101 Davos\u0101, \u0160veic\u0113. Tas tradicion\u0101li pulc\u0113 se\u0161as komandas, no kur\u0101m viena vienm\u0113r ir m\u0101jiniece \u201cHC Davos\u201d, bet p\u0101r\u0113j\u0101s piecas ir uzaicin\u0101tas, bie\u017ei vien p\u0101rst\u0101vot sp\u0113c\u012bg\u0101k\u0101s Eiropas l\u012bgas, k\u0101 ar\u012b Kan\u0101das izlasi.<\/p>\n<p>Turn\u012brs, kas parasti norisin\u0101s laika posm\u0101 starp Ziemassv\u0113tkiem un Vecgada vakaru, ir iecien\u012bts ne tikai skat\u012bt\u0101ju vid\u016b, bet ar\u012b hokejistu aprind\u0101s, sniedzot iesp\u0113ju m\u0113roties sp\u0113kiem augsta l\u012bme\u0146a sacens\u012bb\u0101s pirms gada nogales. \u201cDavos\u201d un Kan\u0101das izlase ir ar\u012b visvair\u0101k titulus ieguvu\u0161\u0101s komandas turn\u012bra v\u0113stur\u0113, katrai izc\u012bnot pa 16 trofej\u0101m.<\/p>\n<p>Martina Lavi\u0146a karjera<\/p>\n<p>Martins Lavi\u0146\u0161, Latvijas izlases kandid\u0101ts un le\u0123end\u0101r\u0101 aizsarga Rodrigo Lavi\u0146a d\u0113ls, iepriek\u0161\u0113jos gadus sp\u0113l\u0113jis ASV koled\u017eu hokej\u0101 NCAA, p\u0101rst\u0101vot \u0145\u016bhemp\u0161\u012bras Universit\u0101ti. Vi\u0146a karjera ir bijusi stabila, att\u012bstoties gan sportiskaj\u0101, gan akad\u0113miskaj\u0101 jom\u0101. Lavi\u0146\u0161 ir izr\u0101d\u012bjis interesi par sp\u0113l\u0113\u0161anu NHL, piedaloties ar\u012b att\u012bst\u012bbas nometn\u0113s pie Toronto \u201cMaple Leafs\u201d. Vi\u0146a amb\u012bcijas un cent\u012bba ir nep\u0101rprotama, un \u0160penglera kausa izc\u012b\u0146a ir bijis noz\u012bm\u012bgs solis vi\u0146a karjeras att\u012bst\u012bb\u0101.<\/p>\n<p>Latvijas hokej\u0101 Lavi\u0146\u0161 ir iepaz\u012bts ar\u012b k\u0101 U-20 izlases dal\u012bbnieks, pal\u012bdzot komandai sasniegt v\u0113sturiskus rezult\u0101tus. Sp\u0113l\u0113\u0161ana NCAA komand\u0101 \u0160penglera kaus\u0101 deva v\u0113rt\u012bgu pieredzi un iesp\u0113ju sevi apliecin\u0101t starptautisk\u0101 l\u012bmen\u012b.<\/p>\n","protected":false},"excerpt":{"rendered":"Latvie\u0161a komanda nevar p\u0101rvar\u0113t m\u0101jiniekus fin\u0101l\u0101 Latvijas hokeja uzbruc\u0113js Martins Lavi\u0146\u0161 tre\u0161dien, 2025. gada 31. decembr\u012b, kop\u0101 ar&hellip;\n","protected":false},"author":2,"featured_media":95812,"comment_status":"","ping_status":"","sticky":false,"template":"","format":"standard","meta":{"footnotes":""},"categories":[17],"tags":[23836,394,35,39,38,36,37,34,40,5797,5796,13397,67],"class_list":{"0":"post-95811","1":"post","2":"type-post","3":"status-publish","4":"format-standard","5":"has-post-thumbnail","7":"category-sports","8":"tag-davos","9":"tag-hokejs","10":"tag-latvia","11":"tag-latvian","12":"tag-latviesu","13":"tag-latviesu-valoda","14":"tag-latviesuvaloda","15":"tag-latvija","16":"tag-lv","17":"tag-martins-lavins","18":"tag-ncaa","19":"tag-spenglera-kauss","20":"tag-sports"},"share_on_mastodon":{"url":"https:\/\/pubeurope.com\/@lv\/115846624208566559","error":""},"_links":{"self":[{"href":"https:\/\/www.europesays.com\/lv\/wp-json\/wp\/v2\/posts\/95811","targetHints":{"allow":["GET"]}}],"collection":[{"href":"https:\/\/www.europesays.com\/lv\/wp-json\/wp\/v2\/posts"}],"about":[{"href":"https:\/\/www.europesays.com\/lv\/wp-json\/wp\/v2\/types\/post"}],"author":[{"embeddable":true,"href":"https:\/\/www.europesays.com\/lv\/wp-json\/wp\/v2\/users\/2"}],"replies":[{"embeddable":true,"href":"https:\/\/www.europesays.com\/lv\/wp-json\/wp\/v2\/comments?post=95811"}],"version-history":[{"count":0,"href":"https:\/\/www.europesays.com\/lv\/wp-json\/wp\/v2\/posts\/95811\/revisions"}],"wp:featuredmedia":[{"embeddable":true,"href":"https:\/\/www.europesays.com\/lv\/wp-json\/wp\/v2\/media\/95812"}],"wp:attachment":[{"href":"https:\/\/www.europesays.com\/lv\/wp-json\/wp\/v2\/media?parent=95811"}],"wp:term":[{"taxonomy":"category","embeddable":true,"href":"https:\/\/www.europesays.com\/lv\/wp-json\/wp\/v2\/categories?post=95811"},{"taxonomy":"post_tag","embeddable":true,"href":"https:\/\/www.europesays.com\/lv\/wp-json\/wp\/v2\/tags?post=95811"}],"curies":[{"name":"wp","href":"https:\/\/api.w.org\/{rel}","templated":true}]}}