{"id":95821,"date":"2026-01-06T06:12:07","date_gmt":"2026-01-06T06:12:07","guid":{"rendered":"https:\/\/www.europesays.com\/lv\/95821\/"},"modified":"2026-01-06T06:12:07","modified_gmt":"2026-01-06T06:12:07","slug":"asv-paplasina-valstu-sarakstu-kuru-pilsoniem-jamaksa-tukstosiem-dolaru-par-vizas-pieteikumu","status":"publish","type":"post","link":"https:\/\/www.europesays.com\/lv\/95821\/","title":{"rendered":"ASV papla\u0161ina valstu sarakstu, kuru pilso\u0146iem j\u0101maks\u0101 t\u016bksto\u0161iem dol\u0101ru par v\u012bzas pieteikumu"},"content":{"rendered":"<p>Tagad \u0161aj\u0101 sarakst\u0101 ir pavisam 13 valstis, no kur\u0101m tikai divas neatrodas \u0100frik\u0101, un daudzi \u0161o valstu pilso\u0146i tagad nevar at\u013cauties <a href=\"https:\/\/www.tvnet.lv\/term\/555410\/asv\" class=\"topicLink\" target=\"_blank\" rel=\"nofollow noopener\">ASV<\/a> v\u012bzu.<\/p>\n<p>Sarakst\u0101 iepriek\u0161 bija Gambija, Mal\u0101vi, Maurit\u0101nija, Santom\u0113 un Prinsipi, Tanz\u0101nija un Zambija, kas taj\u0101 tika iek\u013cautas p\u0113rn\u0101 gada august\u0101 un oktobr\u012b.<\/p>\n<p>ASV Valsts departaments pag\u0101ju\u0161aj\u0101 ned\u0113\u013c\u0101 pievienoja \u0161im sarakstam Botsv\u0101nu, But\u0101nu, Centr\u0101l\u0101friku, Gvineju, Gvineju-Bisavu, Nam\u012bbiju un Turkmenist\u0101nu. \u0160ie papildin\u0101jumi st\u0101j\u0101s sp\u0113k\u0101 1. janv\u0101r\u012b, teikts pazi\u0146ojum\u0101, kas ievietots vietn\u0113 travel.state.gov.<\/p>\n<blockquote class=\"quote ck-widget\" contenteditable=\"false\">\n<p>\u0160is ir k\u0101rt\u0113jais Trampa administr\u0101cijas solis pastiprin\u0101t pras\u012bbas iebrauk\u0161anai ASV.<\/p>\n<\/blockquote>\n<p>Lai ieg\u016btu ASV v\u012bzu, \u0101rvalstu pilso\u0146iem ar\u012b person\u012bgi j\u0101piedal\u0101s iztauj\u0101\u0161an\u0101 un j\u0101sniedz zi\u0146as par sav\u0101m darb\u012bb\u0101m soci\u0101lajos medijos, k\u0101 ar\u012b detaliz\u0113ti j\u0101inform\u0113 par savu un savu tuvinieku iepriek\u0161\u0113jiem braucieniem.<\/p>\n<p>ASV amatpersonas aizst\u0101v\u0113ja \u0161\u0101das \u0137\u012blas naudas noteik\u0161anu, uzst\u0101jot, ka t\u0101 efekt\u012bvi nodro\u0161in\u0101s, lai \u0161o valstu pilso\u0146i nep\u0101rsniegtu v\u012bzas termi\u0146u.<\/p>\n<p>\u0136\u012blas naudas samaks\u0101\u0161ana negarant\u0113 v\u012bzas pie\u0161\u0137ir\u0161anu, bet t\u0101 tiks atmaks\u0101ta, ja v\u012bza tiek atteikta vai ja v\u012bzas sa\u0146\u0113m\u0113js pier\u0101da, ka ir izpild\u012bjis v\u012bzas nosac\u012bjumus.<\/p>\n","protected":false},"excerpt":{"rendered":"Tagad \u0161aj\u0101 sarakst\u0101 ir pavisam 13 valstis, no kur\u0101m tikai divas neatrodas \u0100frik\u0101, un daudzi \u0161o valstu pilso\u0146i&hellip;\n","protected":false},"author":2,"featured_media":95822,"comment_status":"","ping_status":"","sticky":false,"template":"","format":"standard","meta":{"footnotes":""},"categories":[14],"tags":[3004,23,57,292,28,29,32,33,22,30,31,35,39,38,36,37,34,40,20,26,27,24,25,4479,23838,54,55,56,21,58],"class_list":{"0":"post-95821","1":"post","2":"type-post","3":"status-publish","4":"format-standard","5":"has-post-thumbnail","7":"category-zinas-no-arvalstim","8":"tag-afrika","9":"tag-aktualitates","10":"tag-arvalstim","11":"tag-asv","12":"tag-breaking-news","13":"tag-breakingnews","14":"tag-featured-news","15":"tag-featurednews","16":"tag-headlines","17":"tag-latest-news","18":"tag-latestnews","19":"tag-latvia","20":"tag-latvian","21":"tag-latviesu","22":"tag-latviesu-valoda","23":"tag-latviesuvaloda","24":"tag-latvija","25":"tag-lv","26":"tag-news","27":"tag-popularakas-zinas","28":"tag-popularakaszinas","29":"tag-top-stories","30":"tag-topstories","31":"tag-turisms","32":"tag-turkmenistana","33":"tag-world","34":"tag-world-news","35":"tag-worldnews","36":"tag-zinas","37":"tag-zinas-no-arvalstim"},"share_on_mastodon":{"url":"https:\/\/pubeurope.com\/@lv\/115846679304257395","error":""},"_links":{"self":[{"href":"https:\/\/www.europesays.com\/lv\/wp-json\/wp\/v2\/posts\/95821","targetHints":{"allow":["GET"]}}],"collection":[{"href":"https:\/\/www.europesays.com\/lv\/wp-json\/wp\/v2\/posts"}],"about":[{"href":"https:\/\/www.europesays.com\/lv\/wp-json\/wp\/v2\/types\/post"}],"author":[{"embeddable":true,"href":"https:\/\/www.europesays.com\/lv\/wp-json\/wp\/v2\/users\/2"}],"replies":[{"embeddable":true,"href":"https:\/\/www.europesays.com\/lv\/wp-json\/wp\/v2\/comments?post=95821"}],"version-history":[{"count":0,"href":"https:\/\/www.europesays.com\/lv\/wp-json\/wp\/v2\/posts\/95821\/revisions"}],"wp:featuredmedia":[{"embeddable":true,"href":"https:\/\/www.europesays.com\/lv\/wp-json\/wp\/v2\/media\/95822"}],"wp:attachment":[{"href":"https:\/\/www.europesays.com\/lv\/wp-json\/wp\/v2\/media?parent=95821"}],"wp:term":[{"taxonomy":"category","embeddable":true,"href":"https:\/\/www.europesays.com\/lv\/wp-json\/wp\/v2\/categories?post=95821"},{"taxonomy":"post_tag","embeddable":true,"href":"https:\/\/www.europesays.com\/lv\/wp-json\/wp\/v2\/tags?post=95821"}],"curies":[{"name":"wp","href":"https:\/\/api.w.org\/{rel}","templated":true}]}}