{"id":95827,"date":"2026-01-06T06:15:12","date_gmt":"2026-01-06T06:15:12","guid":{"rendered":"https:\/\/www.europesays.com\/lv\/95827\/"},"modified":"2026-01-06T06:15:12","modified_gmt":"2026-01-06T06:15:12","slug":"spilgtakie-terpi-critics-choice-awards-2026-zvaigznes-demonstre-modes-tendences-lente-lv","status":"publish","type":"post","link":"https:\/\/www.europesays.com\/lv\/95827\/","title":{"rendered":"Spilgt\u0101kie t\u0113rpi &#8220;Critics Choice Awards 2026&#8221;: zvaigznes demonstr\u0113 modes tendences\u00a0\u2014\u00a0Lente.lv"},"content":{"rendered":"<p>Santamonik\u0101, Kalifornij\u0101, 4. janv\u0101r\u012b norisin\u0101j\u0101s presti\u017e\u0101 &#8220;Critics Choice Awards 2026&#8221; ceremonija, pulc\u0113jot kino un telev\u012bzijas industrijas zvaigznes. Pas\u0101kums, kas tradicion\u0101li iez\u012bm\u0113 balvu sezonas s\u0101kumu, ne tikai godin\u0101ja aizvad\u012bt\u0101 gada spilgt\u0101kos sasniegumus, bet ar\u012b demonstr\u0113ja aktu\u0101l\u0101k\u0101s modes tendences uz sarkan\u0101 pakl\u0101ja.<\/p>\n<p>\u0160ogad \u012bpa\u0161u uzman\u012bbu piesaist\u012bja da\u017e\u0101di t\u0113rpu stili \u2013 no klasiskas elegances l\u012bdz drosm\u012bgiem un apjom\u012bgiem siluetiem. Daudzas zvaigznes izv\u0113l\u0113j\u0101s arh\u012bvu kolekciju t\u0113rpus, apliecinot vintage modes notur\u012bgo pievilc\u012bbu. Citi atkal rad\u012bja jaunus modes standartus ar inovat\u012bv\u0101m pieej\u0101m un negaid\u012btiem dizaina elementiem.<\/p>\n<p>Elegance un apjoms: vakara domin\u0113jo\u0161\u0101s tendences<\/p>\n<p>Sarkanais pakl\u0101js k\u013cuva par modes par\u0101di, kur\u0101 domin\u0113ja gan izsmalcin\u0101tas, gan drosm\u012bgas izv\u0113les. Ariana Grande uzb\u016bra pasaku ar savu piel\u0101goto Alberta Ferretti roz\u0101 sat\u012bna vakarkleitu, ko papildin\u0101ja balta, iz\u0161\u016bta tilla deta\u013ca un sudraba ziedu aplik\u0101cijas, atg\u0101dinot vi\u0146as t\u0113lu film\u0101 &#8220;Wicked: For Good&#8221;. Teyana Teilore izc\u0113l\u0101s ar drosm\u012bgu Saint Laurent t\u0113rpu, kas sast\u0101v\u0113ja no dubultkr\u016btaina \u017eaketes, krekla, biks\u0113m un cimdiem, ko papildin\u0101ja Tiffany &amp; Co. rotaslietas.<\/p>\n<p>Odessa A&#8217;zion demonstr\u0113ja Studio 54 iedvesmotu Ott Dubai dizainu \u2013 sudraba sequin kleitu ar izgriezumu un dramatisku piedurk\u0146u deta\u013cu, kas izc\u0113la vi\u0146as unik\u0101lo stilu. Mia Goth, p\u0101rst\u0101vot Dior, izv\u0113l\u0113j\u0101s elegantu baltu Dior kleitu ar plecu deta\u013c\u0101m, radot svaigu un attur\u012bgu iespaidu.<\/p>\n<p>Vintage un m\u016bsdienu \u0161arms: arh\u012bvu atdzim\u0161ana<\/p>\n<p>\u0160ogad &#8220;Critics Choice Awards&#8221; sarkanaj\u0101 pakl\u0101j\u0101 bija j\u016btama pag\u0101tnes modes ietekme. Elle Fanning valk\u0101ja vintage Ralph Lauren 2003. gada kolekcijas vakarkleitu, kas rot\u0101ta ar izsmalcin\u0101tu p\u0113rl\u012b\u0161u iz\u0161uvumu, ko papildin\u0101ja Cartier rotaslietas. Ar\u012b Kailija D\u017eenere atbalst\u012bja savu partneri Timot\u0113 \u0160alam\u0113, izv\u0113loties vintage Versace t\u0113rpu.<\/p>\n<p>\u0160\u012b tendence apliecina, ka vintage t\u0113rpi joproj\u0101m ir aktu\u0101li un sp\u0113j rad\u012bt unik\u0101lu un stil\u012bgu t\u0113lu, pie\u0161\u0137irot ori\u0123inalit\u0101ti m\u016bsdienu modes tendenc\u0113m.<\/p>\n<p>V\u012brie\u0161u modes akcenti: klasika ar m\u016bsdien\u012bgu tvisti<\/p>\n<p>Ar\u012b v\u012brie\u0161u modes tendences uz sarkan\u0101 pakl\u0101ja nelika vilties. Maikls B. D\u017eordans izv\u0113l\u0113j\u0101s Louis Vuitton dubultkr\u016btainu Burgundijas kr\u0101sas uzvalku ar roz\u0101 kreklu un sarkan\u0101m sv\u012btr\u0101m kaklasaiti, radot harmonisku un modernu kopt\u0113lu. D\u017eeikobs Elordi par\u0101d\u012bj\u0101s stil\u012bg\u0101 Bottega Veneta uzvalk\u0101, ko papildin\u0101ja sarkan\u012bgas brilles un Cartier rotaslietas, pie\u0161\u0137irot t\u0113lam m\u016bsdienu \u0161armu.<\/p>\n<p>\u012apa\u0161u uzman\u012bbu piesaist\u012bja ar\u012b Ito Festera t\u0113rps, kas apvienoja klasisko v\u012brie\u0161u modi ar st\u0101st\u012bjuma deta\u013c\u0101m, radot izsmalcin\u0101tu un ori\u0123in\u0101lu izskatu.<\/p>\n<p>Minimalisms un ori\u0123inalit\u0101te: atsevi\u0161\u0137i izcelti t\u0113rpi<\/p>\n<p>Papildus popul\u0101r\u0101kaj\u0101m tendenc\u0113m, vair\u0101ki t\u0113rpi izc\u0113l\u0101s ar savu ori\u0123inalit\u0101ti un minim\u0101listisko pieeju. D\u017eesika B\u012bla valk\u0101ja Lanvin melnbaltu me\u017e\u0123\u012b\u0146u vakarkleitu, kas bija at\u0161\u0137ir\u012bga no vi\u0146as ierast\u0101 minim\u0101lisma stila. D\u017een\u0113 L\u016bpa izskat\u012bj\u0101s apburo\u0161i Prada j\u016bras za\u013c\u0101 vakarkleit\u0101, kas rad\u012bja viegluma un elegance iespaidu.<\/p>\n<p>\u0160\u012b gada &#8220;Critics Choice Awards&#8221; ceremonija v\u0113lreiz apliecin\u0101ja, ka modes pasaule nep\u0101rtraukti att\u012bst\u0101s, pied\u0101v\u0101jot gan klasiskas v\u0113rt\u012bbas, gan drosm\u012bgus jaunievedumus. Zvaigznes demonstr\u0113ja, k\u0101 apvienot person\u012bgo stilu ar aktu\u0101l\u0101kaj\u0101m tendenc\u0113m, radot neaizmirstamus t\u0113lus uz sarkan\u0101 pakl\u0101ja.<\/p>\n","protected":false},"excerpt":{"rendered":"Santamonik\u0101, Kalifornij\u0101, 4. janv\u0101r\u012b norisin\u0101j\u0101s presti\u017e\u0101 &#8220;Critics Choice Awards 2026&#8221; ceremonija, pulc\u0113jot kino un telev\u012bzijas industrijas zvaigznes. Pas\u0101kums,&hellip;\n","protected":false},"author":2,"featured_media":95828,"comment_status":"","ping_status":"","sticky":false,"template":"","format":"standard","meta":{"footnotes":""},"categories":[19],"tags":[23839,89,90,35,39,38,36,37,34,40,3058,5767,23840,763],"class_list":{"0":"post-95827","1":"post","2":"type-post","3":"status-publish","4":"format-standard","5":"has-post-thumbnail","7":"category-izklaide","8":"tag-critics-choice-awards-2026","9":"tag-entertainment","10":"tag-izklaide","11":"tag-latvia","12":"tag-latvian","13":"tag-latviesu","14":"tag-latviesu-valoda","15":"tag-latviesuvaloda","16":"tag-latvija","17":"tag-lv","18":"tag-modes-tendences","19":"tag-sarkanais-paklajs","20":"tag-vakarkleitas","21":"tag-zvaigznes"},"share_on_mastodon":{"url":"https:\/\/pubeurope.com\/@lv\/115846691095335386","error":""},"_links":{"self":[{"href":"https:\/\/www.europesays.com\/lv\/wp-json\/wp\/v2\/posts\/95827","targetHints":{"allow":["GET"]}}],"collection":[{"href":"https:\/\/www.europesays.com\/lv\/wp-json\/wp\/v2\/posts"}],"about":[{"href":"https:\/\/www.europesays.com\/lv\/wp-json\/wp\/v2\/types\/post"}],"author":[{"embeddable":true,"href":"https:\/\/www.europesays.com\/lv\/wp-json\/wp\/v2\/users\/2"}],"replies":[{"embeddable":true,"href":"https:\/\/www.europesays.com\/lv\/wp-json\/wp\/v2\/comments?post=95827"}],"version-history":[{"count":0,"href":"https:\/\/www.europesays.com\/lv\/wp-json\/wp\/v2\/posts\/95827\/revisions"}],"wp:featuredmedia":[{"embeddable":true,"href":"https:\/\/www.europesays.com\/lv\/wp-json\/wp\/v2\/media\/95828"}],"wp:attachment":[{"href":"https:\/\/www.europesays.com\/lv\/wp-json\/wp\/v2\/media?parent=95827"}],"wp:term":[{"taxonomy":"category","embeddable":true,"href":"https:\/\/www.europesays.com\/lv\/wp-json\/wp\/v2\/categories?post=95827"},{"taxonomy":"post_tag","embeddable":true,"href":"https:\/\/www.europesays.com\/lv\/wp-json\/wp\/v2\/tags?post=95827"}],"curies":[{"name":"wp","href":"https:\/\/api.w.org\/{rel}","templated":true}]}}