{"id":95829,"date":"2026-01-06T06:18:03","date_gmt":"2026-01-06T06:18:03","guid":{"rendered":"https:\/\/www.europesays.com\/lv\/95829\/"},"modified":"2026-01-06T06:18:03","modified_gmt":"2026-01-06T06:18:03","slug":"opozicionare-macado-sola-driz-atgriezties-venecuela","status":"publish","type":"post","link":"https:\/\/www.europesays.com\/lv\/95829\/","title":{"rendered":"Opozicion\u0101re Ma\u010dado sola dr\u012bz atgriezties Venecu\u0113l\u0101"},"content":{"rendered":"<p>&#8220;Es pl\u0101noju iesp\u0113jami dr\u012bz doties atpaka\u013c uz Venecu\u0113lu,&#8221; Ma\u010dado pazi\u0146oja ASV telekan\u0101la &#8220;Fox News&#8221; diktoram \u0160onam Hanitijam, sniedzot interviju no vietas, kas netika izpausta.<\/p>\n<blockquote class=\"quote ck-widget\" contenteditable=\"false\">\n<p>Ma\u010dado piebilda, ka vi\u0146a uzskata, ka pagaidu prezidente Delsija Rodrigesa &#8220;ir viena no galvenajiem sp\u012bdzin\u0101\u0161anas, vaj\u0101\u0161anas, korupcijas, narkotiku kontrabandas arhitektiem&#8221;.<\/p>\n<\/blockquote>\n<p>Ma\u010dado \u0161aj\u0101 intervij\u0101 ar\u012b sac\u012bja, ka &#8220;br\u012bva <a href=\"https:\/\/www.tvnet.lv\/term\/555645\/venecuela\" class=\"topicLink\" target=\"_blank\" rel=\"nofollow noopener\">Venecu\u0113la<\/a>&#8221; ar pasaul\u0113 liel\u0101kaj\u0101m naftas rezerv\u0113m k\u013c\u016bs par Zieme\u013camerikas un Dienvidamerikas &#8220;ener\u0123ijas centru&#8221;. &#8220;M\u0113s p\u0101rv\u0113rt\u012bsim Venecu\u0113lu par Amerikas ener\u0123ijas centru,&#8221; sac\u012bja Ma\u010dado.<\/p>\n<p>Jau zi\u0146ots, ka Venecu\u0113las viceprezidente Delsija Rodrigesa pirmdien nodeva pagaidu prezidentes zv\u0113restu un ir nor\u0101d\u012bjusi, ka sadarbosies ar Va\u0161ingtonu.<\/p>\n<p>Venecu\u0113las prezidents <a href=\"https:\/\/www.tvnet.lv\/term\/579446\/nikolass-maduro\" class=\"topicLink\" target=\"_blank\" rel=\"nofollow noopener\">Nikolass Maduro<\/a> un vi\u0146a sieva sestdien tika sag\u016bst\u012bti ASV milit\u0101r\u0101 oper\u0101cij\u0101 un nog\u0101d\u0101ti \u0145ujork\u0101, kur tiks ties\u0101ti saist\u012bb\u0101 ar krimin\u0101laps\u016bdz\u012bb\u0101m par narkotiku nog\u0101d\u0101\u0161anu uz ASV.<\/p>\n<p>ASV valsts sekret\u0101rs Marko Rubio pazi\u0146ojis, ka Va\u0161ingtona ir gatava sadarboties ar Rodrigesu un p\u0101r\u0113jiem Venecu\u0113las l\u012bderiem, un uzsv\u0113ra, ka ASV vi\u0146us v\u0113rt\u0113s p\u0113c darbiem, nevis p\u0113c publiskajiem izteikumiem.<\/p>\n","protected":false},"excerpt":{"rendered":"&#8220;Es pl\u0101noju iesp\u0113jami dr\u012bz doties atpaka\u013c uz Venecu\u0113lu,&#8221; Ma\u010dado pazi\u0146oja ASV telekan\u0101la &#8220;Fox News&#8221; diktoram \u0160onam Hanitijam, sniedzot&hellip;\n","protected":false},"author":2,"featured_media":95830,"comment_status":"","ping_status":"","sticky":false,"template":"","format":"standard","meta":{"footnotes":""},"categories":[14],"tags":[23,57,28,29,32,33,22,30,31,35,39,38,36,37,34,40,20,5168,26,27,24,25,358,54,55,56,21,58],"class_list":{"0":"post-95829","1":"post","2":"type-post","3":"status-publish","4":"format-standard","5":"has-post-thumbnail","7":"category-zinas-no-arvalstim","8":"tag-aktualitates","9":"tag-arvalstim","10":"tag-breaking-news","11":"tag-breakingnews","12":"tag-featured-news","13":"tag-featurednews","14":"tag-headlines","15":"tag-latest-news","16":"tag-latestnews","17":"tag-latvia","18":"tag-latvian","19":"tag-latviesu","20":"tag-latviesu-valoda","21":"tag-latviesuvaloda","22":"tag-latvija","23":"tag-lv","24":"tag-news","25":"tag-nikolass-maduro","26":"tag-popularakas-zinas","27":"tag-popularakaszinas","28":"tag-top-stories","29":"tag-topstories","30":"tag-venecuela","31":"tag-world","32":"tag-world-news","33":"tag-worldnews","34":"tag-zinas","35":"tag-zinas-no-arvalstim"},"share_on_mastodon":{"url":"https:\/\/pubeurope.com\/@lv\/115846702846326735","error":""},"_links":{"self":[{"href":"https:\/\/www.europesays.com\/lv\/wp-json\/wp\/v2\/posts\/95829","targetHints":{"allow":["GET"]}}],"collection":[{"href":"https:\/\/www.europesays.com\/lv\/wp-json\/wp\/v2\/posts"}],"about":[{"href":"https:\/\/www.europesays.com\/lv\/wp-json\/wp\/v2\/types\/post"}],"author":[{"embeddable":true,"href":"https:\/\/www.europesays.com\/lv\/wp-json\/wp\/v2\/users\/2"}],"replies":[{"embeddable":true,"href":"https:\/\/www.europesays.com\/lv\/wp-json\/wp\/v2\/comments?post=95829"}],"version-history":[{"count":0,"href":"https:\/\/www.europesays.com\/lv\/wp-json\/wp\/v2\/posts\/95829\/revisions"}],"wp:featuredmedia":[{"embeddable":true,"href":"https:\/\/www.europesays.com\/lv\/wp-json\/wp\/v2\/media\/95830"}],"wp:attachment":[{"href":"https:\/\/www.europesays.com\/lv\/wp-json\/wp\/v2\/media?parent=95829"}],"wp:term":[{"taxonomy":"category","embeddable":true,"href":"https:\/\/www.europesays.com\/lv\/wp-json\/wp\/v2\/categories?post=95829"},{"taxonomy":"post_tag","embeddable":true,"href":"https:\/\/www.europesays.com\/lv\/wp-json\/wp\/v2\/tags?post=95829"}],"curies":[{"name":"wp","href":"https:\/\/api.w.org\/{rel}","templated":true}]}}