{"id":95831,"date":"2026-01-06T06:31:07","date_gmt":"2026-01-06T06:31:07","guid":{"rendered":"https:\/\/www.europesays.com\/lv\/95831\/"},"modified":"2026-01-06T06:31:07","modified_gmt":"2026-01-06T06:31:07","slug":"saruna-ar-kulturas-ministrijas-parstavjiem-par-gors-nakotni-rezekne-pilseta-latgales-sirdi","status":"publish","type":"post","link":"https:\/\/www.europesays.com\/lv\/95831\/","title":{"rendered":"Saruna ar Kult\u016bras ministrijas p\u0101rst\u0101vjiem par GORS n\u0101kotni &#8211; R\u0113zekne \u2013 pils\u0113ta Latgales sird\u012b"},"content":{"rendered":"<ol>\n<li><a href=\"https:\/\/news.google.com\/rss\/articles\/CBMijgFBVV95cUxNeDVSRm5ZNXlFc1VBWlk5eERFRFJQV09NMWZXT1RucFl6NUxEQVRKTWpXTTM5YnlMeUl4Y25YTHk0RlNPVFBRckRndVd5WXd5dW9QeGJ0MW1OYlZrTDlvaGN4cTFhd1Eyc1RqNWt3cXFVbGdwVy0wclNwVUhpNWRJSUxIaHRWd3NOTmowaWFn?oc=5\" target=\"_blank\" rel=\"nofollow noopener\">Saruna ar Kult\u016bras ministrijas p\u0101rst\u0101vjiem par GORS n\u0101kotni<\/a>&nbsp;&nbsp;R\u0113zekne \u2013 pils\u0113ta Latgales sird\u012b<\/li>\n<li><a href=\"https:\/\/news.google.com\/rss\/articles\/CBMi4AFBVV95cUxPRE9sZk5EaUI2WDNsZHFwMEdndzRhNDE0TUpjNTdBSXp6TXpYZ1dYVEQ3b1BKaUsxVG1zeEZwWXNqbE5vSjc4YjZpYnd2RTQ3d0trb19YaG9qb1hkOF9uNmItZVdiZThYRzFhc0Q5UkVqQXQ5U2RJOUdwZTRaR21faVBrUjlQY1VJQzVFazd2S0pKbjNPRlVCSGFYMTJDMG1mY2hfSl9zRzBvd0VkSEZaOTBiVjY4VXlDZWJpRGlIaE8wSG1fLTFrVjJ4c09DeGFjeTBMdEN2RENyM0FyZGx1ag?oc=5\" target=\"_blank\" rel=\"nofollow noopener\">Kult\u016bras ministre dosies uz R\u0113zekni p\u0101rrun\u0101t Latgales koncertz\u0101les &#8220;Gors&#8221; situ\u0101ciju<\/a>&nbsp;&nbsp;Delfi<\/li>\n<li><a href=\"https:\/\/news.google.com\/rss\/articles\/CBMi-AFBVV95cUxQMDVYZ2FhY3pCU2d5ZlJlb09FVzhEd2tBa1RtLUxyajdtdDRFVVc0Mk1jSG1xeGJHelpvWlZ4Z3pGNUNmaDVqeGdVd1gzckRsUDRRMU5McjJfcmw1RVkwakxINmtKZEFvdmxvRWlVeFJ2ZUZtTHI3MWF4ZnJ3T2dodlpSTUtDUDJlZDliQ3UxRTg3bDBpTTZ0N2xFX0RtZGYyZVdHUDl6bGxvUXJsSG9RZ0V2aEJJS0ZPSWFpQ0JsWkVzTEdpcWsyaHpfV1dvRmY3RFNBZWpRdU43Q1ctcGZEQzdZRmZiVGkwMktoMm5wVU5vN2xnMzBqcQ?oc=5\" target=\"_blank\" rel=\"nofollow noopener\">Latvijas Sabiedriskais medijs asi nosoda R\u0113zeknes m\u0113ra Barta\u0161evi\u010da v\u0113r\u0161anos pret \u017eurn\u0101listu Teni Bikovski<\/a>&nbsp;&nbsp;LSM<\/li>\n<li><a href=\"https:\/\/news.google.com\/rss\/articles\/CBMi9gFBVV95cUxNSjlySk9hVlFpYUprczIyRy1IV3JaR3JJZGkzdXQzbGVONDRrWkpDbU5oUXdBLTFUQTF0ZEEwTmhSMmhleElaOXFKSDFvTFphLVQ2bF9aQ2Z4dEhJVUJ6dWQ3UkpScDdLcjBMQ3lFQlZQN2NvOEo5TGExT3hLd3FvU1hKN0dXNFBmYkM0eXYxUm9tQnJvRE1xR0ZlckQ0eGZhWEF5WXRndWp3RERHWFpwVV9xY3JXU3ZzcWl3RGxra1BIbnpRa2Y5RzlLdklEOTFtYl9aSmxjU2tuQmJjYU1aWmVHQ21FMTB1c21BZ3BETVo2a0c1bnc?oc=5\" target=\"_blank\" rel=\"nofollow noopener\">VIDEO: jauns skand\u0101ls apvijis R\u0113zekni &#8211; dome ar policistu pal\u012bdz\u012bbu no s\u0113des izmet \u017eurn\u0101listu, kas veidoja si\u017eetu par &#8220;Gora&#8221; likteni<\/a>&nbsp;&nbsp;Jauns.lv<\/li>\n<li><a href=\"https:\/\/news.google.com\/rss\/articles\/CBMizAFBVV95cUxQOUE0bVJoaFlVTXlNTmFIcHMwcVpqSV9NODBDWUpGVUdiQ3ZFc2hmNUk0NzF5MTRaMGllSkNzcXpJZnFLRm1lM2Z1UEdnTzNFV2tiVE1mTHRTTklXbGVHNXJHdmFTZzExQWtrdXhscl82MjFGMm9JYjNHZVZieXY4YnNqb3laejRab2FUY1FZU29JODZiRlhMSHBUQU40T1A2eFRyc1k5eTN3WW9ZYm53b0twdUUwbVpqeEp1aTBWUjEtTmpKay1Dd0lObng?oc=5\" target=\"_blank\" rel=\"nofollow noopener\">Kult\u016bras ministre tiksies ar R\u0113zeknes m\u0113ru; p\u0101rrun\u0101s aktu\u0101los jaut\u0101jumus par Latgales koncertz\u0101li &#8220;Gors&#8221;<\/a>&nbsp;&nbsp;Sejas.lv<\/li>\n<\/ol>\n","protected":false},"excerpt":{"rendered":"Saruna ar Kult\u016bras ministrijas p\u0101rst\u0101vjiem par GORS n\u0101kotni&nbsp;&nbsp;R\u0113zekne \u2013 pils\u0113ta Latgales sird\u012b Kult\u016bras ministre dosies uz R\u0113zekni p\u0101rrun\u0101t&hellip;\n","protected":false},"author":2,"featured_media":95832,"comment_status":"","ping_status":"","sticky":false,"template":"","format":"standard","meta":{"footnotes":""},"categories":[12],"tags":[23,28,29,32,33,22,30,31,35,39,38,36,37,34,40,20,26,27,24,25,21],"class_list":{"0":"post-95831","1":"post","2":"type-post","3":"status-publish","4":"format-standard","5":"has-post-thumbnail","7":"category-latvija","8":"tag-aktualitates","9":"tag-breaking-news","10":"tag-breakingnews","11":"tag-featured-news","12":"tag-featurednews","13":"tag-headlines","14":"tag-latest-news","15":"tag-latestnews","16":"tag-latvia","17":"tag-latvian","18":"tag-latviesu","19":"tag-latviesu-valoda","20":"tag-latviesuvaloda","21":"tag-latvija","22":"tag-lv","23":"tag-news","24":"tag-popularakas-zinas","25":"tag-popularakaszinas","26":"tag-top-stories","27":"tag-topstories","28":"tag-zinas"},"share_on_mastodon":{"url":"https:\/\/pubeurope.com\/@lv\/115846754140540559","error":""},"_links":{"self":[{"href":"https:\/\/www.europesays.com\/lv\/wp-json\/wp\/v2\/posts\/95831","targetHints":{"allow":["GET"]}}],"collection":[{"href":"https:\/\/www.europesays.com\/lv\/wp-json\/wp\/v2\/posts"}],"about":[{"href":"https:\/\/www.europesays.com\/lv\/wp-json\/wp\/v2\/types\/post"}],"author":[{"embeddable":true,"href":"https:\/\/www.europesays.com\/lv\/wp-json\/wp\/v2\/users\/2"}],"replies":[{"embeddable":true,"href":"https:\/\/www.europesays.com\/lv\/wp-json\/wp\/v2\/comments?post=95831"}],"version-history":[{"count":0,"href":"https:\/\/www.europesays.com\/lv\/wp-json\/wp\/v2\/posts\/95831\/revisions"}],"wp:featuredmedia":[{"embeddable":true,"href":"https:\/\/www.europesays.com\/lv\/wp-json\/wp\/v2\/media\/95832"}],"wp:attachment":[{"href":"https:\/\/www.europesays.com\/lv\/wp-json\/wp\/v2\/media?parent=95831"}],"wp:term":[{"taxonomy":"category","embeddable":true,"href":"https:\/\/www.europesays.com\/lv\/wp-json\/wp\/v2\/categories?post=95831"},{"taxonomy":"post_tag","embeddable":true,"href":"https:\/\/www.europesays.com\/lv\/wp-json\/wp\/v2\/tags?post=95831"}],"curies":[{"name":"wp","href":"https:\/\/api.w.org\/{rel}","templated":true}]}}