{"id":95839,"date":"2026-01-06T06:38:08","date_gmt":"2026-01-06T06:38:08","guid":{"rendered":"https:\/\/www.europesays.com\/lv\/95839\/"},"modified":"2026-01-06T06:38:08","modified_gmt":"2026-01-06T06:38:08","slug":"hegsets-nosauc-cik-operativo-darbinieku-piedalijas-asv-iebrukuma-venecuela","status":"publish","type":"post","link":"https:\/\/www.europesays.com\/lv\/95839\/","title":{"rendered":"Hegsets nosauc, cik operat\u012bvo darbinieku piedal\u012bj\u0101s ASV iebrukum\u0101 Venecu\u0113l\u0101"},"content":{"rendered":"<p>Hegsets, run\u0101jot k\u0101d\u0101 pas\u0101kum\u0101 Vird\u017e\u012bnijas \u0161tata \u0145\u016bport\u0146\u016bzas pils\u0113t\u0101, tom\u0113r nepateica, ka visi iebrukuma dal\u012bbnieki b\u016btu biju\u0161i karav\u012bri.<\/p>\n<p>Saska\u0146\u0101 ar agr\u0101k\u0101m zi\u0146\u0101m Maduro un vi\u0146a sievas sag\u016bst\u012b\u0161an\u0101 ned\u0113\u013cas nogal\u0113 bija iesaist\u012bts Feder\u0101lais izmekl\u0113\u0161anas birojs (FIB) un bru\u0146oto sp\u0113ku elites vien\u012bbas.<\/p>\n<p>Maduro un vi\u0146a sieva sestdienas r\u012bt\u0101 tika sag\u016bst\u012bti Karakasas centr\u0101 un aizvesti no Venecu\u0113las uz <a href=\"https:\/\/www.tvnet.lv\/term\/555410\/asv\" class=\"topicLink\" target=\"_blank\" rel=\"nofollow noopener\">ASV<\/a>.<\/p>\n<p>63 gadus vecais Maduro pirmdien \u0145ujorkas ties\u0101 pazi\u0146oja, ka ir &#8220;nevain\u012bgs&#8221; un &#8220;krietns cilv\u0113ks&#8221;, neatz\u012bstot savu vainu aps\u016bdz\u012bb\u0101s narkoterorism\u0101.<\/p>\n<p>Hegsets sav\u0101 pazi\u0146ojum\u0101 ar\u012b izsm\u0113ja Venecu\u0113las pretgaisa aizsardz\u012bbu.<\/p>\n<blockquote class=\"quote ck-widget\" contenteditable=\"false\">\n<p>&#8220;\u0160\u0137iet, ka \u0161\u012bs krievu pretgaisa aizsardz\u012bbas sist\u0113mas nestr\u0101d\u0101ja sevi\u0161\u0137i labi,&#8221; pajokoja Hegsets.<\/p>\n<\/blockquote>\n<p>Saska\u0146\u0101 ar vi\u0146a pazi\u0146ojumiem Venecu\u0113las pretgaisa aizsardz\u012bba balst\u0101s galvenok\u0101rt uz milit\u0101ro tehnolo\u0123iju, kas sa\u0146emta no Krievijas un \u0136\u012bnas.<\/p>\n","protected":false},"excerpt":{"rendered":"Hegsets, run\u0101jot k\u0101d\u0101 pas\u0101kum\u0101 Vird\u017e\u012bnijas \u0161tata \u0145\u016bport\u0146\u016bzas pils\u0113t\u0101, tom\u0113r nepateica, ka visi iebrukuma dal\u012bbnieki b\u016btu biju\u0161i karav\u012bri. Saska\u0146\u0101&hellip;\n","protected":false},"author":2,"featured_media":95840,"comment_status":"","ping_status":"","sticky":false,"template":"","format":"standard","meta":{"footnotes":""},"categories":[5],"tags":[23,292,28,29,32,33,22,30,31,35,39,38,36,37,34,40,20,3602,26,27,24,25,358,21],"class_list":{"0":"post-95839","1":"post","2":"type-post","3":"status-publish","4":"format-standard","5":"has-post-thumbnail","7":"category-aktualitates","8":"tag-aktualitates","9":"tag-asv","10":"tag-breaking-news","11":"tag-breakingnews","12":"tag-featured-news","13":"tag-featurednews","14":"tag-headlines","15":"tag-latest-news","16":"tag-latestnews","17":"tag-latvia","18":"tag-latvian","19":"tag-latviesu","20":"tag-latviesu-valoda","21":"tag-latviesuvaloda","22":"tag-latvija","23":"tag-lv","24":"tag-news","25":"tag-pits-hegsets","26":"tag-popularakas-zinas","27":"tag-popularakaszinas","28":"tag-top-stories","29":"tag-topstories","30":"tag-venecuela","31":"tag-zinas"},"share_on_mastodon":{"url":"https:\/\/pubeurope.com\/@lv\/115846781536639361","error":""},"_links":{"self":[{"href":"https:\/\/www.europesays.com\/lv\/wp-json\/wp\/v2\/posts\/95839","targetHints":{"allow":["GET"]}}],"collection":[{"href":"https:\/\/www.europesays.com\/lv\/wp-json\/wp\/v2\/posts"}],"about":[{"href":"https:\/\/www.europesays.com\/lv\/wp-json\/wp\/v2\/types\/post"}],"author":[{"embeddable":true,"href":"https:\/\/www.europesays.com\/lv\/wp-json\/wp\/v2\/users\/2"}],"replies":[{"embeddable":true,"href":"https:\/\/www.europesays.com\/lv\/wp-json\/wp\/v2\/comments?post=95839"}],"version-history":[{"count":0,"href":"https:\/\/www.europesays.com\/lv\/wp-json\/wp\/v2\/posts\/95839\/revisions"}],"wp:featuredmedia":[{"embeddable":true,"href":"https:\/\/www.europesays.com\/lv\/wp-json\/wp\/v2\/media\/95840"}],"wp:attachment":[{"href":"https:\/\/www.europesays.com\/lv\/wp-json\/wp\/v2\/media?parent=95839"}],"wp:term":[{"taxonomy":"category","embeddable":true,"href":"https:\/\/www.europesays.com\/lv\/wp-json\/wp\/v2\/categories?post=95839"},{"taxonomy":"post_tag","embeddable":true,"href":"https:\/\/www.europesays.com\/lv\/wp-json\/wp\/v2\/tags?post=95839"}],"curies":[{"name":"wp","href":"https:\/\/api.w.org\/{rel}","templated":true}]}}