{"id":95841,"date":"2026-01-06T06:40:07","date_gmt":"2026-01-06T06:40:07","guid":{"rendered":"https:\/\/www.europesays.com\/lv\/95841\/"},"modified":"2026-01-06T06:40:07","modified_gmt":"2026-01-06T06:40:07","slug":"zviedri-partrauc-neveiksmju-seriju-finalos-un-pec-14-gadiem-atkal-triumfe-u20-pc-hokejs-sportacentrs-com","status":"publish","type":"post","link":"https:\/\/www.europesays.com\/lv\/95841\/","title":{"rendered":"Zviedri p\u0101rtrauc neveiksmju s\u0113riju fin\u0101los un p\u0113c 14 gadiem atkal triumf\u0113 U20 P\u010c \u2013 Hokejs \u2013 Sportacentrs.com"},"content":{"rendered":"<p>\u2022 Neraugoties uz \u010detr\u0101m min\u016bt\u0113m maz\u0101kum\u0101 sp\u0113les pirmaj\u0101 tre\u0161da\u013c\u0101, Zviedrijai pieder\u0113ja p\u0101rsvars uz ledus. Perioda izska\u0146\u0101 Kaspers J\u016bstov\u0101ra K\u0101rlsons maz\u0101kum\u0101 izvirz\u012bja vad\u012bb\u0101 zviedrus.<\/p>\n<p>\u2022 Otr\u0101s tre\u0161da\u013cas vid\u016b Zviedrija realiz\u0113ja ar\u012b skaitlisko vair\u0101kumu, prec\u012bzi metot Viktoram Eklundam, bet tre\u0161\u0101 perioda ievad\u0101 Sa\u0161a Bumedj\u0113ns pan\u0101ca jau 3:0.<\/p>\n<p>\u2022 Pa\u0161\u0101 c\u012b\u0146as izska\u0146\u0101 \u010cehijas juniori uz pavisam neilgu br\u012bdi atjaunoja intrigu. 144 sekundes pirms pamatlaika beig\u0101m Adams Jir\u017e\u012b\u010deks guva \u010dehu pirmos v\u0101rtus, bet 24 sekundes pirms beig\u0101m Matejs Kubiesa pietuvoja \u010cehiju l\u012bdz minimumam.<\/p>\n<p>\u2022 Asto\u0146as sekundes pirms ma\u010da nosl\u0113guma punktu ar ripu tuk\u0161os v\u0101rtos U20 \u010dempion\u0101tam pielika Ivars Stenberjs, \u013caujot Zviedrijai izc\u012bn\u012bt pirmo U20 \u010dempiontitulu kop\u0161 2012. gada \u2013 4:2.<\/p>\n<p>\u2022 Zviedrijas U20 junioriem tas bija tre\u0161ais pasaules \u010dempiontituls v\u0113stur\u0113. Bez 2012. gada zviedri iepriek\u0161 triumf\u0113ja ar\u012b 1981. gad\u0101.<\/p>\n<p>\u2022 Kop\u0161 2012. gada zviedri bija sp\u0113l\u0113ju\u0161i \u010detros fin\u0101los, visos zaud\u0113jot. \u010cehija, savuk\u0101rt, tika pie meda\u013c\u0101m ceturto U20 \u010dempion\u0101tu p\u0113c k\u0101rtas \u2013 sudrabs 2023. un 2026., bet bronza 2024. un 2025.<\/p>\n<p>\u2022 Par turn\u012bra v\u0113rt\u012bg\u0101ko sp\u0113l\u0113t\u0101ju tika atz\u012bts 18 gadus vecais Vojtehs \u010cihars, kur\u0161 sezonas ievad\u0101 kop\u0101 ar J\u0101ni Jaku, Haraldu Egli un Robertu Mam\u010dicu p\u0101rst\u0101v\u0113ja Karlovi Vari &#8221;Energie&#8221;, bet decembr\u012b parakst\u012bja tr\u012bs gadu l\u012bgumu ar Losand\u017eelosas &#8221;Kings&#8221; un p\u0101rc\u0113l\u0101s uz WHL klubu &#8221;Kelowna Rockets&#8221;. \u010ciharam turn\u012br\u0101 12 punkti (4+8) septi\u0146\u0101s sp\u0113l\u0113s.<\/p>\n<p>\u2022 Bez \u010cihara turn\u012bra pirmaj\u0101 simboliskaj\u0101 virkn\u0113jum\u0101 iek\u013cauts ar\u012b zviedru uzbruc\u0113js Antons Frondels, kan\u0101die\u0161u uzbruc\u0113js Maikls Heigs, aizsargi Zeins Pareks (Kan\u0101da) un Tom\u0101\u0161s Galvass (\u010cehija), k\u0101 ar\u012b zviedru v\u0101rtsargs Love Harenst\u0101ms.<\/p>\n<p>\u2022 IIHF Direktor\u0101ta balvu k\u0101 turn\u012bra lab\u0101kais v\u0101rtsargs izpeln\u012bj\u0101s zviedrs Harenst\u0101ms, lab\u0101kais aizsargs bija \u010dehs Adams Jir\u017e\u012b\u010deks, bet lab\u0101kais uzbruc\u0113js \u2013 zviedrs Frondels.<\/p>\n<p>\u2022 Bronzas duel\u012b Kan\u0101das U20 hokejisti ar 6:3 p\u0101rsp\u0113ja Somijas U20 izlasi. Ar 1+3 uzvar\u0101 atz\u012bm\u0113j\u0101s Gevins Makenna, bet divas ripas Semam O&#8217;Reilijam. Maikls Heigs atdeva \u010detras rezultat\u012bvas piesp\u0113les, bet Zeins Pareks iekr\u0101ja 1+1.<\/p>\n<p>Iepriek\u0161\u0113jo turn\u012bru meda\u013cnieces<\/p>\n<tr>GadsZeltsSudrabsBronza<\/tr>\n<tr class=\"even\">\n<td>2026.<\/td>\n<td>Zviedrija<\/td>\n<td>\u010cehija<\/td>\n<td>Kan\u0101da<\/td>\n<\/tr>\n<tr class=\"odd\">\n<td>2025.<\/td>\n<td>ASV<\/td>\n<td>Somija<\/td>\n<td>\u010cehija<\/td>\n<\/tr>\n<tr class=\"even\">\n<td>2024.<\/td>\n<td>ASV<\/td>\n<td>Zviedrija<\/td>\n<td>\u010cehija<\/td>\n<\/tr>\n<tr class=\"odd\">\n<td>2023.<\/td>\n<td>Kan\u0101da<\/td>\n<td>\u010cehija<\/td>\n<td>ASV<\/td>\n<\/tr>\n<tr class=\"even\">\n<td>2022.<\/td>\n<td>Kan\u0101da<\/td>\n<td>Somija<\/td>\n<td>Zviedrija<\/td>\n<\/tr>\n<tr class=\"odd\">\n<td>2021.<\/td>\n<td>ASV<\/td>\n<td>Kan\u0101da<\/td>\n<td>Somija<\/td>\n<\/tr>\n<tr class=\"even\">\n<td>2020.<\/td>\n<td>Kan\u0101da<\/td>\n<td>krievija<\/td>\n<td>Zviedrija<\/td>\n<\/tr>\n<tr class=\"odd\">\n<td>2019.<\/td>\n<td>Somija<\/td>\n<td>ASV<\/td>\n<td>krievija<\/td>\n<\/tr>\n<tr class=\"even\">\n<td>2018.<\/td>\n<td>Kan\u0101da<\/td>\n<td>Zviedrija<\/td>\n<td>ASV<\/td>\n<\/tr>\n<tr class=\"odd\">\n<td>2017.<\/td>\n<td>ASV<\/td>\n<td>Kan\u0101da<\/td>\n<td>krievija<\/td>\n<\/tr>\n<tr class=\"even\">\n<td>2016.<\/td>\n<td>Somija<\/td>\n<td>krievija<\/td>\n<td>ASV<\/td>\n<\/tr>\n","protected":false},"excerpt":{"rendered":"\u2022 Neraugoties uz \u010detr\u0101m min\u016bt\u0113m maz\u0101kum\u0101 sp\u0113les pirmaj\u0101 tre\u0161da\u013c\u0101, Zviedrijai pieder\u0113ja p\u0101rsvars uz ledus. Perioda izska\u0146\u0101 Kaspers J\u016bstov\u0101ra&hellip;\n","protected":false},"author":2,"featured_media":95842,"comment_status":"","ping_status":"","sticky":false,"template":"","format":"standard","meta":{"footnotes":""},"categories":[17],"tags":[394,35,39,38,36,37,34,40,67],"class_list":{"0":"post-95841","1":"post","2":"type-post","3":"status-publish","4":"format-standard","5":"has-post-thumbnail","7":"category-sports","8":"tag-hokejs","9":"tag-latvia","10":"tag-latvian","11":"tag-latviesu","12":"tag-latviesu-valoda","13":"tag-latviesuvaloda","14":"tag-latvija","15":"tag-lv","16":"tag-sports"},"share_on_mastodon":{"url":"https:\/\/pubeurope.com\/@lv\/115846789350631914","error":""},"_links":{"self":[{"href":"https:\/\/www.europesays.com\/lv\/wp-json\/wp\/v2\/posts\/95841","targetHints":{"allow":["GET"]}}],"collection":[{"href":"https:\/\/www.europesays.com\/lv\/wp-json\/wp\/v2\/posts"}],"about":[{"href":"https:\/\/www.europesays.com\/lv\/wp-json\/wp\/v2\/types\/post"}],"author":[{"embeddable":true,"href":"https:\/\/www.europesays.com\/lv\/wp-json\/wp\/v2\/users\/2"}],"replies":[{"embeddable":true,"href":"https:\/\/www.europesays.com\/lv\/wp-json\/wp\/v2\/comments?post=95841"}],"version-history":[{"count":0,"href":"https:\/\/www.europesays.com\/lv\/wp-json\/wp\/v2\/posts\/95841\/revisions"}],"wp:featuredmedia":[{"embeddable":true,"href":"https:\/\/www.europesays.com\/lv\/wp-json\/wp\/v2\/media\/95842"}],"wp:attachment":[{"href":"https:\/\/www.europesays.com\/lv\/wp-json\/wp\/v2\/media?parent=95841"}],"wp:term":[{"taxonomy":"category","embeddable":true,"href":"https:\/\/www.europesays.com\/lv\/wp-json\/wp\/v2\/categories?post=95841"},{"taxonomy":"post_tag","embeddable":true,"href":"https:\/\/www.europesays.com\/lv\/wp-json\/wp\/v2\/tags?post=95841"}],"curies":[{"name":"wp","href":"https:\/\/api.w.org\/{rel}","templated":true}]}}