{"id":95845,"date":"2026-01-06T06:47:07","date_gmt":"2026-01-06T06:47:07","guid":{"rendered":"https:\/\/www.europesays.com\/lv\/95845\/"},"modified":"2026-01-06T06:47:07","modified_gmt":"2026-01-06T06:47:07","slug":"dacia-sandero-ir-joprojam-eiropa-pardotakais-auto","status":"publish","type":"post","link":"https:\/\/www.europesays.com\/lv\/95845\/","title":{"rendered":"\u201cDacia Sandero\u201d ir joproj\u0101m Eirop\u0101 p\u0101rdot\u0101kais auto"},"content":{"rendered":"<p>Eirop\u0101 vislab\u0101k p\u0101rdotais auto ir \u201cDacia Sandero\u201d, kas p\u0101rdots 225 862 eksempl\u0101ros, liecina uz\u0146\u0113muma\u00a0Dataforce\u00a0apkopot\u0101 inform\u0101cija. Tiesa, \u0161ie ir skait\u013ci par 11 m\u0113ne\u0161iem un v\u0113l nav apkopoti decembra tirdzniec\u012bbas r\u0101d\u012bt\u0101ji vis\u0101 Eirop\u0101.\n<\/p>\n<p>Dacia savas poz\u012bcijas gan diez vai pazaud\u0113s, jo otraj\u0101 viet\u0101 p\u0113c p\u0101rdo\u0161anas apjoma atrodams \u201cRenault Clio\u201d, ta\u010du fran\u010du autora\u017eot\u0101js p\u0101rdevis par 20 t\u016bksto\u0161iem maz\u0101k ma\u0161\u012bnu nek\u0101 Dacia. Renault gan sp\u0113jis audz\u0113t Clio p\u0101rdo\u0161anas apjomus, savuk\u0101rt Sandero tiek p\u0101rdots par 8% maz\u0101k nek\u0101 2024. gada attiec\u012bgaj\u0101 laik\u0101 posm\u0101.\n<\/p>\n<p>Tirgus dati liecina, ka eiropie\u0161i arvien vair\u0101k iep\u0113rk krosoverus \u2013 59 procenti visu p\u0101rdoto automa\u0161\u012bnu Eirop\u0101 ir tie\u0161i SUV, \u0161aj\u0101 segment\u0101 domin\u0113jot Volkswagen ar saviem T-Roc un Tiguan mode\u013ciem.\n<\/p>\n<p>He\u010dbeku tirgus, l\u012bdz\u012bgi k\u0101 sedani, g\u0101\u017eas bezdiben\u012b \u2013 ja v\u0113l 2020. gad\u0101 tika p\u0101rdoti 4,2 miljoni he\u010dbeku, tad p\u0113rn l\u012bdz novembra beig\u0101m tie bija 2,9 miljoni. Decembris \u013caus p\u0101rsniegt 3 miljonu robe\u017eu, tom\u0113r he\u010dbeki b\u016btiski zaud\u0113ju\u0161i tirgus da\u013cu.\n<\/p>\n<p>Kas attiecas uz sedaniem, tad tie sast\u0101da vien nepilnus 4 procentus no jaunu auto tirgus. Ar\u012b univers\u0101\u013ciem nekl\u0101jas nemaz tik spo\u017ei \u2013 tie sast\u0101da 7% no p\u0101rdotajiem jaunajiem auto.\n<\/p>\n<blockquote class=\"wp-embedded-content\" data-secret=\"xiyOPlBSGZ\">\n<p><a href=\"https:\/\/kursors.lv\/2025\/07\/09\/paris-dienas-ar-latvija-letako-jauno-auto-dacia-sandero-stepway-video\/\" rel=\"nofollow noopener\" target=\"_blank\">P\u0101ris dienas ar Latvij\u0101 l\u0113t\u0101ko jauno auto \u2013 \u201cDacia Sandero Stepway\u201d (video)<\/a><\/p>\n<\/blockquote>\n","protected":false},"excerpt":{"rendered":"Eirop\u0101 vislab\u0101k p\u0101rdotais auto ir \u201cDacia Sandero\u201d, kas p\u0101rdots 225 862 eksempl\u0101ros, liecina uz\u0146\u0113muma\u00a0Dataforce\u00a0apkopot\u0101 inform\u0101cija. Tiesa, \u0161ie ir&hellip;\n","protected":false},"author":2,"featured_media":95846,"comment_status":"","ping_status":"","sticky":false,"template":"","format":"standard","meta":{"footnotes":""},"categories":[16],"tags":[77,76,35,39,38,36,37,34,40],"class_list":{"0":"post-95845","1":"post","2":"type-post","3":"status-publish","4":"format-standard","5":"has-post-thumbnail","7":"category-bizness","8":"tag-bizness","9":"tag-business","10":"tag-latvia","11":"tag-latvian","12":"tag-latviesu","13":"tag-latviesu-valoda","14":"tag-latviesuvaloda","15":"tag-latvija","16":"tag-lv"},"share_on_mastodon":{"url":"https:\/\/pubeurope.com\/@lv\/115846816909349556","error":""},"_links":{"self":[{"href":"https:\/\/www.europesays.com\/lv\/wp-json\/wp\/v2\/posts\/95845","targetHints":{"allow":["GET"]}}],"collection":[{"href":"https:\/\/www.europesays.com\/lv\/wp-json\/wp\/v2\/posts"}],"about":[{"href":"https:\/\/www.europesays.com\/lv\/wp-json\/wp\/v2\/types\/post"}],"author":[{"embeddable":true,"href":"https:\/\/www.europesays.com\/lv\/wp-json\/wp\/v2\/users\/2"}],"replies":[{"embeddable":true,"href":"https:\/\/www.europesays.com\/lv\/wp-json\/wp\/v2\/comments?post=95845"}],"version-history":[{"count":0,"href":"https:\/\/www.europesays.com\/lv\/wp-json\/wp\/v2\/posts\/95845\/revisions"}],"wp:featuredmedia":[{"embeddable":true,"href":"https:\/\/www.europesays.com\/lv\/wp-json\/wp\/v2\/media\/95846"}],"wp:attachment":[{"href":"https:\/\/www.europesays.com\/lv\/wp-json\/wp\/v2\/media?parent=95845"}],"wp:term":[{"taxonomy":"category","embeddable":true,"href":"https:\/\/www.europesays.com\/lv\/wp-json\/wp\/v2\/categories?post=95845"},{"taxonomy":"post_tag","embeddable":true,"href":"https:\/\/www.europesays.com\/lv\/wp-json\/wp\/v2\/tags?post=95845"}],"curies":[{"name":"wp","href":"https:\/\/api.w.org\/{rel}","templated":true}]}}