{"id":95847,"date":"2026-01-06T06:49:08","date_gmt":"2026-01-06T06:49:08","guid":{"rendered":"https:\/\/www.europesays.com\/lv\/95847\/"},"modified":"2026-01-06T06:49:08","modified_gmt":"2026-01-06T06:49:08","slug":"ievies-vienoto-buves-registracijas-procesu","status":"publish","type":"post","link":"https:\/\/www.europesays.com\/lv\/95847\/","title":{"rendered":"Ievie\u0161 vienoto b\u016bves re\u0123istr\u0101cijas procesu"},"content":{"rendered":"<p>Lai mazin\u0101tu birokr\u0101tiju un vienotu b\u016bves re\u0123istr\u0101cijas procesu \u2013 no idejas par b\u016bvi un pirm\u0101 ieraksta B\u016bvniec\u012bbas inform\u0101cijas sist\u0113m\u0101 l\u012bdz \u012bpa\u0161umties\u012bbu sak\u0101rto\u0161anai \u2013, main\u012bti vair\u0101ki likumi un Ministru\u00a0kabineta noteikumi, kas st\u0101jas sp\u0113k\u0101 2026.\u00a0gada\u00a06.\u00a0janv\u0101r\u012b.<\/p>\n<p>        &#13;<br \/>\n&#13;<\/p>\n<tr>&#13;<\/p>\n<td width=\"553\" class=\"grayCell\">&#13;<br \/>\n<br \/>UZZI\u0145AI&#13;<br \/>\n&#13;<\/p>\n<p>Vienot\u0101 b\u016bves re\u0123istr\u0101cijas procesa ievie\u0161anai tika groz\u012bti \u010detrpadsmit normat\u012bvie akti \u2013 gan Ekonomikas ministrijas\u00a0(EM), gan Tieslietu ministrijas (TM) virz\u012btie.<\/p>\n<p>&#13;<br \/>\n&#13;<\/p>\n<p>Izmai\u0146u kopums \u2013 <a href=\"https:\/\/likumi.lv\/ta\/id\/364544-grozijumi-buvniecibas-likuma\" target=\"_blank\" rel=\"nofollow noopener\">groz\u012bjumi B\u016bvniec\u012bbas likum\u0101<\/a>, <a href=\"https:\/\/likumi.lv\/ta\/id\/364541-grozijumi-zemesgramatu-likuma\" target=\"_blank\" rel=\"nofollow noopener\">groz\u012bjumi Zemesgr\u0101matu\u00a0likum\u0101<\/a> un <a href=\"https:\/\/likumi.lv\/ta\/id\/364543-grozijumi-likuma-par-nekustama-ipasuma-ierakstisanu-zemesgramatas-\" target=\"_blank\" rel=\"nofollow noopener\">groz\u012bjumi likum\u0101 \u201cPar nekustam\u0101 \u012bpa\u0161uma ierakst\u012b\u0161anu zemesgr\u0101mat\u0101s\u201d<\/a> \u2013 ievie\u0161 vienotu regul\u0113jumu b\u016bves re\u0123istr\u0101cijas procesam no b\u016bvniec\u012bbas procesa ierosin\u0101\u0161anas l\u012bdz \u012bpa\u0161uma ties\u012bbu nostiprin\u0101\u0161anai.<\/p>\n<p>&#13;<br \/>\n&#13;<\/p>\n<p>Lai ieviestu vienoto b\u016bves re\u0123istr\u0101cijas procesu, veiktas izmai\u0146as ar\u012b vair\u0101kos EM atbild\u012bb\u0101 eso\u0161ajos ar vienoto procesu saist\u012btajos MK noteikumos. 6. janv\u0101r\u012b st\u0101jas sp\u0113k\u0101:<\/p>\n<p>&#13;<br \/>\n&#13;<\/p>\n<ul>&#13;<\/p>\n<li><a href=\"https:\/\/likumi.lv\/ta\/id\/365180-grozijumi-ministru-kabineta-2014-gada-2-septembra-noteikumos-nr-529-eku-buvnoteikumi\" target=\"_blank\" rel=\"nofollow noopener\">groz\u012bjumi<\/a> MK noteikumos Nr. 529 \u201c\u0112ku b\u016bvnoteikumi\u201d;<\/li>\n<p>&#13;<\/p>\n<li><a href=\"https:\/\/likumi.lv\/ta\/id\/365195-grozijumi-ministru-kabineta-2017-gada-9-maija-noteikumos-nr-253-atsevisku-inzenierbuvju-buvnoteikumi\" target=\"_blank\" rel=\"nofollow noopener\">groz\u012bjumi<\/a> MK noteikumos Nr. 253 \u201cAtsevi\u0161\u0137u in\u017eenierb\u016bvju b\u016bvnoteikumi\u201d;<\/li>\n<p>&#13;<\/p>\n<li><a href=\"https:\/\/likumi.lv\/ta\/id\/365194-grozijumi-ministru-kabineta-2014-gada-14-oktobra-noteikumos-nr-633-autocelu-un-ielu-buvnoteikumi\" target=\"_blank\" rel=\"nofollow noopener\">groz\u012bjumi<\/a> MK noteikumos Nr. 633 \u201cAutoce\u013cu un ielu b\u016bvnoteikumi\u201d;<\/li>\n<p>&#13;<\/p>\n<li><a href=\"https:\/\/likumi.lv\/ta\/id\/365186-grozijums-ministru-kabineta-2014-gada-16-septembra-noteikumos-nr-550-hidrotehnisko-un-melioracijas-buvju-buvnoteikumi\" target=\"_blank\" rel=\"nofollow noopener\">groz\u012bjumi<\/a> MK noteikumos Nr. 550 \u201cHidrotehnisko un melior\u0101cijas b\u016bvju b\u016bvnoteikumi\u201d;<\/li>\n<p>&#13;<\/p>\n<li><a href=\"https:\/\/likumi.lv\/ta\/id\/365196-grozijums-ministru-kabineta-2014-gada-19-augusta-noteikumos-nr-501-elektronisko-sakaru-inzenierbuvju-buvnoteikumi\" target=\"_blank\" rel=\"nofollow noopener\">groz\u012bjumi<\/a> MK noteikumos Nr. 501 \u201cElektronisko sakaru in\u017eenierb\u016bvju b\u016bvnoteikumi\u201d;<\/li>\n<p>&#13;<\/p>\n<li><a href=\"https:\/\/likumi.lv\/ta\/id\/365184-grozijumi-ministru-kabineta-2015-gada-24-novembra-noteikumos-nr-661-ar-radiacijas-drosibu-saistito-buvju-buvnoteikumi\" target=\"_blank\" rel=\"nofollow noopener\">groz\u012bjumi<\/a> MK noteikumos Nr. 661\u201cAr radi\u0101cijas dro\u0161\u012bbu saist\u012bto b\u016bvju b\u016bvnoteikumi\u201d;<\/li>\n<p>&#13;<\/p>\n<li><a href=\"https:\/\/likumi.lv\/ta\/id\/365187-grozijumi-ministru-kabineta-2014-gada-14-oktobra-noteikumos-nr-631-latvijas-republikas-ieksejo-juras-udenu-teritorialas\" target=\"_blank\" rel=\"nofollow noopener\">groz\u012bjumi<\/a> MK noteikumos Nr. 631 \u201cLatvijas Republikas iek\u0161\u0113jo j\u016bras \u016bde\u0146u, teritori\u0101l\u0101s j\u016bras un ekskluz\u012bv\u0101s ekonomisk\u0101s zonas b\u016bvju b\u016bvnoteikumi\u201d;<\/li>\n<p>&#13;<\/p>\n<li><a href=\"https:\/\/likumi.lv\/ta\/id\/365185-grozijums-ministru-kabineta-2018-gada-28-augusta-noteikumos-nr-545-noteikumi-par-latvijas-buvnormativu-lbn-202-18-buvniecibas\" target=\"_blank\" rel=\"nofollow noopener\">groz\u012bjumi<\/a> MK noteikumos Nr. 545 \u201cNoteikumi par Latvijas b\u016bvnormat\u012bvu LBN 202-18 \u201cB\u016bvniec\u012bbas ieceres dokument\u0101cijas noform\u0113\u0161ana\u201d.<\/li>\n<p>&#13;\n<\/ul>\n<p>&#13;<\/p>\n<p>6. janv\u0101r\u012b st\u0101jas sp\u0113k\u0101 ar\u012b TM virz\u012bt\u0101s ar vienoto procesu saist\u012bt\u0101s regul\u0113juma izmai\u0146as MK noteikumos:<\/p>\n<p>&#13;<br \/>\n&#13;<\/p>\n<ul>&#13;<\/p>\n<li><a href=\"https:\/\/likumi.lv\/ta\/id\/364941-grozijumi-ministru-kabineta-2012-gada-10-aprila-noteikumos-nr-263-kadastra-objekta-registracijas-un-kadastra-datu-aktualizacijas\" target=\"_blank\" rel=\"nofollow noopener\">groz\u012bjumi<\/a> MK noteikumos Nr. 263 \u201cKadastra objekta re\u0123istr\u0101cijas un kadastra datu aktualiz\u0101cijas noteikumi\u201d;<\/li>\n<p>&#13;<\/p>\n<li><a href=\"https:\/\/likumi.lv\/ta\/id\/364881-grozijumi-ministru-kabineta-2015-gada-22-decembra-noteikumos-nr-787-valsts-zemes-dienesta-maksas-pakalpojumu-cenradis-un-samaksas\" target=\"_blank\" rel=\"nofollow noopener\">groz\u012bjumi<\/a> MK noteikumos Nr. 787 \u201cValsts zemes dienesta maksas pakalpojumu cenr\u0101dis un samaksas k\u0101rt\u012bba\u201d;<\/li>\n<p>&#13;<\/p>\n<li><a href=\"https:\/\/likumi.lv\/ta\/id\/364813-grozijumi-ministru-kabineta-2012-gada-24-aprila-noteikumos-nr-281-augstas-detalizacijas-topografiskas-informacijas-un-tas\" target=\"_blank\" rel=\"nofollow noopener\">groz\u012bjumi<\/a> MK noteikumos Nr. 281 \u201cAugstas detaliz\u0101cijas topogr\u0101fisk\u0101s inform\u0101cijas un t\u0101s centr\u0101l\u0101s datub\u0101zes noteikumi\u201d.<\/li>\n<p>&#13;\n<\/ul>\n<p>&#13;<br \/>\n&#13;<br \/>\n&#13;\n<\/td>\n<p>&#13;<br \/>\n<\/tr>\n<p>&#13;<br \/>\n&#13;<\/p>\n<p>Viens iesniegums triju viet\u0101<\/p>\n<p><a href=\"https:\/\/likumi.lv\/ta\/id\/364544-grozijumi-buvniecibas-likuma\" target=\"_blank\" rel=\"nofollow noopener\">Izmai\u0146u B\u016bvniec\u012bbas likum\u0101<\/a> m\u0113r\u0137is ir noteikt vienoto iesniegumu (tr\u012bs iesniegumi vien\u0101), proti, iesniegums par b\u016bvniec\u012bbu ir ar\u012b iesniegums par attiec\u012bg\u0101s b\u016bvniec\u012bbas rezult\u0101t\u0101 rad\u012bt\u0101s b\u016bves t\u0101l\u0101ko re\u0123istr\u0101ciju Nekustam\u0101 \u012bpa\u0161uma valsts kadastra inform\u0101cijas sist\u0113m\u0101 un t\u0101s ierakst\u012b\u0161anu zemesgr\u0101mat\u0101.<\/p>\n<blockquote><p>&#13;<\/p>\n<p>L\u012bdz \u0161im personai, kura ierosin\u0101ja b\u016bvniec\u012bbu, bija j\u0101v\u0113r\u0161as trij\u0101s da\u017e\u0101d\u0101s instit\u016bcij\u0101s ar trim iesniegumiem, nor\u0101d\u012bts likumprojekta anot\u0101cij\u0101.<\/p>\n<p>&#13;\n<\/p><\/blockquote>\n<p>Reforma paredz ieviest \u201cvienas pieturas a\u0123ent\u016bras\u201d principu, apvienojot b\u016bvniec\u012bbas ierosin\u0101\u0161anu, datu re\u0123istr\u0101ciju Nekustam\u0101 \u012bpa\u0161uma valsts kadastra inform\u0101cijas sist\u0113m\u0101 (turpm\u0101k \u2013 Kadastrs) un \u012bpa\u0161umties\u012bbu nostiprin\u0101\u0161anu zemesgr\u0101mat\u0101 vien\u0101 pieteikum\u0101, kas iesniedzams B\u016bvniec\u012bbas inform\u0101cijas sist\u0113m\u0101 (BIS).<\/p>\n<p>Kad dati tiks re\u0123istr\u0113ti Kadastr\u0101, Valsts zemes dienests (VZD) p\u0113c atsevi\u0161\u0137a piepras\u012bjuma var\u0113s sagatavot inform\u0101ciju par Kadastr\u0101 re\u0123istr\u0113tajiem b\u016bves vai telpu grupas teksta un telpiskajiem datiem, inform\u0113\u00a0VZD.<\/p>\n<p>Kadastr\u0101l\u0101 uzm\u0113r\u012b\u0161ana nav oblig\u0101ta <\/p>\n<p>Ministru kabineta (MK) noteikumu Nr. 263 \u201cKadastra objekta re\u0123istr\u0101cijas un kadastra datu aktualiz\u0101cijas noteikumi\u201d <a href=\"https:\/\/likumi.lv\/ta\/id\/364941-grozijumi-ministru-kabineta-2012-gada-10-aprila-noteikumos-nr-263-kadastra-objekta-registracijas-un-kadastra-datu-aktualizacija...\" target=\"_blank\" rel=\"nofollow noopener\">groz\u012bjumos<\/a> ietverta b\u016btiska izmai\u0146a \u2013 vienotaj\u0101 proces\u0101 vairs neb\u016bs oblig\u0101ta b\u016bves kadastr\u0101l\u0101s uzm\u0113r\u012b\u0161anas lieta jeb VZD\u00a0veikt\u0101 objekta apseko\u0161ana pirms nodo\u0161anas ekspluat\u0101cij\u0101.<\/p>\n<blockquote><p>&#13;<\/p>\n<p>B\u016bves datus Kadastr\u0101 re\u0123istr\u0113s no BIS\u00a0iesniegtajiem dokumentiem.<\/p>\n<p>&#13;\n<\/p><\/blockquote>\n<p>Ar groz\u012bjumiem visos b\u016bvniec\u012bbu regul\u0113jo\u0161ajos normat\u012bvajos aktos, kuros bija iek\u013cauta pras\u012bba pirms b\u016bves vai telpu grupas pie\u0146em\u0161anas ekspluat\u0101cij\u0101 veikt kadastr\u0101lo uzm\u0113r\u012b\u0161anu un iesniegt b\u016bvvaldei kadastr\u0101l\u0101s uzm\u0113r\u012b\u0161anas lietu, min\u0113t\u0101 pras\u012bba ir sv\u012btrota, skaidro\u00a0VZD.<\/p>\n<p>Savuk\u0101rt izmai\u0146as B\u016bvniec\u012bbas likum\u0101, Zemesgr\u0101matu likum\u0101 un likum\u0101 \u201cPar nekustam\u0101 \u012bpa\u0161uma ierakst\u012b\u0161anu zemesgr\u0101mat\u0101s\u201d noteic, ka jaunas b\u016bvniec\u012bbas gad\u012bjum\u0101 datus no BIS\u00a0nodos sec\u012bgi Kadastram un zemesgr\u0101matai.<\/p>\n<p>P\u0101rb\u016bves un atjauno\u0161anas gad\u012bjum\u0101 datus no BIS nodos tikai Kadastram, jo \u012bpa\u0161umties\u012bbu nostiprin\u0101\u0161ana zemesgr\u0101mat\u0101 \u0161aj\u0101 situ\u0101cij\u0101 nav nepiecie\u0161ama.<\/p>\n<p>K\u0101di dokumenti j\u0101pievieno<\/p>\n<p><a href=\"https:\/\/likumi.lv\/ta\/id\/365180-grozijumi-ministru-kabineta-2014-gada-2-septembra-noteikumos-nr-529-eku-buvnoteikumi-\" target=\"_blank\" rel=\"nofollow noopener\">Groz\u012bjumi MK noteikumos Nr.\u00a0529 \u201c\u0112ku b\u016bvnoteikumi\u201d<\/a> un <a href=\"https:\/\/likumi.lv\/ta\/id\/364813-grozijumi-ministru-kabineta-2012-gada-24-aprila-noteikumos-nr281-augstas-detalizacijas-topografiskas-informacijas-un-tas-centralas-datubazes-noteikumi\" target=\"_blank\" rel=\"nofollow noopener\">groz\u012bjumi MK noteikumos Nr.\u00a0281 \u201cAugstas detaliz\u0101cijas topogr\u0101fisk\u0101s inform\u0101cijas un t\u0101s centr\u0101l\u0101s datub\u0101zes noteikumi\u201d<\/a> paredz, ka vienot\u0101 proces\u0101 b\u016bvniec\u012bbas iecerei oblig\u0101ti j\u0101pievieno:<\/p>\n<ul>&#13;<\/p>\n<li>st\u0101vu pl\u0101na vai telpu grupas pl\u0101na vektordatnes (DWG vai DGN\u00a0form\u0101t\u0101), ja b\u016bvniec\u012bbas proces\u0101 paredz\u0113ta st\u0101vu pl\u0101nu sagatavo\u0161ana;<\/li>\n<p>&#13;<\/p>\n<li>izpildm\u0113r\u012bjuma vektordatne (DWG vai DGN form\u0101t\u0101) jaun\u0101m \u0113k\u0101m un in\u017eenierb\u016bv\u0113m vai gad\u012bjum\u0101, ja izmai\u0146as skar \u0113kas vai in\u017eenierb\u016bves \u0101r\u0113jo kont\u016bru;<\/li>\n<p>&#13;<\/p>\n<li>fotoatt\u0113li (JPG vai taml\u012bdz\u012bg\u0101 dat\u0146u form\u0101t\u0101) jaun\u0101m \u0113k\u0101m un p\u0101rb\u016bv\u0113t\u0101m, atjaunot\u0101m \u0113k\u0101m, kur\u0101m maina fas\u0101di vai \u0101r\u0113jo veidolu.<\/li>\n<p>&#13;\n<\/ul>\n<p>Piem\u0113ros procesos, kas uzs\u0101kti no 6. janv\u0101ra<\/p>\n<p>Groz\u012bjumi B\u016bvniec\u012bbas likum\u0101 noteic, ka vienoto procesu autom\u0101tiski piem\u0113ros visiem b\u016bvniec\u012bbas procesiem, kas BIS uzs\u0101kti no 2026.\u00a0gada\u00a06.\u00a0janv\u0101ra un kur zemes \u012bpa\u0161nieks b\u016bv\u0113 uz savas zemes.<\/p>\n<p>T\u0101pat to var piem\u0113rot ar\u012b b\u016bvniec\u012bbas procesiem, kas uzs\u0101kti l\u012bdz 2026.\u00a0gada\u00a06.\u00a0janv\u0101rim, ja izpild\u0101s \u0161\u0101di nosac\u012bjumi: zemes \u012bpa\u0161nieks b\u016bv\u0113 uz savas zemes, b\u016bvniec\u012bbas iecerei pievienoti oblig\u0101tie dokumenti un datnes, k\u0101 ar\u012b b\u016bvniec\u012bbas iecer\u0113 BIS v\u0113l nav iesniegts pazi\u0146ojums un izdar\u012bta atz\u012bme par b\u016bvdarbu pabeig\u0161anu vai pie\u0146emts akts par b\u016bves nodo\u0161anu ekspluat\u0101cij\u0101.<\/p>\n<p>Lai l\u012bdz 2026. gada 6. janv\u0101rim uzs\u0101kto b\u016bvniec\u012bbas procesu virz\u012btu vienot\u0101 proces\u0101, b\u016bvniec\u012bbas ierosin\u0101t\u0101jam BIS j\u0101sagatavo un j\u0101iesniedz b\u016bvvaldei iesniegums par izmai\u0146\u0101m b\u016bvat\u013cauj\u0101, nor\u0101dot zemes \u012bpa\u0161nieku, iesniegums par izmai\u0146\u0101m b\u016bvprojekt\u0101, pievienojot st\u0101vpl\u0101nu vektordatnes, k\u0101 ar\u012b iesniegumam par b\u016bvdarbu pabeig\u0161anu j\u0101pievieno izpildm\u0113r\u012bjumi un \u0113kas fotoatt\u0113li.<\/p>\n<p>S\u0101kot ar 2026. gada 1. apr\u012bli, vienotais process attieksies ar\u012b uz jaunb\u016bvju re\u0123istr\u0101ciju, ja t\u0101da ir nepiecie\u0161ama.<\/p>\n<p>Vienoto procesu piem\u0113ro, ja zemes \u012bpa\u0161nieks uz savas zemes b\u016bv\u0113 jaunu \u0113ku vai in\u017eenierb\u016bvi vai ar\u012b p\u0101rb\u016bv\u0113, atjauno eso\u0161u \u0113ku, in\u017eenierb\u016bvi vai telpu grupu (piem\u0113ram, dz\u012bvokli).<\/p>\n<blockquote><p>&#13;<\/p>\n<p>VZD paskaidro, ka netiek main\u012bta k\u0101rt\u012bba par to, k\u0101dus objektus re\u0123istr\u0113 Kadastr\u0101 vai ieraksta zemesgr\u0101mat\u0101.<\/p>\n<p>&#13;\n<\/p><\/blockquote>\n<p>Piem\u0113ram, Kadastr\u0101 pa\u0161laik un ar\u012b turpm\u0101k nere\u0123istr\u0113s pagaidu b\u016bves (b\u016bvdarbu veik\u0161anai nepiecie\u0161am\u0101s b\u016bves, kas j\u0101nojauc pirms objekta nodo\u0161anas ekspluat\u0101cij\u0101), melior\u0101cijas b\u016bves\u00a0u.\u00a0c.<\/p>\n<p>B\u016bves re\u0123istr\u0101cija k\u013c\u016bs \u0101tr\u0101ka<\/p>\n<p>Groz\u012bjumi MK noteikumos Nr. 263 \u201cKadastra objekta re\u0123istr\u0101cijas un kadastra datu aktualiz\u0101cijas noteikumi\u201d paredz iev\u0113rojami uzlabot datu apriti Kadastr\u0101. Proti, b\u016bves datu re\u0123istr\u0101cijas pakalpojuma termi\u0146\u0161 Kadastra inform\u0101cijas sist\u0113m\u0101 tiks samazin\u0101ts no 32\u00a0l\u012bdz 10\u00a0darba dien\u0101m. Izmai\u0146as st\u0101jas sp\u0113k\u0101 no 2026.\u00a0gada\u00a06.\u00a0janv\u0101ra un ir da\u013ca no vienot\u0101 b\u016bves re\u0123istr\u0101cijas procesa ievie\u0161anas.<\/p>\n<p>K\u0101 liecina VZD apr\u0113\u0137ini, priv\u0101tm\u0101jas re\u0123istr\u0101cija turpm\u0101k izmaks\u0101s divas reizes maz\u0101k nek\u0101 l\u012bdz \u0161im, turpret\u012b lielajiem objektiem ietaup\u012bjums sasniegs vair\u0101kus t\u016bksto\u0161us eiro.<\/p>\n<p>Gad\u012bjumos, kad j\u0101re\u0123istr\u0113 dati par vair\u0101k nek\u0101 trim b\u016bv\u0113m vai 10\u00a0telpu grup\u0101m, vai 100\u00a0telp\u0101m no vienas b\u016bvniec\u012bbas lietas, datu re\u0123istr\u0101cijas termi\u0146\u0161 paredz\u0113ts l\u012bdz 15\u00a0darba dien\u0101m.<\/p>\n<p>Sekot l\u012bdzi vienot\u0101 procesa izpildei (kur\u0101 izpildes posm\u0101 pakalpojums konkr\u0113taj\u0101 br\u012bd\u012b ir, kad dati re\u0123istr\u0113ti Kadastr\u0101\u00a0u.\u00a0c.) var\u0113s BIS\u00a0b\u016bvniec\u012bbas liet\u0101 un port\u0101l\u0101 Kadastrs.lv.<\/p>\n<p>Ar\u012b r\u0113\u0137ina apmaksa par re\u0123istr\u0101ciju Kadastr\u0101 un zemesgr\u0101mat\u0101 b\u016bs iesp\u0113jama vienuviet \u2013 BIS.<\/p>\n<p>&#13;<br \/>\n&#13;<\/p>\n<tr>&#13;<\/p>\n<td class=\"grayCell\">&#13;<br \/>\n<br \/>der zin\u0101t!&#13;<\/p>\n<p>Lai atvieglotu vienot\u0101 procesa ievie\u0161anu, BIS klienti atbalstu var\u0113s sa\u0146emt, zvanot uz sist\u0113mas atbalsta dienesta t\u0101lruni\u00a062004010. Savuk\u0101rt VZD no 2024.\u00a0gada\u00a01.\u00a0j\u016blija pieejams klientu atbalsta t\u0101lrunis\u00a067038800.<\/p>\n<p>&#13;\n<\/td>\n<p>&#13;<br \/>\n<\/tr>\n<p>&#13;<br \/>\n&#13;<\/p>\n<p>Groz\u012bti \u010detrpadsmit ties\u012bbu akti      <\/p>\n","protected":false},"excerpt":{"rendered":"Lai mazin\u0101tu birokr\u0101tiju un vienotu b\u016bves re\u0123istr\u0101cijas procesu \u2013 no idejas par b\u016bvi un pirm\u0101 ieraksta B\u016bvniec\u012bbas inform\u0101cijas&hellip;\n","protected":false},"author":2,"featured_media":95848,"comment_status":"","ping_status":"","sticky":false,"template":"","format":"standard","meta":{"footnotes":""},"categories":[12],"tags":[23,28,29,32,33,22,30,31,35,39,38,36,37,34,40,20,26,27,24,25,21],"class_list":{"0":"post-95847","1":"post","2":"type-post","3":"status-publish","4":"format-standard","5":"has-post-thumbnail","7":"category-latvija","8":"tag-aktualitates","9":"tag-breaking-news","10":"tag-breakingnews","11":"tag-featured-news","12":"tag-featurednews","13":"tag-headlines","14":"tag-latest-news","15":"tag-latestnews","16":"tag-latvia","17":"tag-latvian","18":"tag-latviesu","19":"tag-latviesu-valoda","20":"tag-latviesuvaloda","21":"tag-latvija","22":"tag-lv","23":"tag-news","24":"tag-popularakas-zinas","25":"tag-popularakaszinas","26":"tag-top-stories","27":"tag-topstories","28":"tag-zinas"},"share_on_mastodon":{"url":"https:\/\/pubeurope.com\/@lv\/115846824792304509","error":""},"_links":{"self":[{"href":"https:\/\/www.europesays.com\/lv\/wp-json\/wp\/v2\/posts\/95847","targetHints":{"allow":["GET"]}}],"collection":[{"href":"https:\/\/www.europesays.com\/lv\/wp-json\/wp\/v2\/posts"}],"about":[{"href":"https:\/\/www.europesays.com\/lv\/wp-json\/wp\/v2\/types\/post"}],"author":[{"embeddable":true,"href":"https:\/\/www.europesays.com\/lv\/wp-json\/wp\/v2\/users\/2"}],"replies":[{"embeddable":true,"href":"https:\/\/www.europesays.com\/lv\/wp-json\/wp\/v2\/comments?post=95847"}],"version-history":[{"count":0,"href":"https:\/\/www.europesays.com\/lv\/wp-json\/wp\/v2\/posts\/95847\/revisions"}],"wp:featuredmedia":[{"embeddable":true,"href":"https:\/\/www.europesays.com\/lv\/wp-json\/wp\/v2\/media\/95848"}],"wp:attachment":[{"href":"https:\/\/www.europesays.com\/lv\/wp-json\/wp\/v2\/media?parent=95847"}],"wp:term":[{"taxonomy":"category","embeddable":true,"href":"https:\/\/www.europesays.com\/lv\/wp-json\/wp\/v2\/categories?post=95847"},{"taxonomy":"post_tag","embeddable":true,"href":"https:\/\/www.europesays.com\/lv\/wp-json\/wp\/v2\/tags?post=95847"}],"curies":[{"name":"wp","href":"https:\/\/api.w.org\/{rel}","templated":true}]}}