{"id":95849,"date":"2026-01-06T06:51:08","date_gmt":"2026-01-06T06:51:08","guid":{"rendered":"https:\/\/www.europesays.com\/lv\/95849\/"},"modified":"2026-01-06T06:51:08","modified_gmt":"2026-01-06T06:51:08","slug":"vienmer-esmu-meginajusi-but-paspietiekama-santa","status":"publish","type":"post","link":"https:\/\/www.europesays.com\/lv\/95849\/","title":{"rendered":"Vienm\u0113r esmu m\u0113\u0123in\u0101jusi b\u016bt pa\u0161pietiekama \u2014 Santa"},"content":{"rendered":"<p>Vienm\u0113r stil\u012bga un eleganta \u2013 glu\u017ei k\u0101 kinod\u012bva. T\u0101 kinokriti\u0137e Dita Rietuma par\u0101d\u0101s filmu pirmizr\u0101d\u0113s un festiv\u0101los. \u00abEs dr\u012bz\u0101k esmu cilv\u0113ks vienpatis, nepiecie\u0161am\u012bba socializ\u0113ties man nekad nav bijusi sevi\u0161\u0137i tuva, lai gan esmu sevi piespiedusi to apg\u016bt,\u00bb intervij\u0101 \u017eurn\u0101lam Annas Psiholo\u0123ija atzin\u0101s Dita Rietuma.<\/p>\n<p>\u00a0<\/p>\n<p>\u00a0<\/p>\n<p>\u00abDiem\u017e\u0113l m\u0113s dz\u012bvojam visai brut\u0101l\u0101 sabiedr\u012bb\u0101, kur\u0101<\/p>\n<blockquote><p>&#13;<\/p>\n<p>vizu\u0101l\u0101s dailes un jaun\u012bbas standartu kategorija tom\u0113r ir gana noz\u012bm\u012bga, un tas jebkuram rada nedro\u0161\u012bbu,\u00bb uzskata Rietuma.<\/p>\n<p>&#13;\n<\/p><\/blockquote>\n<p>\u00abNo otras puses, nav ko par \u0161o t\u0113mu vaiman\u0101t, jo pie \u0101rk\u0101rt\u012bgi s\u016br\u0101 darba grafika, k\u0101ds man ir bijis vair\u0101k nek\u0101 tr\u012bsdesmit gadu garum\u0101, varu tikai priec\u0101ties, ka viss ar mani daudzmaz ir k\u0101rt\u012bb\u0101,\u00bb pasmaid\u012bja kinokriti\u0137e. \u00abNu ko, esmu padz\u012bvojusi sieviete, bet zini \u2013 man ir OK.<\/p>\n<p>Es vienm\u0113r kaut k\u0101 esmu m\u0113\u0123in\u0101jusi tren\u0113t zin\u0101mu pa\u0161pietiekam\u012bbu. Vienm\u0113r esmu m\u0113\u0123in\u0101jusi b\u016bt pa\u0161pietiekama un rad\u012bt dz\u012bvei strukt\u016bru, kur\u0101<\/p>\n<blockquote><p>&#13;<\/p>\n<p>fakts, ka man par\u0101d\u0101s v\u0113l k\u0101da krunka un nodev\u012bgi no\u013c\u016bk plaksti\u0146\u0161, tom\u0113r uzreiz nesagrauj ne manu dz\u012bvi, ne labsaj\u016btu,\u00bb t\u0101 Dita.<\/p>\n<p>&#13;\n<\/p><\/blockquote>\n<p>\u00a0<\/p>\n","protected":false},"excerpt":{"rendered":"Vienm\u0113r stil\u012bga un eleganta \u2013 glu\u017ei k\u0101 kinod\u012bva. T\u0101 kinokriti\u0137e Dita Rietuma par\u0101d\u0101s filmu pirmizr\u0101d\u0113s un festiv\u0101los. \u00abEs&hellip;\n","protected":false},"author":2,"featured_media":95850,"comment_status":"","ping_status":"","sticky":false,"template":"","format":"standard","meta":{"footnotes":""},"categories":[19],"tags":[89,90,35,39,38,36,37,34,40],"class_list":{"0":"post-95849","1":"post","2":"type-post","3":"status-publish","4":"format-standard","5":"has-post-thumbnail","7":"category-izklaide","8":"tag-entertainment","9":"tag-izklaide","10":"tag-latvia","11":"tag-latvian","12":"tag-latviesu","13":"tag-latviesu-valoda","14":"tag-latviesuvaloda","15":"tag-latvija","16":"tag-lv"},"share_on_mastodon":{"url":"https:\/\/pubeurope.com\/@lv\/115846832663781440","error":""},"_links":{"self":[{"href":"https:\/\/www.europesays.com\/lv\/wp-json\/wp\/v2\/posts\/95849","targetHints":{"allow":["GET"]}}],"collection":[{"href":"https:\/\/www.europesays.com\/lv\/wp-json\/wp\/v2\/posts"}],"about":[{"href":"https:\/\/www.europesays.com\/lv\/wp-json\/wp\/v2\/types\/post"}],"author":[{"embeddable":true,"href":"https:\/\/www.europesays.com\/lv\/wp-json\/wp\/v2\/users\/2"}],"replies":[{"embeddable":true,"href":"https:\/\/www.europesays.com\/lv\/wp-json\/wp\/v2\/comments?post=95849"}],"version-history":[{"count":0,"href":"https:\/\/www.europesays.com\/lv\/wp-json\/wp\/v2\/posts\/95849\/revisions"}],"wp:featuredmedia":[{"embeddable":true,"href":"https:\/\/www.europesays.com\/lv\/wp-json\/wp\/v2\/media\/95850"}],"wp:attachment":[{"href":"https:\/\/www.europesays.com\/lv\/wp-json\/wp\/v2\/media?parent=95849"}],"wp:term":[{"taxonomy":"category","embeddable":true,"href":"https:\/\/www.europesays.com\/lv\/wp-json\/wp\/v2\/categories?post=95849"},{"taxonomy":"post_tag","embeddable":true,"href":"https:\/\/www.europesays.com\/lv\/wp-json\/wp\/v2\/tags?post=95849"}],"curies":[{"name":"wp","href":"https:\/\/api.w.org\/{rel}","templated":true}]}}