{"id":95851,"date":"2026-01-06T06:52:16","date_gmt":"2026-01-06T06:52:16","guid":{"rendered":"https:\/\/www.europesays.com\/lv\/95851\/"},"modified":"2026-01-06T06:52:16","modified_gmt":"2026-01-06T06:52:16","slug":"kalendas-cetriniekam-pasaules-kausa-vinterberga-12-vieta","status":"publish","type":"post","link":"https:\/\/www.europesays.com\/lv\/95851\/","title":{"rendered":"Kalendas \u010detriniekam Pasaules kaus\u0101 Vinterberg\u0101 12. vieta"},"content":{"rendered":"<p>Lab\u0101ko trijniek\u0101 iek\u013cuva tikai V\u0101cijas \u010detrinieki. Pirmo vietu ie\u0146\u0113ma pirm\u0101 brauciena l\u012bdera Fran\u010desko Fr\u012bdriha ekip\u0101\u017ea, kas summ\u0101 fini\u0161\u0113ja min\u016bt\u0113 un 49,07 sekund\u0113s. Fr\u012bdrihs par 0,02 sekund\u0113m p\u0101rsp\u0113ja Johannesu Lohneru, bet Adams Am\u016brs piek\u0101p\u0101s 0,06 sekundes un bija tre\u0161ais.<\/p>\n<p>Pirmaj\u0101 braucien\u0101 Kalenda ar st\u016bm\u0113jiem Arni Bebri\u0161u, D\u0101vi Kaufmani un Lauri Kaufmani sasniedza 11. lab\u0101ko laiku. Otraj\u0101 braucien\u0101 Latvijas \u010detrinieks neuzlaboja rezult\u0101tu un, summ\u0101 zaud\u0113jot 0,79 sekundes, dal\u012bja 12. vietu ar \u0136\u012bnas ekip\u0101\u017eu.<\/p>\n<p>Savuk\u0101rt Granti\u0146\u0161 ar st\u016bm\u0113jiem Edgaru Unguru, Edgaru Nemmi un Mairi K\u013cavu pirmaj\u0101 braucien\u0101 sasniedza tikai 25. lab\u0101ko rezult\u0101tu 27 ekip\u0101\u017eu konkurenc\u0113 un nekvalific\u0113j\u0101s otrajam braucienam.<\/p>\n<p>Pasaules kausa kopv\u0113rt\u0113jum\u0101 p\u0113c piec\u0101m \u010detrinieku ekip\u0101\u017eu sacens\u012bb\u0101m l\u012bderis ar 1095 punktiem ir Lohners, par 45 punktiem apsteidzot Fr\u012bdrihu. Kalenda ar 568 punktiem atrodas 12. viet\u0101, bet Granti\u0146\u0161 ar 418 punktiem ir 17. poz\u012bcij\u0101. Junioru ieskait\u0113 latvie\u0161i ir attiec\u012bgi otraj\u0101 un ceturtaj\u0101 viet\u0101.<\/p>\n<p>Kalenda pirmaj\u0101 posm\u0101 Kort\u012bn\u0101 d&#8217;Ampeco bija 17. viet\u0101, Insbruk\u0101 bija 12., bet Lillehammeres sacens\u012bb\u0101s vi\u0146am bija 18. un desmit\u0101 poz\u012bcija. Granti\u0146\u0161 \u0161ajos etapos bija attiec\u012bgi 20., 21., 13. un 12. viet\u0101.<\/p>\n<p>Sestdien divniekos Granti\u0146\u0161 izc\u012bn\u012bja karjer\u0101 augst\u0101ko 11. vietu, start\u0113jot kop\u0101 ar Unguru, bet Kalenda ar D\u0101vi Kaufmani bija 18. poz\u012bcij\u0101.<\/p>\n<p>\u0160osezon, sportistiem c\u012bnoties par ce\u013caz\u012bm\u0113m uz 2026. gada Mil\u0101nas un Kort\u012bnas d&#8217;Ampeco olimpiskaj\u0101m sp\u0113l\u0113m, ir paredz\u0113ti septi\u0146i Pasaules kausa posmi. Sezonas turpin\u0101jum\u0101 posmi v\u0113l notiks Sanktmoric\u0101 un Altenberg\u0101.<\/p>\n","protected":false},"excerpt":{"rendered":"Lab\u0101ko trijniek\u0101 iek\u013cuva tikai V\u0101cijas \u010detrinieki. Pirmo vietu ie\u0146\u0113ma pirm\u0101 brauciena l\u012bdera Fran\u010desko Fr\u012bdriha ekip\u0101\u017ea, kas summ\u0101 fini\u0161\u0113ja&hellip;\n","protected":false},"author":2,"featured_media":95852,"comment_status":"","ping_status":"","sticky":false,"template":"","format":"standard","meta":{"footnotes":""},"categories":[17],"tags":[2158,11555,35,39,38,36,37,34,40,67],"class_list":{"0":"post-95851","1":"post","2":"type-post","3":"status-publish","4":"format-standard","5":"has-post-thumbnail","7":"category-sports","8":"tag-bobslejs","9":"tag-jekabs-kalenda","10":"tag-latvia","11":"tag-latvian","12":"tag-latviesu","13":"tag-latviesu-valoda","14":"tag-latviesuvaloda","15":"tag-latvija","16":"tag-lv","17":"tag-sports"},"share_on_mastodon":{"url":"https:\/\/pubeurope.com\/@lv\/115846836573240912","error":""},"_links":{"self":[{"href":"https:\/\/www.europesays.com\/lv\/wp-json\/wp\/v2\/posts\/95851","targetHints":{"allow":["GET"]}}],"collection":[{"href":"https:\/\/www.europesays.com\/lv\/wp-json\/wp\/v2\/posts"}],"about":[{"href":"https:\/\/www.europesays.com\/lv\/wp-json\/wp\/v2\/types\/post"}],"author":[{"embeddable":true,"href":"https:\/\/www.europesays.com\/lv\/wp-json\/wp\/v2\/users\/2"}],"replies":[{"embeddable":true,"href":"https:\/\/www.europesays.com\/lv\/wp-json\/wp\/v2\/comments?post=95851"}],"version-history":[{"count":0,"href":"https:\/\/www.europesays.com\/lv\/wp-json\/wp\/v2\/posts\/95851\/revisions"}],"wp:featuredmedia":[{"embeddable":true,"href":"https:\/\/www.europesays.com\/lv\/wp-json\/wp\/v2\/media\/95852"}],"wp:attachment":[{"href":"https:\/\/www.europesays.com\/lv\/wp-json\/wp\/v2\/media?parent=95851"}],"wp:term":[{"taxonomy":"category","embeddable":true,"href":"https:\/\/www.europesays.com\/lv\/wp-json\/wp\/v2\/categories?post=95851"},{"taxonomy":"post_tag","embeddable":true,"href":"https:\/\/www.europesays.com\/lv\/wp-json\/wp\/v2\/tags?post=95851"}],"curies":[{"name":"wp","href":"https:\/\/api.w.org\/{rel}","templated":true}]}}