{"id":95853,"date":"2026-01-06T06:55:09","date_gmt":"2026-01-06T06:55:09","guid":{"rendered":"https:\/\/www.europesays.com\/lv\/95853\/"},"modified":"2026-01-06T06:55:09","modified_gmt":"2026-01-06T06:55:09","slug":"bta-apdrosinajusi-devinus-dzivoklus-gazes-spradziena-cietusaja-eka-bauskas-iela","status":"publish","type":"post","link":"https:\/\/www.europesays.com\/lv\/95853\/","title":{"rendered":"BTA apdro\u0161in\u0101jusi devi\u0146us dz\u012bvok\u013cus g\u0101zes spr\u0101dzien\u0101 cietu\u0161aj\u0101 \u0113k\u0101 Bauskas iel\u0101"},"content":{"rendered":"<p>Komp\u0101nij\u0101 ar\u012b nor\u0101da, ka kop\u0113j\u0101 visu \u0161o devi\u0146u dz\u012bvok\u013cu apdro\u0161in\u0101juma summa sasniedz aptuveni 500 000 eiro.<\/p>\n<p>&#8220;Esam sazin\u0101ju\u0161ies ar visiem BTA klientiem, kuru dz\u012bvok\u013ci atrodas spr\u0101dzien\u0101 cietu\u0161aj\u0101 nam\u0101, nodro\u0161inot \u012bres maksu pagaidu m\u0101joklim un finansi\u0101lu pal\u012bdz\u012bbu pirm\u0101s nepiecie\u0161am\u012bbas mant\u0101m,&#8221; nor\u0101da BTA Apdro\u0161in\u0101\u0161anas atl\u012bdz\u012bbu departamenta direktors Ivo Dan\u010de.<\/p>\n<p>Tostarp vi\u0146\u0161 inform\u0113, ka BTA ir izmaks\u0101jusi kompens\u0101cijas par pagaidu \u012bres dz\u012bvok\u013ciem, k\u0101 ar\u012b izmaks\u0101jusi klientiem 1000 eiro par pirm\u0101s nepiecie\u0161am\u012bbas prec\u0113m.<\/p>\n<p>&#8220;Notiku\u0161\u0101 spr\u0101dzien\u0101 rad\u012bto boj\u0101jumu apm\u0113ru pagaid\u0101m nav iesp\u0113jams piln\u012bgi izv\u0113rt\u0113t, un tiek gaid\u012bti speci\u0101listu atzinumi, kas t\u0101l\u0101k \u013caus apr\u0113\u0137in\u0101t apdro\u0161in\u0101\u0161anas atl\u012bdz\u012bbu summas, lai m\u0113s k\u0101 apdro\u0161in\u0101\u0161anas sabiedr\u012bba var\u0113tu veikt kompens\u0101ciju izmaksas,&#8221; atz\u012bm\u0113 Dan\u010de.<\/p>\n<p>Jau zi\u0146ots, ka risku apdro\u0161in\u0101\u0161anas komp\u0101nija &#8220;Balta&#8221;, kas ietilpst PZU grup\u0101, g\u0101zes spr\u0101dzien\u0101 cietu\u0161aj\u0101 \u0113k\u0101 ir apdro\u0161in\u0101jusi asto\u0146us dz\u012bvok\u013cus, risku apdro\u0161in\u0101t\u0101js &#8220;Compensa Vienna Insurance Group&#8221; (&#8220;Compensa&#8221;) &#8211; tr\u012bs dz\u012bvok\u013cus, bet risku apdro\u0161in\u0101\u0161anas komp\u0101nija &#8220;If P&amp;C Insurance&#8221; (&#8220;If&#8221;) &#8211; divus dz\u012bvok\u013cus.<\/p>\n<p>Spr\u0101dziens piecst\u0101vu dz\u012bvojam\u0101 m\u0101j\u0101 Tor\u0146akaln\u0101 piektdien, 2. janv\u0101r\u012b, notika neleg\u0101li boj\u0101ta g\u0101zes vada d\u0113\u013c. T\u0101 rezult\u0101t\u0101 sagruvu\u0161i \u0113kas aug\u0161\u0113jie st\u0101vi un jumts, no m\u0101jas evaku\u0113ti iedz\u012bvot\u0101ji, vair\u0101ki cilv\u0113ki guvu\u0161i traumas, bet divi g\u0101ju\u0161i boj\u0101. Pa\u0161vald\u012bba nodro\u0161ina pagaidu izmitin\u0101\u0161anas iesp\u0113jas spr\u0101dzien\u0101 cietu\u0161ajiem iedz\u012bvot\u0101jiem.<\/p>\n","protected":false},"excerpt":{"rendered":"Komp\u0101nij\u0101 ar\u012b nor\u0101da, ka kop\u0113j\u0101 visu \u0161o devi\u0146u dz\u012bvok\u013cu apdro\u0161in\u0101juma summa sasniedz aptuveni 500 000 eiro. &#8220;Esam sazin\u0101ju\u0161ies&hellip;\n","protected":false},"author":2,"featured_media":95854,"comment_status":"","ping_status":"","sticky":false,"template":"","format":"standard","meta":{"footnotes":""},"categories":[12],"tags":[23,12336,28,29,32,33,23521,22,30,31,35,39,38,36,37,34,40,4139,20,26,27,24,25,21],"class_list":{"0":"post-95853","1":"post","2":"type-post","3":"status-publish","4":"format-standard","5":"has-post-thumbnail","7":"category-latvija","8":"tag-aktualitates","9":"tag-apdrosinasana","10":"tag-breaking-news","11":"tag-breakingnews","12":"tag-featured-news","13":"tag-featurednews","14":"tag-gazes-spradziens-tornakalna","15":"tag-headlines","16":"tag-latest-news","17":"tag-latestnews","18":"tag-latvia","19":"tag-latvian","20":"tag-latviesu","21":"tag-latviesu-valoda","22":"tag-latviesuvaloda","23":"tag-latvija","24":"tag-lv","25":"tag-nekustamais-ipasums","26":"tag-news","27":"tag-popularakas-zinas","28":"tag-popularakaszinas","29":"tag-top-stories","30":"tag-topstories","31":"tag-zinas"},"share_on_mastodon":{"url":"https:\/\/pubeurope.com\/@lv\/115846848292970833","error":""},"_links":{"self":[{"href":"https:\/\/www.europesays.com\/lv\/wp-json\/wp\/v2\/posts\/95853","targetHints":{"allow":["GET"]}}],"collection":[{"href":"https:\/\/www.europesays.com\/lv\/wp-json\/wp\/v2\/posts"}],"about":[{"href":"https:\/\/www.europesays.com\/lv\/wp-json\/wp\/v2\/types\/post"}],"author":[{"embeddable":true,"href":"https:\/\/www.europesays.com\/lv\/wp-json\/wp\/v2\/users\/2"}],"replies":[{"embeddable":true,"href":"https:\/\/www.europesays.com\/lv\/wp-json\/wp\/v2\/comments?post=95853"}],"version-history":[{"count":0,"href":"https:\/\/www.europesays.com\/lv\/wp-json\/wp\/v2\/posts\/95853\/revisions"}],"wp:featuredmedia":[{"embeddable":true,"href":"https:\/\/www.europesays.com\/lv\/wp-json\/wp\/v2\/media\/95854"}],"wp:attachment":[{"href":"https:\/\/www.europesays.com\/lv\/wp-json\/wp\/v2\/media?parent=95853"}],"wp:term":[{"taxonomy":"category","embeddable":true,"href":"https:\/\/www.europesays.com\/lv\/wp-json\/wp\/v2\/categories?post=95853"},{"taxonomy":"post_tag","embeddable":true,"href":"https:\/\/www.europesays.com\/lv\/wp-json\/wp\/v2\/tags?post=95853"}],"curies":[{"name":"wp","href":"https:\/\/api.w.org\/{rel}","templated":true}]}}