{"id":95855,"date":"2026-01-06T07:02:09","date_gmt":"2026-01-06T07:02:09","guid":{"rendered":"https:\/\/www.europesays.com\/lv\/95855\/"},"modified":"2026-01-06T07:02:09","modified_gmt":"2026-01-06T07:02:09","slug":"maskas-ir-kritusas-broka-teiktais-intervija-izsauc-asu-sabiedribas-reakciju","status":"publish","type":"post","link":"https:\/\/www.europesays.com\/lv\/95855\/","title":{"rendered":"\u201cMaskas ir kritu\u0161as!\u201d Broka teiktais intervij\u0101 izsauc asu sabiedr\u012bbas reakciju"},"content":{"rendered":"<p>    <img decoding=\"async\" src=\"https:\/\/www.europesays.com\/lv\/wp-content\/uploads\/2026\/01\/LET_24811146-1024x687.jpg\" alt=\"&#10;Armands Broks&#10;\"\/><\/p>\n<p>Armands Broks<\/p>\n<p>Foto. Ieva Leini\u0161a\/LETA\n<\/p>\n<p>Jau <a href=\"https:\/\/www.la.lv\/es-to-uzzinaju-no-kada-nakts-tvita-broks-pirmo-reizi-publiski-par-vienotibas-spiegu-hermana-raksturu-un-skelsanos\" rel=\"noopener nofollow\" target=\"_blank\">v\u0113st\u012bj\u0101m<\/a>, ka Latvijas Radio raid\u012bjum\u0101 \u201cKrustpunkt\u0101\u201d viesoj\u0101s uz\u0146\u0113m\u0113js Armands Broks, kur\u0161 pirmo reizi publiski izteic\u0101s par Alvja Herma\u0146a pievieno\u0161anos partijai \u201cRepublika\u201d. Broka intervija izpeln\u012bjusies pla\u0161u rezonansi ar\u012b soci\u0101lajos t\u012bklos. <\/p>\n<p>        Las\u012bt\u0101kie<br \/>\n        <a data-imagesrc=\"{&quot;300&quot;:&quot;https:\\\/\\\/lastatic.ams3.cdn.digitaloceanspaces.com\\\/2024\\\/05\\\/Horens-Stalbe-300x187.png&quot;,&quot;1024&quot;:&quot;https:\\\/\\\/lastatic.ams3.cdn.digitaloceanspaces.com\\\/2024\\\/05\\\/Horens-Stalbe-1024x638.png&quot;,&quot;768&quot;:&quot;https:\\\/\\\/lastatic.ams3.cdn.digitaloceanspaces.com\\\/2024\\\/05\\\/Horens-Stalbe-768x479.png&quot;,&quot;200&quot;:&quot;https:\\\/\\\/lastatic.ams3.cdn.digitaloceanspaces.com\\\/2024\\\/05\\\/Horens-Stalbe-200x125.png&quot;,&quot;400&quot;:&quot;https:\\\/\\\/lastatic.ams3.cdn.digitaloceanspaces.com\\\/2024\\\/05\\\/Horens-Stalbe-400x249.png&quot;,&quot;500&quot;:&quot;https:\\\/\\\/lastatic.ams3.cdn.digitaloceanspaces.com\\\/2024\\\/05\\\/Horens-Stalbe-500x312.png&quot;,&quot;800&quot;:&quot;https:\\\/\\\/lastatic.ams3.cdn.digitaloceanspaces.com\\\/2024\\\/05\\\/Horens-Stalbe-800x499.png&quot;,&quot;1000&quot;:&quot;https:\\\/\\\/lastatic.ams3.cdn.digitaloceanspaces.com\\\/2024\\\/05\\\/Horens-Stalbe-1000x623.png&quot;,&quot;1473&quot;:&quot;https:\\\/\\\/lastatic.ams3.cdn.digitaloceanspaces.com\\\/2024\\\/05\\\/Horens-Stalbe.png&quot;}\" data-focuspoint=\"{&quot;x&quot;:&quot;56.984616325554136&quot;,&quot;y&quot;:&quot;49.319696288951896&quot;}\" data-p=\"2488499\" href=\"https:\/\/www.la.lv\/video-apsveicu-draugi-ukraina-saimniekos-krievi-horens-stalbe-satraukts-par-latvijas-drosibu\" class=\"content-item lazy-load\" wp_automatic_readability=\"27.5\" rel=\"nofollow noopener\" target=\"_blank\"><\/p>\n<p>                                <img decoding=\"async\" src=\"\" alt=\"\" style=\"object-position: 56.984616325554136% 49.319696288951896%\" data-imageid=\"\"\/><\/p>\n<p>                                            VIDEO. \u201cApsveicu, draugi, Ukrain\u0101 saimniekos krievi!\u201d Horens Stalbe satraukts par Latvijas dro\u0161\u012bbu\n                            <\/p>\n<p><\/a><a data-imagesrc=\"{&quot;300&quot;:&quot;https:\\\/\\\/lastatic.ams3.cdn.digitaloceanspaces.com\\\/2021\\\/12\\\/Vanga-300x215.jpg&quot;,&quot;768&quot;:&quot;https:\\\/\\\/lastatic.ams3.cdn.digitaloceanspaces.com\\\/2021\\\/12\\\/Vanga-768x551.jpg&quot;,&quot;200&quot;:&quot;https:\\\/\\\/lastatic.ams3.cdn.digitaloceanspaces.com\\\/2021\\\/12\\\/Vanga-200x144.jpg&quot;,&quot;400&quot;:&quot;https:\\\/\\\/lastatic.ams3.cdn.digitaloceanspaces.com\\\/2021\\\/12\\\/Vanga-400x287.jpg&quot;,&quot;500&quot;:&quot;https:\\\/\\\/lastatic.ams3.cdn.digitaloceanspaces.com\\\/2021\\\/12\\\/Vanga-500x359.jpg&quot;,&quot;800&quot;:&quot;https:\\\/\\\/lastatic.ams3.cdn.digitaloceanspaces.com\\\/2021\\\/12\\\/Vanga.jpg&quot;}\" data-focuspoint=\"{&quot;x&quot;:&quot;52.68180802701698&quot;,&quot;y&quot;:&quot;48.88063675072124&quot;}\" data-p=\"2488125\" href=\"https:\/\/www.la.lv\/vai-kada-no-tam-piepildisies-vangas-7-prognozes-2026-gadam-gaisrege-paregojusi-jaunas-liela-meroga-problemas\" class=\"content-item lazy-load\" wp_automatic_readability=\"26.5\" rel=\"nofollow noopener\" target=\"_blank\"><\/p>\n<p>                                <img decoding=\"async\" src=\"\" alt=\"\" style=\"object-position: 52.68180802701698% 48.88063675072124%\" data-imageid=\"\"\/><\/p>\n<p>                                Kokteilis<\/p>\n<p>\n                                                Vai k\u0101da no t\u0101m piepild\u012bsies? Vangas 7 prognozes 2026. gadam \u2013 gai\u0161re\u0123e pare\u0123ojusi jaunas liela m\u0113roga probl\u0113mas\n                            <\/p>\n<p><\/a><a data-imagesrc=\"{&quot;300&quot;:&quot;https:\\\/\\\/lastatic.ams3.cdn.digitaloceanspaces.com\\\/2026\\\/01\\\/LET_24881478-300x192.jpg&quot;,&quot;1024&quot;:&quot;https:\\\/\\\/lastatic.ams3.cdn.digitaloceanspaces.com\\\/2026\\\/01\\\/LET_24881478-1024x656.jpg&quot;,&quot;1536&quot;:&quot;https:\\\/\\\/lastatic.ams3.cdn.digitaloceanspaces.com\\\/2026\\\/01\\\/LET_24881478-1536x985.jpg&quot;,&quot;500&quot;:&quot;https:\\\/\\\/lastatic.ams3.cdn.digitaloceanspaces.com\\\/2026\\\/01\\\/LET_24881478-500x321.jpg&quot;,&quot;800&quot;:&quot;https:\\\/\\\/lastatic.ams3.cdn.digitaloceanspaces.com\\\/2026\\\/01\\\/LET_24881478-800x513.jpg&quot;,&quot;2560&quot;:&quot;https:\\\/\\\/lastatic.ams3.cdn.digitaloceanspaces.com\\\/2026\\\/01\\\/LET_24881478-scaled.jpg&quot;}\" data-focuspoint=\"&quot;&quot;\" data-p=\"2488317\" href=\"https:\/\/www.la.lv\/situacija-ir-kluvusi-bistama-iedzivotaji-baidas-mana-gimene-viens-jau-nomira-no-si-adazu-iedzivotaji-ir-nopietni-satraukti-par-savu-drosibu\" class=\"content-item lazy-load\" wp_automatic_readability=\"27\" rel=\"nofollow noopener\" target=\"_blank\"><\/p>\n<p>                                <img decoding=\"async\" src=\"\" alt=\"\" style=\"\" data-imageid=\"\"\/><\/p>\n<p>\n                                                \u201cSitu\u0101cija ir k\u013cuvusi b\u012bstama \u2013 iedz\u012bvot\u0101ji baid\u0101s, man\u0101 \u0123imen\u0113 viens jau  nomira no \u0161\u012b!\u201d \u0100da\u017eu iedz\u012bvot\u0101ji ir nopietni satraukti par savu dro\u0161\u012bbu\n                            <\/p>\n<p><\/a><br \/>\n        <a class=\"read-more\" href=\"https:\/\/www.la.lv\/top\" rel=\"nofollow noopener\" target=\"_blank\">Las\u012bt citas zi\u0146as<\/a><\/p>\n<p>K\u0101 zin\u0101ms, Alvis Hermanis 2025. gada p\u0113d\u0113j\u0101 dien\u0101 pazi\u0146oja, ka izst\u0101jas no politisk\u0101s kust\u012bbas \u201cBez partij\u0101m\u201d, ko pats bija dibin\u0101jis. Broks \u0161\u0101du l\u0113mumu koment\u0113ja sakot: \u201c(..) es to ar\u012b uzzin\u0101ju no k\u0101da nakts tv\u012bta n\u0101kamaj\u0101 dien\u0101. Mums bija izsludin\u0101ts konkurss uz biroja vad\u012bt\u0101ja vietu. Bija pieteiku\u0161ies vair\u0101k nek\u0101 50 cilv\u0113ki un tad m\u0113s diskut\u0113j\u0101m, cilv\u0113ki n\u0101ca uz sarun\u0101m, bet Alvim neviens neder\u0113ja. <\/p>\n<p>Es teicu nek\u0101du probl\u0113mu, ja tev \u0161ie neder, tad pied\u0101v\u0101 savu variantu. No r\u012bta es uzzin\u0101ju, ka esmu \u201cVienot\u012bbas\u201d spiegs vai kas taml\u012bdz\u012bgs. Man liekas, ka emocion\u0101ls un vienk\u0101r\u0161s l\u0113mums, jo Alvis pieradis, ka ir re\u017eisors un visi dara, k\u0101 vi\u0146\u0161 saka, ja k\u0101ds iebilst vai izaicina, tas uzreiz ir sliktais. Man liekas, ka sadarb\u012bba un darbs komand\u0101 visp\u0101r ir latvie\u0161a probl\u0113ma, un ar\u012b m\u0113s esam tam pier\u0101d\u012bjums!\u201d <\/p>\n<p>    CITI \u0160OBR\u012aD LASA<\/p>\n<p>Soci\u0101laj\u0101 mediju platform\u0101 \u201cX\u201d cilv\u0113ki akt\u012bvi diskut\u0113 un apmain\u0101s ar viedok\u013ciem par Armanda Broka sniegto interviju raid\u012bjumam \u201cKrustpunkt\u0101\u201d. <\/p>\n<p>L\u016bk, ko par to dom\u0101 sabiedr\u012bba!<\/p>\n<p><img decoding=\"async\" src=\"https:\/\/www.europesays.com\/lv\/wp-content\/uploads\/2026\/01\/Ekranuznemums-2026-01-06-082607.png\" alt=\"\"\/><br \/>\n<img decoding=\"async\" src=\"https:\/\/www.europesays.com\/lv\/wp-content\/uploads\/2026\/01\/Ekranuznemums-2026-01-06-082642.png\" alt=\"\"\/><br \/>\n<img decoding=\"async\" src=\"https:\/\/www.europesays.com\/lv\/wp-content\/uploads\/2026\/01\/Ekranuznemums-2026-01-06-082545.png\" alt=\"\"\/><br \/>\n<img decoding=\"async\" src=\"https:\/\/www.europesays.com\/lv\/wp-content\/uploads\/2026\/01\/Ekranuznemums-2026-01-06-082754-kopija.png\" alt=\"\"\/><br \/>\n<img decoding=\"async\" src=\"https:\/\/www.europesays.com\/lv\/wp-content\/uploads\/2026\/01\/Ekranuznemums-2026-01-06-082818-kopija.png\" alt=\"\"\/><br \/>\n<img decoding=\"async\" src=\"https:\/\/www.europesays.com\/lv\/wp-content\/uploads\/2026\/01\/Ekranuznemums-2026-01-06-083022.png\" alt=\"\"\/><br \/>\n<img decoding=\"async\" src=\"https:\/\/www.europesays.com\/lv\/wp-content\/uploads\/2026\/01\/Ekranuznemums-2026-01-06-083133.png\" alt=\"\"\/><br \/>\n<img decoding=\"async\" src=\"https:\/\/www.europesays.com\/lv\/wp-content\/uploads\/2026\/01\/Ekranuznemums-2026-01-06-083147.png\" alt=\"\"\/><br \/>\n<img decoding=\"async\" src=\"https:\/\/www.europesays.com\/lv\/wp-content\/uploads\/2026\/01\/Ekranuznemums-2026-01-06-083314.png\" alt=\"\"\/><\/p>\n<p>Ar\u012b <a href=\"https:\/\/www.la.lv\/armands-bija-loti-atklats-tikai-samelojas-ka-hermanis-noskatijies-bijusa-partnera-broka-interviju-krustpunkta\" rel=\"noopener nofollow\" target=\"_blank\">Alvis Hermanis<\/a> jau pasp\u0113jis izteikties par intervij\u0101 dzird\u0113to. \u201cArmands bija \u013coti atkl\u0101ts. Drusku tikai sameloj\u0101s par to, ka esmu viena punkta partijas piekrit\u0113js. Nav taisn\u012bba.\u201d <\/p>\n<p>Sarunu ar uz\u0146\u0113m\u0113ju Armandu Broku!<\/p>\n<p>T\u0113mas<\/p>\n<p>    SAIST\u012aTIE RAKSTI<\/p>\n","protected":false},"excerpt":{"rendered":"Armands Broks Foto. Ieva Leini\u0161a\/LETA Jau v\u0113st\u012bj\u0101m, ka Latvijas Radio raid\u012bjum\u0101 \u201cKrustpunkt\u0101\u201d viesoj\u0101s uz\u0146\u0113m\u0113js Armands Broks, kur\u0161 pirmo&hellip;\n","protected":false},"author":2,"featured_media":95856,"comment_status":"","ping_status":"","sticky":false,"template":"","format":"standard","meta":{"footnotes":""},"categories":[5],"tags":[23,28,29,32,33,22,30,31,35,39,38,36,37,34,40,20,26,27,24,25,21],"class_list":{"0":"post-95855","1":"post","2":"type-post","3":"status-publish","4":"format-standard","5":"has-post-thumbnail","7":"category-aktualitates","8":"tag-aktualitates","9":"tag-breaking-news","10":"tag-breakingnews","11":"tag-featured-news","12":"tag-featurednews","13":"tag-headlines","14":"tag-latest-news","15":"tag-latestnews","16":"tag-latvia","17":"tag-latvian","18":"tag-latviesu","19":"tag-latviesu-valoda","20":"tag-latviesuvaloda","21":"tag-latvija","22":"tag-lv","23":"tag-news","24":"tag-popularakas-zinas","25":"tag-popularakaszinas","26":"tag-top-stories","27":"tag-topstories","28":"tag-zinas"},"share_on_mastodon":{"url":"https:\/\/pubeurope.com\/@lv\/115846875950777582","error":""},"_links":{"self":[{"href":"https:\/\/www.europesays.com\/lv\/wp-json\/wp\/v2\/posts\/95855","targetHints":{"allow":["GET"]}}],"collection":[{"href":"https:\/\/www.europesays.com\/lv\/wp-json\/wp\/v2\/posts"}],"about":[{"href":"https:\/\/www.europesays.com\/lv\/wp-json\/wp\/v2\/types\/post"}],"author":[{"embeddable":true,"href":"https:\/\/www.europesays.com\/lv\/wp-json\/wp\/v2\/users\/2"}],"replies":[{"embeddable":true,"href":"https:\/\/www.europesays.com\/lv\/wp-json\/wp\/v2\/comments?post=95855"}],"version-history":[{"count":0,"href":"https:\/\/www.europesays.com\/lv\/wp-json\/wp\/v2\/posts\/95855\/revisions"}],"wp:featuredmedia":[{"embeddable":true,"href":"https:\/\/www.europesays.com\/lv\/wp-json\/wp\/v2\/media\/95856"}],"wp:attachment":[{"href":"https:\/\/www.europesays.com\/lv\/wp-json\/wp\/v2\/media?parent=95855"}],"wp:term":[{"taxonomy":"category","embeddable":true,"href":"https:\/\/www.europesays.com\/lv\/wp-json\/wp\/v2\/categories?post=95855"},{"taxonomy":"post_tag","embeddable":true,"href":"https:\/\/www.europesays.com\/lv\/wp-json\/wp\/v2\/tags?post=95855"}],"curies":[{"name":"wp","href":"https:\/\/api.w.org\/{rel}","templated":true}]}}