{"id":95857,"date":"2026-01-06T07:06:04","date_gmt":"2026-01-06T07:06:04","guid":{"rendered":"https:\/\/www.europesays.com\/lv\/95857\/"},"modified":"2026-01-06T07:06:04","modified_gmt":"2026-01-06T07:06:04","slug":"venecuelas-opozicijas-lidere-macado-sola-iespejami-driz-atgriezties-venecuela","status":"publish","type":"post","link":"https:\/\/www.europesays.com\/lv\/95857\/","title":{"rendered":"Venecu\u0113las opoz\u012bcijas l\u012bdere Ma\u010dado sola iesp\u0113jami dr\u012bz atgriezties Venecu\u0113l\u0101"},"content":{"rendered":"<p class=\"lead\">\n                                Venecu\u0113las opoz\u012bcijas l\u012bdere Marija Korina Ma\u010dado pirmdien pazi\u0146oja, ka pl\u0101no iesp\u0113jami dr\u012bz atgriezties dzimten\u0113, un kritiz\u0113ja pagaidu prezidenti Delsiju Rodrigesu.\n                            <\/p>\n<p style=\"margin-left:0px;\">&#8220;Es pl\u0101noju iesp\u0113jami dr\u012bz doties atpaka\u013c uz Venecu\u0113lu,&#8221; Ma\u010dado pazi\u0146oja ASV telekan\u0101la &#8220;Fox News&#8221; diktoram \u0160onam Hanitijam, sniedzot interviju no vietas, kas netika izpausta.<\/p>\n<p style=\"margin-left:0px;\">Ma\u010dado piebilda, ka vi\u0146a uzskata, ka pagaidu prezidente Delsija Rodrigesa &#8220;ir viena no galvenajiem sp\u012bdzin\u0101\u0161anas, vaj\u0101\u0161anas, korupcijas, narkotrafika arhitektiem&#8221;.<\/p>\n<p style=\"margin-left:0px;\">Ma\u010dado \u0161aj\u0101 intervij\u0101 ar\u012b sac\u012bja, ka &#8220;br\u012bva Venecu\u0113la&#8221; ar pasaul\u0113 liel\u0101kaj\u0101m naftas rezerv\u0113m k\u013c\u016bs par Zieme\u013camerikas un Dienvidamerikas &#8220;ener\u0123ijas centru&#8221;. &#8220;M\u0113s p\u0101rv\u0113rt\u012bsim Venecu\u0113lu par Amerikas ener\u0123ijas centru,&#8221; sac\u012bja Ma\u010dado.<\/p>\n<p>Tramps: V\u0113l\u0113\u0161anas Venecu\u0113l\u0101 tuv\u0101ko 30 dienu laik\u0101 nav gaid\u0101mas<\/p>\n<p style=\"margin-left:0px;\">V\u0113l\u0113\u0161anas Venecu\u0113l\u0101 tuv\u0101ko 30 dienu laik\u0101 nav gaid\u0101mas, intervij\u0101 telekan\u0101lam NBC sac\u012bja ASV prezidents Donalds Tramps.<\/p>\n<p style=\"margin-left:0px;\">&#8220;Vispirms mums ir j\u0101salabo \u0161\u012b valsts. V\u0113l\u0113\u0161anas nevar notikt,&#8221; teica Tramps.<\/p>\n<blockquote>\n<p style=\"margin-left:0px;\">&#8220;Tam b\u016bs vajadz\u012bgs zin\u0101ms laiks. Mums ir j\u0101\u0101rst\u0113 valsts, lai t\u0101 atg\u016btu vesel\u012bbu,&#8221;\u00a0<\/p>\n<\/blockquote>\n<p style=\"margin-left:0px;\">piebilda prezidents.<\/p>\n<p style=\"margin-left:0px;\">Venecu\u0113las vald\u012bba joproj\u0101m uzskata ASV milit\u0101r\u0101s oper\u0101cijas gait\u0101 sag\u016bst\u012bto l\u012bderi Nikolasu Maduro par valsts likum\u012bgo prezidentu.<\/p>\n<p style=\"margin-left:0px;\">Saska\u0146\u0101 ar Venecu\u0113las konstit\u016bciju past\u0101v\u012bgas prezidenta promb\u016btnes gad\u012bjum\u0101 prezidenta amatu p\u0101r\u0146em viceprezidents, kam 30 dienu laik\u0101 j\u0101organiz\u0113 jaunas v\u0113l\u0113\u0161anas.<\/p>\n<p style=\"margin-left:0px;\">Pagaid\u0101m nav skaidrs, vai jaun\u0101 vad\u012bba pa\u0161reiz\u0113jo situ\u0101ciju uzskata par past\u0101v\u012bgu promb\u016btni.<\/p>\n<p style=\"margin-left:0px;\">Jau zi\u0146ots, ka Venecu\u0113las viceprezidente Delsija Rodrigesa pirmdien nodeva pagaidu prezidentes zv\u0113restu un ir nor\u0101d\u012bjusi, ka sadarbosies ar Va\u0161ingtonu.<\/p>\n<p style=\"margin-left:0px;\">Venecu\u0113las prezidents Nikolass Maduro un vi\u0146a sieva sestdien tika sag\u016bst\u012bti ASV milit\u0101r\u0101 oper\u0101cij\u0101 un nog\u0101d\u0101ti \u0145ujork\u0101, kur tiks ties\u0101ti saist\u012bb\u0101 ar krimin\u0101laps\u016bdz\u012bb\u0101m par narkotiku nog\u0101d\u0101\u0161anu uz ASV.<\/p>\n<p><img decoding=\"async\" src=\"https:\/\/www.europesays.com\/lv\/wp-content\/uploads\/2026\/01\/20260105220030695c185e02cc3.jpg\" alt=\"Venecu\u0113las \" revolucion=\"\" p=\"\" nikol=\"\" maduro=\"\" un=\"\" s=\"\" floresa.=\"\" vi=\"\" vienoja=\"\" vara=\"\" nauda=\"\" narkobizness.=\"\" att=\"\" abi=\"\" priek=\"\" m=\"\" karakas=\"\" gada=\"\" maij=\"\" loading=\"lazy\"\/><\/p>\n<p style=\"margin-left:0px;\">ASV valsts sekret\u0101rs Marko Rubio pazi\u0146ojis, ka Va\u0161ingtona ir gatava sadarboties ar Rodrigesu un p\u0101r\u0113jiem Venecu\u0113las l\u012bderiem, un uzsv\u0113ra, ka ASV vi\u0146us v\u0113rt\u0113s p\u0113c darbiem, nevis p\u0113c publiskajiem izteikumiem.<\/p>\n<p class=\"paragraph-muted\">Izv\u0113lies savu soct\u012bklu platformu, lai sekotu LASI.LV: <a href=\"https:\/\/www.facebook.com\/portals.lasi.lv\" target=\"_blank\" rel=\"noopener noreferrer nofollow\">Facebook<\/a>, <a href=\"https:\/\/twitter.com\/lasilvportals\" target=\"_blank\" rel=\"noopener noreferrer nofollow\">X<\/a>, <a href=\"https:\/\/bsky.app\/profile\/lasilv.bsky.social\" target=\"_blank\" rel=\"noopener noreferrer nofollow\">Bluesky<\/a>, <a href=\"https:\/\/www.draugiem.lv\/lasilv\/?pg=4\" target=\"_blank\" rel=\"noopener noreferrer nofollow\">Draugiem<\/a>, <a href=\"https:\/\/www.threads.com\/@lasilv_zinas\" rel=\"nofollow noopener\" target=\"_blank\">Threads<\/a> vai ar\u012b <a href=\"https:\/\/www.instagram.com\/lasilv_zinas\/\" target=\"_blank\" rel=\"noopener noreferrer nofollow\">Instagram<\/a>. Pievienojies m\u016bsu las\u012bt\u0101ju pulkam, lai sa\u0146emtu \u012bpa\u0161i tev atlas\u012btu noder\u012bgu, praktisku un aktu\u0101lu saturu.\u00a0<\/p>\n<p style=\"margin-left:auto;\">Pieraksties LASI.LV redaktora v\u0113stkopai <a href=\"https:\/\/lasi.lv\/vestkopa\/lasi-lv-galvena-redaktora-vestkopa\" rel=\"nofollow noopener\" target=\"_blank\">\u0161eit<\/a>.<\/p>\n<p>Pieraksties v\u0113stkopai un divas reizes ned\u0113\u013c\u0101 sa\u0146em padzi\u013cin\u0101tu LASI.LV galven\u0101 redaktora aktu\u0101lo zi\u0146u, kompetentu viedok\u013cu un interesant\u0101ko interviju apkopojumu.<\/p>\n<p>Ko tu sa\u0146emsi:<\/p>\n<ul>\n<li>Daudzveid\u012bgus koment\u0101rus un kompetentus Latvijas Mediju \u017eurn\u0101listu un autoru viedok\u013cus par aktu\u0101lo<\/li>\n<li>Ekspertu koment\u0101rus par da\u017e\u0101diem praktiskiem, noder\u012bgiem tematiem<\/li>\n<li>Aizraujo\u0161us materi\u0101lus par v\u0113sturi, psiholo\u0123iju, kult\u016bru<\/li>\n<li>Gata \u0160\u013c\u016bkas karikat\u016bru<\/li>\n<li>Tav\u0101 e-pasta kast\u012bt\u0113 katru ceturtdienu<\/li>\n<\/ul>\n<p style=\"margin-left:auto;\">\u00a0<\/p>\n<p><script async src=\"https:\/\/platform.twitter.com\/widgets.js\" charset=\"utf-8\"><\/script><script async src=\"\/\/www.instagram.com\/embed.js\"><\/script><\/p>\n","protected":false},"excerpt":{"rendered":"Venecu\u0113las opoz\u012bcijas l\u012bdere Marija Korina Ma\u010dado pirmdien pazi\u0146oja, ka pl\u0101no iesp\u0113jami dr\u012bz atgriezties dzimten\u0113, un kritiz\u0113ja pagaidu prezidenti&hellip;\n","protected":false},"author":2,"featured_media":95858,"comment_status":"","ping_status":"","sticky":false,"template":"","format":"standard","meta":{"footnotes":""},"categories":[14],"tags":[23,57,28,29,32,33,22,30,31,35,39,38,36,37,34,40,20,26,27,24,25,54,55,56,21,58],"class_list":{"0":"post-95857","1":"post","2":"type-post","3":"status-publish","4":"format-standard","5":"has-post-thumbnail","7":"category-zinas-no-arvalstim","8":"tag-aktualitates","9":"tag-arvalstim","10":"tag-breaking-news","11":"tag-breakingnews","12":"tag-featured-news","13":"tag-featurednews","14":"tag-headlines","15":"tag-latest-news","16":"tag-latestnews","17":"tag-latvia","18":"tag-latvian","19":"tag-latviesu","20":"tag-latviesu-valoda","21":"tag-latviesuvaloda","22":"tag-latvija","23":"tag-lv","24":"tag-news","25":"tag-popularakas-zinas","26":"tag-popularakaszinas","27":"tag-top-stories","28":"tag-topstories","29":"tag-world","30":"tag-world-news","31":"tag-worldnews","32":"tag-zinas","33":"tag-zinas-no-arvalstim"},"share_on_mastodon":{"url":"https:\/\/pubeurope.com\/@lv\/115846891610234044","error":""},"_links":{"self":[{"href":"https:\/\/www.europesays.com\/lv\/wp-json\/wp\/v2\/posts\/95857","targetHints":{"allow":["GET"]}}],"collection":[{"href":"https:\/\/www.europesays.com\/lv\/wp-json\/wp\/v2\/posts"}],"about":[{"href":"https:\/\/www.europesays.com\/lv\/wp-json\/wp\/v2\/types\/post"}],"author":[{"embeddable":true,"href":"https:\/\/www.europesays.com\/lv\/wp-json\/wp\/v2\/users\/2"}],"replies":[{"embeddable":true,"href":"https:\/\/www.europesays.com\/lv\/wp-json\/wp\/v2\/comments?post=95857"}],"version-history":[{"count":0,"href":"https:\/\/www.europesays.com\/lv\/wp-json\/wp\/v2\/posts\/95857\/revisions"}],"wp:featuredmedia":[{"embeddable":true,"href":"https:\/\/www.europesays.com\/lv\/wp-json\/wp\/v2\/media\/95858"}],"wp:attachment":[{"href":"https:\/\/www.europesays.com\/lv\/wp-json\/wp\/v2\/media?parent=95857"}],"wp:term":[{"taxonomy":"category","embeddable":true,"href":"https:\/\/www.europesays.com\/lv\/wp-json\/wp\/v2\/categories?post=95857"},{"taxonomy":"post_tag","embeddable":true,"href":"https:\/\/www.europesays.com\/lv\/wp-json\/wp\/v2\/tags?post=95857"}],"curies":[{"name":"wp","href":"https:\/\/api.w.org\/{rel}","templated":true}]}}