{"id":95911,"date":"2026-01-06T07:54:09","date_gmt":"2026-01-06T07:54:09","guid":{"rendered":"https:\/\/www.europesays.com\/lv\/95911\/"},"modified":"2026-01-06T07:54:09","modified_gmt":"2026-01-06T07:54:09","slug":"kadirovs-cecenijas-vicepremjera-amata-iecel-20-gadus-veco-delu","status":"publish","type":"post","link":"https:\/\/www.europesays.com\/lv\/95911\/","title":{"rendered":"Kadirovs \u010ce\u010denijas vicepremjera amat\u0101 iece\u013c 20 gadus veco d\u0113lu"},"content":{"rendered":"<p>Par paaugstin\u0101jumu l\u012bderis pav\u0113st\u012bja platform\u0101 &#8220;Telegram&#8221;.<\/p>\n<p>Kadirovs nepreciz\u0113ja, vai d\u0113la iecel\u0161ana jaunaj\u0101 amat\u0101 ir saist\u012bta ar pa\u0161a \u010ce\u010denijas l\u012bdera slikto vesel\u012bbas st\u0101vokli.<\/p>\n<p>\u012asi pirms gadu mijas mediji zi\u0146oja, ka Kadirovs Maskav\u0101 ievietots slimn\u012bc\u0101. Ofici\u0101li tas nav apstiprin\u0101ts.<\/p>\n<p>L\u012bdz\u0101s Ahmatam Kadirovam amatus \u010ce\u010denijas vald\u012bb\u0101 ie\u0146em ar\u012b vair\u0101ki citi \u010ce\u010denijas l\u012bdera radinieki.<\/p>\n<p>Kopum\u0101 aptuveni 100 Kadirova \u0123imenes locek\u013cu ir saist\u012bti ar varasiest\u0101d\u0113m, un \u0161aj\u0101 zi\u0146\u0101 vi\u0146\u0161 ir pirmaj\u0101 viet\u0101 Krievij\u0101.<\/p>\n<p>Saska\u0146\u0101 ar medija &#8220;Projekt&#8221; datiem otraj\u0101 viet\u0101 ir Krievijas diktators Vladimirs Putins, kam vado\u0161os amatos ir vair\u0101k nek\u0101 20 radinieku.<\/p>\n","protected":false},"excerpt":{"rendered":"Par paaugstin\u0101jumu l\u012bderis pav\u0113st\u012bja platform\u0101 &#8220;Telegram&#8221;. Kadirovs nepreciz\u0113ja, vai d\u0113la iecel\u0161ana jaunaj\u0101 amat\u0101 ir saist\u012bta ar pa\u0161a \u010ce\u010denijas&hellip;\n","protected":false},"author":2,"featured_media":95912,"comment_status":"","ping_status":"","sticky":false,"template":"","format":"standard","meta":{"footnotes":""},"categories":[14],"tags":[23,57,28,29,14031,32,33,22,30,31,35,39,38,36,37,34,40,20,26,27,23846,24,25,54,55,56,21,58],"class_list":{"0":"post-95911","1":"post","2":"type-post","3":"status-publish","4":"format-standard","5":"has-post-thumbnail","7":"category-zinas-no-arvalstim","8":"tag-aktualitates","9":"tag-arvalstim","10":"tag-breaking-news","11":"tag-breakingnews","12":"tag-cecenija","13":"tag-featured-news","14":"tag-featurednews","15":"tag-headlines","16":"tag-latest-news","17":"tag-latestnews","18":"tag-latvia","19":"tag-latvian","20":"tag-latviesu","21":"tag-latviesu-valoda","22":"tag-latviesuvaloda","23":"tag-latvija","24":"tag-lv","25":"tag-news","26":"tag-popularakas-zinas","27":"tag-popularakaszinas","28":"tag-prokremlisks","29":"tag-top-stories","30":"tag-topstories","31":"tag-world","32":"tag-world-news","33":"tag-worldnews","34":"tag-zinas","35":"tag-zinas-no-arvalstim"},"share_on_mastodon":{"url":"https:\/\/pubeurope.com\/@lv\/115847080305716397","error":""},"_links":{"self":[{"href":"https:\/\/www.europesays.com\/lv\/wp-json\/wp\/v2\/posts\/95911","targetHints":{"allow":["GET"]}}],"collection":[{"href":"https:\/\/www.europesays.com\/lv\/wp-json\/wp\/v2\/posts"}],"about":[{"href":"https:\/\/www.europesays.com\/lv\/wp-json\/wp\/v2\/types\/post"}],"author":[{"embeddable":true,"href":"https:\/\/www.europesays.com\/lv\/wp-json\/wp\/v2\/users\/2"}],"replies":[{"embeddable":true,"href":"https:\/\/www.europesays.com\/lv\/wp-json\/wp\/v2\/comments?post=95911"}],"version-history":[{"count":0,"href":"https:\/\/www.europesays.com\/lv\/wp-json\/wp\/v2\/posts\/95911\/revisions"}],"wp:featuredmedia":[{"embeddable":true,"href":"https:\/\/www.europesays.com\/lv\/wp-json\/wp\/v2\/media\/95912"}],"wp:attachment":[{"href":"https:\/\/www.europesays.com\/lv\/wp-json\/wp\/v2\/media?parent=95911"}],"wp:term":[{"taxonomy":"category","embeddable":true,"href":"https:\/\/www.europesays.com\/lv\/wp-json\/wp\/v2\/categories?post=95911"},{"taxonomy":"post_tag","embeddable":true,"href":"https:\/\/www.europesays.com\/lv\/wp-json\/wp\/v2\/tags?post=95911"}],"curies":[{"name":"wp","href":"https:\/\/api.w.org\/{rel}","templated":true}]}}