{"id":95915,"date":"2026-01-06T08:00:07","date_gmt":"2026-01-06T08:00:07","guid":{"rendered":"https:\/\/www.europesays.com\/lv\/95915\/"},"modified":"2026-01-06T08:00:07","modified_gmt":"2026-01-06T08:00:07","slug":"rotko-muzeja-krajuma-izstade-rezekne-izjutams-daugavpils-cietoksna-vietas-gars","status":"publish","type":"post","link":"https:\/\/www.europesays.com\/lv\/95915\/","title":{"rendered":"Rotko muzeja kr\u0101juma izst\u0101d\u0113 R\u0113zekn\u0113 izj\u016btams Daugavpils cietok\u0161\u0146a \u201cVietas gars\u201d"},"content":{"rendered":"<p>\t\t        \t<a href=\"https:\/\/www.daugavpils.lv\/assets\/upload\/news\/2026\/01\/ukasz-koniuszy-poland-spirit-of-a-place-ii-2035-digital-print-100-x-70-cm-gr-706_max.jpg\" rel=\"nofollow noopener\" target=\"_blank\"><img decoding=\"async\" src=\"https:\/\/www.europesays.com\/lv\/wp-content\/uploads\/2026\/01\/ukasz-koniuszy-poland-spirit-of-a-place-ii-2035-digital-print-100-x-70-cm-gr-706_sml.jpg\" class=\"news-image\" title=\"Rotko muzeja kr\u0101juma izst\u0101d\u0113 R\u0113zekn\u0113 izj\u016btams Daugavpils cietok\u0161\u0146a \u201cVietas gars\u201d\" alt=\"Rotko muzeja kr\u0101juma izst\u0101d\u0113 R\u0113zekn\u0113 izj\u016btams Daugavpils cietok\u0161\u0146a \u201cVietas gars\u201d\"\/><\/a><\/p>\n<p>Latgales Kult\u016brv\u0113stures muzej\u0101 R\u0113zekn\u0113 no 2026. gada 9. janv\u0101ra skat\u0101ma izst\u0101de \u201cVietas gars\u201d, atr\u0101dot Daugavpils cietok\u0161\u0146a vides iedvesmotas Rotko muzeja kr\u0101juma v\u0113rt\u012bbas.<\/p>\n<p>&#13;<\/p>\n<p>Izst\u0101d\u0113 \u201cVietas gars\u201d skat\u0101mie m\u0101kslas darbi tver Daugavpils cietok\u0161\u0146a v\u0113sturisko, arhitektonisko un m\u0101ksliniecisko substanci. Risin\u0101ti grafikas, glezniec\u012bbas un t\u0113lniec\u012bbas medij\u0101, tie iemieso autoru saj\u016btu amplit\u016bdu par lok\u0101li situ\u0113tu pieredzi un sapl\u016bst daudzbals\u012bg\u0101 vizu\u0101l\u0101 v\u0113st\u012bjum\u0101 par telpu un cilv\u0113ka kl\u0101tb\u016btnes nospiedumiem.<\/p>\n<p>&#13;<\/p>\n<p>V\u0113sturisk\u0101s Dinaburgas pils\u0113tas viet\u0101 1878. gad\u0101 uzb\u016bv\u0113tais cietoksnis ir kult\u016bras mantojuma liec\u012bba, kas divu gadsimtu laik\u0101 ir main\u012bjusi savu s\u0101kotn\u0113jo funkciju no nocietin\u0101ta milit\u0101ra objekta uz atv\u0113rtu, daudzsl\u0101\u0146ainu kult\u016brtelpu. \u0160eit m\u0101kslinieki p\u0113ta laika nospiedumus, strukt\u016bru ritmus, materi\u0101lu notur\u012bbu un cilv\u0113ka attiec\u012bbas ar vidi. Ik m\u0101kslas darbs, kas tapis cietok\u0161\u0146a teritorij\u0101, ir liec\u012bba tam, k\u0101 vieta ieg\u016bst st\u0101stu, arhitekt\u016bra atraisa emocijas, bet ainava iemanto simbolisku un metaforisku dimensiju.<\/p>\n<p>&#13;<\/p>\n<p>Izst\u0101d\u0113 p\u0101rst\u0101v\u0113ti S\u0101ra Kariljo Kardenasa un Luka\u0161s Ko\u0146u\u0161ijs (Polija), Inga Heamegi (Igaunija), Edvins Dragi\u010devi\u010ds (Horv\u0101tija), \u0160ivona P\u012brsija (\u012arija), Elizabete Rouza (ASV), Rasmuss Dano (D\u0101nija), Karo Josta un Jirgens H\u0113ri\u010ds (V\u0101cija), Senso (\u0160veice) un Egons Per\u0161\u0113vi\u010ds (Latvija).<\/p>\n<p>&#13;<\/p>\n<p>Izst\u0101des atkl\u0101\u0161ana gaid\u0101ma 9. janv\u0101r\u012b plkst. 15.00 Latgales Kult\u016brv\u0113stures muzej\u0101 R\u0113zekn\u0113, Atbr\u012bvo\u0161anas alej\u0101 102.<\/p>\n<p>&#13;<\/p>\n<p>Izst\u0101de skat\u0101ma l\u012bdz 21. febru\u0101rim.<\/p>\n<p>&#13;<\/p>\n<p>\u00a0<\/p>\n<p>&#13;<\/p>\n<p>Rotko muzejs Daugavpil\u012b ir daudzfunkcion\u0101ls m\u016bsdienu m\u0101kslas, kult\u016bras un izgl\u012bt\u012bbas centrs, kas veicina dialogu starp Rotko mantojumu un m\u016bsdienu rado\u0161ajiem procesiem. Muzeja kr\u0101jumu veido vair\u0101k nek\u0101 tr\u012bs t\u016bksto\u0161i m\u0101kslas darbu da\u017e\u0101dos m\u0101kslas medijos, p\u0101rst\u0101vot Latvijas un pasaules m\u0101ksliniekus, kas dom\u0101 un rada modernisma m\u0101kslas virzien\u0101.\u00a0 \u00a0 \u00a0 \u00a0 \u00a0 \u00a0 \u00a0 \u00a0 \u00a0 \u00a0 \u00a0 \u00a0 \u00a0 \u00a0 \u00a0 \u00a0 \u00a0 \u00a0\u00a0<\/p>\n<p>&#13;<\/p>\n<p>Publicit\u0101tes att\u0113ls: Luka\u0161s Ko\u0146u\u0161ijs (\u0141ukasz Koniuszy, Polija) Vietas gars II (2025). Digit\u0101l\u0101 druka, 100 x 70 cm, GR-706.<\/p>\n<p>&#13;<\/p>\n<p>Papildu inform\u0101cija:<br \/>Zane Mel\u0101ne, Rotko muzejs<br \/><a href=\"http:\/\/www.daugavpils.lv\/cdn-cgi\/l\/email-protection#c4bea5aaa1eaa9a1a8a5aaa184a0a5b1a3a5b2b4ada8b7eaa8b2\" rel=\"nofollow noopener\" target=\"_blank\">[email\u00a0protected]<\/a><\/p>\n<p>&#13;<\/p>\n<p>\u00a0<\/p>\n","protected":false},"excerpt":{"rendered":"Latgales Kult\u016brv\u0113stures muzej\u0101 R\u0113zekn\u0113 no 2026. gada 9. janv\u0101ra skat\u0101ma izst\u0101de \u201cVietas gars\u201d, atr\u0101dot Daugavpils cietok\u0161\u0146a vides iedvesmotas&hellip;\n","protected":false},"author":2,"featured_media":95916,"comment_status":"","ping_status":"","sticky":false,"template":"","format":"standard","meta":{"footnotes":""},"categories":[14],"tags":[23,57,28,29,32,33,22,30,31,35,39,38,36,37,34,40,20,26,27,24,25,54,55,56,21,58],"class_list":{"0":"post-95915","1":"post","2":"type-post","3":"status-publish","4":"format-standard","5":"has-post-thumbnail","7":"category-zinas-no-arvalstim","8":"tag-aktualitates","9":"tag-arvalstim","10":"tag-breaking-news","11":"tag-breakingnews","12":"tag-featured-news","13":"tag-featurednews","14":"tag-headlines","15":"tag-latest-news","16":"tag-latestnews","17":"tag-latvia","18":"tag-latvian","19":"tag-latviesu","20":"tag-latviesu-valoda","21":"tag-latviesuvaloda","22":"tag-latvija","23":"tag-lv","24":"tag-news","25":"tag-popularakas-zinas","26":"tag-popularakaszinas","27":"tag-top-stories","28":"tag-topstories","29":"tag-world","30":"tag-world-news","31":"tag-worldnews","32":"tag-zinas","33":"tag-zinas-no-arvalstim"},"share_on_mastodon":{"url":"https:\/\/pubeurope.com\/@lv\/115847103939628258","error":""},"_links":{"self":[{"href":"https:\/\/www.europesays.com\/lv\/wp-json\/wp\/v2\/posts\/95915","targetHints":{"allow":["GET"]}}],"collection":[{"href":"https:\/\/www.europesays.com\/lv\/wp-json\/wp\/v2\/posts"}],"about":[{"href":"https:\/\/www.europesays.com\/lv\/wp-json\/wp\/v2\/types\/post"}],"author":[{"embeddable":true,"href":"https:\/\/www.europesays.com\/lv\/wp-json\/wp\/v2\/users\/2"}],"replies":[{"embeddable":true,"href":"https:\/\/www.europesays.com\/lv\/wp-json\/wp\/v2\/comments?post=95915"}],"version-history":[{"count":0,"href":"https:\/\/www.europesays.com\/lv\/wp-json\/wp\/v2\/posts\/95915\/revisions"}],"wp:featuredmedia":[{"embeddable":true,"href":"https:\/\/www.europesays.com\/lv\/wp-json\/wp\/v2\/media\/95916"}],"wp:attachment":[{"href":"https:\/\/www.europesays.com\/lv\/wp-json\/wp\/v2\/media?parent=95915"}],"wp:term":[{"taxonomy":"category","embeddable":true,"href":"https:\/\/www.europesays.com\/lv\/wp-json\/wp\/v2\/categories?post=95915"},{"taxonomy":"post_tag","embeddable":true,"href":"https:\/\/www.europesays.com\/lv\/wp-json\/wp\/v2\/tags?post=95915"}],"curies":[{"name":"wp","href":"https:\/\/api.w.org\/{rel}","templated":true}]}}