{"id":95922,"date":"2026-01-06T08:08:13","date_gmt":"2026-01-06T08:08:13","guid":{"rendered":"https:\/\/www.europesays.com\/lv\/95922\/"},"modified":"2026-01-06T08:08:13","modified_gmt":"2026-01-06T08:08:13","slug":"treneris-atklaj-skarbu-realitati-par-merzlikina-situaciju-tvnet-sports","status":"publish","type":"post","link":"https:\/\/www.europesays.com\/lv\/95922\/","title":{"rendered":"Treneris atkl\u0101j skarbu realit\u0101ti par Merz\u013cikina situ\u0101ciju &#8211; TVNET Sports"},"content":{"rendered":"<ol>\n<li><a href=\"https:\/\/news.google.com\/rss\/articles\/CBMikwFBVV95cUxOVzlKeDl0NWVfM2U3clBjVzlRM1laLVRMQnJQMG9RUEpralZCZ0I3aTByTkp3M0pRT1FNTWQ3V1IwRGJuZlQ3Uk12WDNtZ3RIdW5LWTlMcW42X0MtNlJZUG5kWk1IOERHTGVnUC1fUWVSYXoxb2VzcWFxQXM0X3BfSGdueW0wWGFubjE4SXZPWnluanM?oc=5\" target=\"_blank\" rel=\"nofollow noopener\">Treneris atkl\u0101j skarbu realit\u0101ti par Merz\u013cikina situ\u0101ciju<\/a>&nbsp;&nbsp;TVNET Sports<\/li>\n<li><a href=\"https:\/\/news.google.com\/rss\/articles\/CBMi1gFBVV95cUxNT1R4U1djMWJGUUtSLTA1ZWJPWE5DR2Eya2ZBNFNfUDNJUnRmV2RfRVlKSllMdXZ4YW9TTWw1NXBLZGRUbXlOaW5jblRuWklTOHNSSzZZSHRHZHhQNXhxMFRneUpqVmRYbXVUTTM2TlhKdmMxalh1MXl2U010eTBGZzN5dTRBa2ZIdXJzaGsyNzVMUGlST2pVa0N0VmZsNzBQT0h0Y25FWkFIMV9ST2xEcEhrNWVVSVVTQXFoQW1qU1ZLOXNJTFpXTnNHR2pxLTkwMW9nWWh3?oc=5\" target=\"_blank\" rel=\"nofollow noopener\">&#8220;Es neko nej\u016btu&#8230;&#8221; Emocion\u0101li iztuk\u0161otais Merz\u013cikins atz\u012bst bezsp\u0113c\u012bbu un gaida olimpi\u0101di<\/a>&nbsp;&nbsp;Delfi<\/li>\n<li><a href=\"https:\/\/news.google.com\/rss\/articles\/CBMijwFBVV95cUxNaDkyd2ZzLWw4a19TSzlIVHlvQWdDbGItR0NpUHY0V0JIMWNhTm51N0JEanVONnFRSXRpbjFOVGFORnNXeWZzcDBEOElfUGdPNTJaMzNmdm1GSmM2S2VuNWdoT01Vd0JrblJ6VkszMFBWeENBUU5HQWtGWkNNVlktajlZdHVfbnowZndYamhIcw?oc=5\" target=\"_blank\" rel=\"nofollow noopener\">&#8220;Blue Jackets&#8221; st\u016brmanis pagaid\u0101m neredz Merz\u013cikina atgrie\u0161anos v\u0101rtos \u2013 Hokejs<\/a>&nbsp;&nbsp;Sportacentrs.com<\/li>\n<li><a href=\"https:\/\/news.google.com\/rss\/articles\/CBMiqAFBVV95cUxOcUZLRUZWUkFNQUZ0cnRoQUpaRlU1aDBETkFGMTZKb2EzSlJXeWprVHBaenpwTDVTVi1LanZJQmlOSzdMc2xnNHpSaDR0Y0w2ei12VzJ0eUJDbzh0VEVSVDFSODFWRkx0NEN3UzU1LXdQR3VKMFMycGxUMzRHUmVfNnNrdWdjQ2tjM3VyTlBCOXVUSnJiMW9qVThtZHlQN0t2QVFTeDAzUFg?oc=5\" target=\"_blank\" rel=\"nofollow noopener\">\u201cBlue Jackets\u201d r\u012bkojas netipiski un otraj\u0101 ma\u010d\u0101 div\u0101s dien\u0101s v\u0101rtsargus nerot\u0113<\/a>&nbsp;&nbsp;Sportazinas.com<\/li>\n<li><a href=\"https:\/\/news.google.com\/rss\/articles\/CBMi0wFBVV95cUxPNF9NNGg1ajQyTTlhSXVfaE5ZeHMwRHVvdGlGWVpDUUM0SWZKSVNlVXgteVFINnpCU1R6dlpYZVFJaWRiM3c4RDFoOTAtbE5pYlZIQXFSVTNOMDY0VVpDcW53UElpOHg0RmZfSmlpOUNYODBFblZxam1CQ2E2Nl9RUnBOMnl4Ym1hczU5RXgzQ2gwVkQ4d2ZpM2Z3VGhJdTJNUDhjUkg5VkVwSmpQT0dNcVV0UTAyUWxfcVprTFBpSmlLeXVlZ2dnTDBXX2EwbThKc1RF?oc=5\" target=\"_blank\" rel=\"nofollow noopener\">Merz\u013cikins n\u0101k no soli\u0146a, &#8220;Blue Jackets&#8221; uzvar Otav\u0101; &#8220;Canucks&#8221; bull\u012b\u0161os p\u0101rsp\u0113j &#8220;Kraken&#8221;<\/a>&nbsp;&nbsp;Lente.lv<\/li>\n<\/ol>\n","protected":false},"excerpt":{"rendered":"Treneris atkl\u0101j skarbu realit\u0101ti par Merz\u013cikina situ\u0101ciju&nbsp;&nbsp;TVNET Sports &#8220;Es neko nej\u016btu&#8230;&#8221; Emocion\u0101li iztuk\u0161otais Merz\u013cikins atz\u012bst bezsp\u0113c\u012bbu un gaida&hellip;\n","protected":false},"author":2,"featured_media":95664,"comment_status":"","ping_status":"","sticky":false,"template":"","format":"standard","meta":{"footnotes":""},"categories":[5],"tags":[23,28,29,1436,32,33,22,836,838,394,721,1519,30,31,35,39,38,36,37,34,40,20,835,26,27,24,25,1324,21],"class_list":{"0":"post-95922","1":"post","2":"type-post","3":"status-publish","4":"format-standard","5":"has-post-thumbnail","7":"category-aktualitates","8":"tag-aktualitates","9":"tag-breaking-news","10":"tag-breakingnews","11":"tag-elvis-merzlikins","12":"tag-featured-news","13":"tag-featurednews","14":"tag-headlines","15":"tag-hokeja-jaunumi","16":"tag-hokejisti-arzemes","17":"tag-hokejs","18":"tag-hokejs-pasaule","19":"tag-kolumbusas-blue-jackets","20":"tag-latest-news","21":"tag-latestnews","22":"tag-latvia","23":"tag-latvian","24":"tag-latviesu","25":"tag-latviesu-valoda","26":"tag-latviesuvaloda","27":"tag-latvija","28":"tag-lv","29":"tag-news","30":"tag-nhl","31":"tag-popularakas-zinas","32":"tag-popularakaszinas","33":"tag-top-stories","34":"tag-topstories","35":"tag-tvnet-sports","36":"tag-zinas"},"share_on_mastodon":{"url":"https:\/\/pubeurope.com\/@lv\/115847135382768680","error":""},"_links":{"self":[{"href":"https:\/\/www.europesays.com\/lv\/wp-json\/wp\/v2\/posts\/95922","targetHints":{"allow":["GET"]}}],"collection":[{"href":"https:\/\/www.europesays.com\/lv\/wp-json\/wp\/v2\/posts"}],"about":[{"href":"https:\/\/www.europesays.com\/lv\/wp-json\/wp\/v2\/types\/post"}],"author":[{"embeddable":true,"href":"https:\/\/www.europesays.com\/lv\/wp-json\/wp\/v2\/users\/2"}],"replies":[{"embeddable":true,"href":"https:\/\/www.europesays.com\/lv\/wp-json\/wp\/v2\/comments?post=95922"}],"version-history":[{"count":0,"href":"https:\/\/www.europesays.com\/lv\/wp-json\/wp\/v2\/posts\/95922\/revisions"}],"wp:featuredmedia":[{"embeddable":true,"href":"https:\/\/www.europesays.com\/lv\/wp-json\/wp\/v2\/media\/95664"}],"wp:attachment":[{"href":"https:\/\/www.europesays.com\/lv\/wp-json\/wp\/v2\/media?parent=95922"}],"wp:term":[{"taxonomy":"category","embeddable":true,"href":"https:\/\/www.europesays.com\/lv\/wp-json\/wp\/v2\/categories?post=95922"},{"taxonomy":"post_tag","embeddable":true,"href":"https:\/\/www.europesays.com\/lv\/wp-json\/wp\/v2\/tags?post=95922"}],"curies":[{"name":"wp","href":"https:\/\/api.w.org\/{rel}","templated":true}]}}