{"id":95945,"date":"2026-01-06T08:36:04","date_gmt":"2026-01-06T08:36:04","guid":{"rendered":"https:\/\/www.europesays.com\/lv\/95945\/"},"modified":"2026-01-06T08:36:04","modified_gmt":"2026-01-06T08:36:04","slug":"dusmas-ironija-un-zults-donalds-tramps-soctiklos-keras-zakat-dzordzu-kluniju-jauns-lv","status":"publish","type":"post","link":"https:\/\/www.europesays.com\/lv\/95945\/","title":{"rendered":"Dusmas, ironija un \u017eults: Donalds Tramps soct\u012bklos \u0137eras z\u0101k\u0101t D\u017eord\u017eu Kl\u016bniju &#8211; Jauns.lv"},"content":{"rendered":"<ol>\n<li><a href=\"https:\/\/news.google.com\/rss\/articles\/CBMitwFBVV95cUxQbl9mckhZN2JnWjRuRzVleVhBTVZZakVLT09uM3ZyN2dMU21RSXJrV0stNUZoSl93Y0kzNmx5RjJhZzZwNXc4ZHBQTk1QRko4YXZOeUVUU0hHWUNTaWVNNTNwZ1NVV0U2M2JlbjhrUWI4X0JVbGNvYVc1ZHdkbHNOblVsaThSV1VVT1p1UXRMdjNLaE8wRDUzRnktRlEtTmFoN0lVWnZ0U0VSYzk1dTVNbjNXWmtoZW8?oc=5\" target=\"_blank\" rel=\"nofollow noopener\">Dusmas, ironija un \u017eults: Donalds Tramps soct\u012bklos \u0137eras z\u0101k\u0101t D\u017eord\u017eu Kl\u016bniju<\/a>&nbsp;&nbsp;Jauns.lv<\/li>\n<li><a href=\"https:\/\/news.google.com\/rss\/articles\/CBMioAFBVV95cUxQdG1wZ1pTTV9WUTJHTkFhYnIyTklKdVdMQ0JLNTNjQVNHdHp3dlhpNFF4NVhhSUt1WmFEVGJaUkMyRHN2TmNYU2JTYm4tZVVuUWlySEtuZE9YdHloMVRKVnkxZWFiSEVHMEloTnRWbWdVdDlxcHRjS1F5S0h1Mi12RnlNMG14SENQdWgwd2laa29nZXk2OGhrSlIxbGdsZzRj?oc=5\" target=\"_blank\" rel=\"nofollow noopener\">&#8220;Merci, \u017dor\u017e!&#8221; Kl\u016bniju \u0123imene sa\u0146em Francijas pilson\u012bbu un sadusmo Trampu<\/a>&nbsp;&nbsp;Apollo.lv<\/li>\n<li><a href=\"https:\/\/news.google.com\/rss\/articles\/CBMi3wFBVV95cUxPZG1EODBoZ2JWYVJpeUFVYldBbXBHaVp5UmVkdDBiOGpxNTlRWWd0d1FEd0VIQ0Y4ZnhFV3dkSGs2cnNhb1h6MFJ0a1h3elAtVmZQUExjV0dLN1JVUFVIZmZZazJKYkNBamhscFAyQTFtNVZKYjV1MEVvS2d6LU1Hb1ZKQTJPOXlQaDVHMnVMSWV0VFNVTXpxNERfcFJpei1VLVdfTXRSdVY1U3U0ODdqYy03ME9rbGZNSGx5ZlozX1AzYXZpSWEwQWdnS1hmZy1fVHdkN0l3dHFJa25PQmtN?oc=5\" target=\"_blank\" rel=\"nofollow noopener\">D\u017eord\u017es Kl\u016bnijs un Tramps apmain\u0101s ar asumiem p\u0113c aktierim pie\u0161\u0137irt\u0101s Francijas pilson\u012bbas<\/a>&nbsp;&nbsp;Delfi<\/li>\n<li><a href=\"https:\/\/news.google.com\/rss\/articles\/CBMikAFBVV95cUxQSnZaczltT1preWU0b0syOThYdm9VSEwyVGVnVFFTRzFLQ2EySVU1VF8xRUhMSG5yNmJrcUxpWGxjR1A3Y29pNldYZWJGdVQybVllYWtiRXowNGxjbmdfaGs5akFITUpWeUtpZjRCd1FDbEp1UjBVVFhtSldKMjNpcDc3MzE4ckVYRGF6VWlqTEk?oc=5\" target=\"_blank\" rel=\"nofollow noopener\">D\u017eord\u017es un Amala Kl\u016bniji k\u013cuvu\u0161i par Francijas pilso\u0146iem<\/a>&nbsp;&nbsp;Sejas.lv<\/li>\n<li><a href=\"https:\/\/news.google.com\/rss\/articles\/CBMiqgFBVV95cUxQZE9qSEJnOGVaam5yQ0xvemRzMGJ3MjdWbjFTdjM1MGFhRzd2RGFNTEE3NXZISmtoTEdMT1htMW1XQXVzdm1Wb3MtU3MyQW5nd0VfRUNva2xZQ1dkd2I2UFVlbEV1d0xFZ2xWU1h0NGlheWdfdzd3YzYwTVVxNDA3QkhwVXJ1LVkzalZyZU1VaEVWM2tJUWhIend2S0lTc2tNblU3NnNSaUY3UQ?oc=5\" target=\"_blank\" rel=\"nofollow noopener\">B\u0113g\u0161ana no Holivudas kult\u016bras<\/a>&nbsp;&nbsp;Apollo.lv<\/li>\n<\/ol>\n","protected":false},"excerpt":{"rendered":"Dusmas, ironija un \u017eults: Donalds Tramps soct\u012bklos \u0137eras z\u0101k\u0101t D\u017eord\u017eu Kl\u016bniju&nbsp;&nbsp;Jauns.lv &#8220;Merci, \u017dor\u017e!&#8221; Kl\u016bniju \u0123imene sa\u0146em Francijas pilson\u012bbu&hellip;\n","protected":false},"author":2,"featured_media":95946,"comment_status":"","ping_status":"","sticky":false,"template":"","format":"standard","meta":{"footnotes":""},"categories":[14],"tags":[23,57,28,29,32,33,22,30,31,35,39,38,36,37,34,40,20,26,27,24,25,54,55,56,21,58],"class_list":{"0":"post-95945","1":"post","2":"type-post","3":"status-publish","4":"format-standard","5":"has-post-thumbnail","7":"category-zinas-no-arvalstim","8":"tag-aktualitates","9":"tag-arvalstim","10":"tag-breaking-news","11":"tag-breakingnews","12":"tag-featured-news","13":"tag-featurednews","14":"tag-headlines","15":"tag-latest-news","16":"tag-latestnews","17":"tag-latvia","18":"tag-latvian","19":"tag-latviesu","20":"tag-latviesu-valoda","21":"tag-latviesuvaloda","22":"tag-latvija","23":"tag-lv","24":"tag-news","25":"tag-popularakas-zinas","26":"tag-popularakaszinas","27":"tag-top-stories","28":"tag-topstories","29":"tag-world","30":"tag-world-news","31":"tag-worldnews","32":"tag-zinas","33":"tag-zinas-no-arvalstim"},"share_on_mastodon":{"url":"https:\/\/pubeurope.com\/@lv\/115847245707884181","error":""},"_links":{"self":[{"href":"https:\/\/www.europesays.com\/lv\/wp-json\/wp\/v2\/posts\/95945","targetHints":{"allow":["GET"]}}],"collection":[{"href":"https:\/\/www.europesays.com\/lv\/wp-json\/wp\/v2\/posts"}],"about":[{"href":"https:\/\/www.europesays.com\/lv\/wp-json\/wp\/v2\/types\/post"}],"author":[{"embeddable":true,"href":"https:\/\/www.europesays.com\/lv\/wp-json\/wp\/v2\/users\/2"}],"replies":[{"embeddable":true,"href":"https:\/\/www.europesays.com\/lv\/wp-json\/wp\/v2\/comments?post=95945"}],"version-history":[{"count":0,"href":"https:\/\/www.europesays.com\/lv\/wp-json\/wp\/v2\/posts\/95945\/revisions"}],"wp:featuredmedia":[{"embeddable":true,"href":"https:\/\/www.europesays.com\/lv\/wp-json\/wp\/v2\/media\/95946"}],"wp:attachment":[{"href":"https:\/\/www.europesays.com\/lv\/wp-json\/wp\/v2\/media?parent=95945"}],"wp:term":[{"taxonomy":"category","embeddable":true,"href":"https:\/\/www.europesays.com\/lv\/wp-json\/wp\/v2\/categories?post=95945"},{"taxonomy":"post_tag","embeddable":true,"href":"https:\/\/www.europesays.com\/lv\/wp-json\/wp\/v2\/tags?post=95945"}],"curies":[{"name":"wp","href":"https:\/\/api.w.org\/{rel}","templated":true}]}}