{"id":95955,"date":"2026-01-06T08:42:15","date_gmt":"2026-01-06T08:42:15","guid":{"rendered":"https:\/\/www.europesays.com\/lv\/95955\/"},"modified":"2026-01-06T08:42:15","modified_gmt":"2026-01-06T08:42:15","slug":"nekas-tur-nelido-nav-drosi-lauris-reiniks-devies-baudit-puertoriko-tacu-nu-ir-satraukts-par-iespejam-atgriezties-latvija","status":"publish","type":"post","link":"https:\/\/www.europesays.com\/lv\/95955\/","title":{"rendered":"\u201cNekas tur nelido. Nav dro\u0161i.\u201d Lauris Reiniks devies baud\u012bt Puertoriko, ta\u010du nu ir satraukts par iesp\u0113j\u0101m atgriezties Latvij\u0101"},"content":{"rendered":"<p>    <img decoding=\"async\" src=\"https:\/\/www.europesays.com\/lv\/wp-content\/uploads\/2026\/01\/reiniks3-1024x691.jpg\" alt=\"&#10;Lauris Reiniks.&#10;\"\/><\/p>\n<p>Lauris Reiniks.<\/p>\n<p>Foto: ekr\u0101nuz\u0146\u0113mums\n<\/p>\n<p>Dzied\u0101t\u0101js Lauris Reiniks \u0161obr\u012bd atrodas atva\u013cin\u0101jum\u0101 Puertoriko, tom\u0113r mierpilna atp\u016bta saulainaj\u0101 sal\u0101 mijas ar ba\u017e\u0101m par dro\u0161\u012bbu un iesp\u0113j\u0101m laikus doties m\u0101jup. Puertoriko ir ASV piedero\u0161a teritorija un atrodas tuvu Venecu\u0113lai.<\/p>\n<p>        Las\u012bt\u0101kie<br \/>\n        <a data-imagesrc=\"{&quot;300&quot;:&quot;https:\\\/\\\/lastatic.ams3.cdn.digitaloceanspaces.com\\\/2021\\\/12\\\/Vanga-300x215.jpg&quot;,&quot;768&quot;:&quot;https:\\\/\\\/lastatic.ams3.cdn.digitaloceanspaces.com\\\/2021\\\/12\\\/Vanga-768x551.jpg&quot;,&quot;200&quot;:&quot;https:\\\/\\\/lastatic.ams3.cdn.digitaloceanspaces.com\\\/2021\\\/12\\\/Vanga-200x144.jpg&quot;,&quot;400&quot;:&quot;https:\\\/\\\/lastatic.ams3.cdn.digitaloceanspaces.com\\\/2021\\\/12\\\/Vanga-400x287.jpg&quot;,&quot;500&quot;:&quot;https:\\\/\\\/lastatic.ams3.cdn.digitaloceanspaces.com\\\/2021\\\/12\\\/Vanga-500x359.jpg&quot;,&quot;800&quot;:&quot;https:\\\/\\\/lastatic.ams3.cdn.digitaloceanspaces.com\\\/2021\\\/12\\\/Vanga.jpg&quot;}\" data-focuspoint=\"{&quot;x&quot;:&quot;52.68180802701698&quot;,&quot;y&quot;:&quot;48.88063675072124&quot;}\" data-p=\"2488125\" href=\"https:\/\/www.la.lv\/vai-kada-no-tam-piepildisies-vangas-7-prognozes-2026-gadam-gaisrege-paregojusi-jaunas-liela-meroga-problemas\" class=\"content-item lazy-load\" wp_automatic_readability=\"1.5\" rel=\"nofollow noopener\" target=\"_blank\"><\/p>\n<p>                                <img decoding=\"async\" src=\"\" alt=\"\" style=\"object-position: 52.68180802701698% 48.88063675072124%\" data-imageid=\"\"\/><\/p>\n<p>                                Kokteilis<\/p>\n<p>\n                                                Vai k\u0101da no t\u0101m piepild\u012bsies? Vangas 7 prognozes 2026. gadam \u2013 gai\u0161re\u0123e pare\u0123ojusi jaunas liela m\u0113roga probl\u0113mas\n                            <\/p>\n<p><\/a><a data-imagesrc=\"{&quot;300&quot;:&quot;https:\\\/\\\/lastatic.ams3.cdn.digitaloceanspaces.com\\\/2026\\\/01\\\/LET_24881478-300x192.jpg&quot;,&quot;1024&quot;:&quot;https:\\\/\\\/lastatic.ams3.cdn.digitaloceanspaces.com\\\/2026\\\/01\\\/LET_24881478-1024x656.jpg&quot;,&quot;1536&quot;:&quot;https:\\\/\\\/lastatic.ams3.cdn.digitaloceanspaces.com\\\/2026\\\/01\\\/LET_24881478-1536x985.jpg&quot;,&quot;500&quot;:&quot;https:\\\/\\\/lastatic.ams3.cdn.digitaloceanspaces.com\\\/2026\\\/01\\\/LET_24881478-500x321.jpg&quot;,&quot;800&quot;:&quot;https:\\\/\\\/lastatic.ams3.cdn.digitaloceanspaces.com\\\/2026\\\/01\\\/LET_24881478-800x513.jpg&quot;,&quot;2560&quot;:&quot;https:\\\/\\\/lastatic.ams3.cdn.digitaloceanspaces.com\\\/2026\\\/01\\\/LET_24881478-scaled.jpg&quot;}\" data-focuspoint=\"&quot;&quot;\" data-p=\"2488317\" href=\"https:\/\/www.la.lv\/situacija-ir-kluvusi-bistama-iedzivotaji-baidas-mana-gimene-viens-jau-nomira-no-si-adazu-iedzivotaji-ir-nopietni-satraukti-par-savu-drosibu\" class=\"content-item lazy-load\" wp_automatic_readability=\"2\" rel=\"nofollow noopener\" target=\"_blank\"><\/p>\n<p>                                <img decoding=\"async\" src=\"\" alt=\"\" style=\"\" data-imageid=\"\"\/><\/p>\n<p>\n                                                \u201cSitu\u0101cija ir k\u013cuvusi b\u012bstama \u2013 iedz\u012bvot\u0101ji baid\u0101s, man\u0101 \u0123imen\u0113 viens jau  nomira no \u0161\u012b!\u201d \u0100da\u017eu iedz\u012bvot\u0101ji ir nopietni satraukti par savu dro\u0161\u012bbu\n                            <\/p>\n<p><\/a><a data-imagesrc=\"{&quot;300&quot;:&quot;https:\\\/\\\/lastatic.ams3.cdn.digitaloceanspaces.com\\\/2024\\\/05\\\/Horens-Stalbe-300x187.png&quot;,&quot;1024&quot;:&quot;https:\\\/\\\/lastatic.ams3.cdn.digitaloceanspaces.com\\\/2024\\\/05\\\/Horens-Stalbe-1024x638.png&quot;,&quot;768&quot;:&quot;https:\\\/\\\/lastatic.ams3.cdn.digitaloceanspaces.com\\\/2024\\\/05\\\/Horens-Stalbe-768x479.png&quot;,&quot;200&quot;:&quot;https:\\\/\\\/lastatic.ams3.cdn.digitaloceanspaces.com\\\/2024\\\/05\\\/Horens-Stalbe-200x125.png&quot;,&quot;400&quot;:&quot;https:\\\/\\\/lastatic.ams3.cdn.digitaloceanspaces.com\\\/2024\\\/05\\\/Horens-Stalbe-400x249.png&quot;,&quot;500&quot;:&quot;https:\\\/\\\/lastatic.ams3.cdn.digitaloceanspaces.com\\\/2024\\\/05\\\/Horens-Stalbe-500x312.png&quot;,&quot;800&quot;:&quot;https:\\\/\\\/lastatic.ams3.cdn.digitaloceanspaces.com\\\/2024\\\/05\\\/Horens-Stalbe-800x499.png&quot;,&quot;1000&quot;:&quot;https:\\\/\\\/lastatic.ams3.cdn.digitaloceanspaces.com\\\/2024\\\/05\\\/Horens-Stalbe-1000x623.png&quot;,&quot;1473&quot;:&quot;https:\\\/\\\/lastatic.ams3.cdn.digitaloceanspaces.com\\\/2024\\\/05\\\/Horens-Stalbe.png&quot;}\" data-focuspoint=\"{&quot;x&quot;:&quot;56.984616325554136&quot;,&quot;y&quot;:&quot;49.319696288951896&quot;}\" data-p=\"2488499\" href=\"https:\/\/www.la.lv\/video-apsveicu-draugi-ukraina-saimniekos-krievi-horens-stalbe-satraukts-par-latvijas-drosibu\" class=\"content-item lazy-load\" wp_automatic_readability=\"2.5\" rel=\"nofollow noopener\" target=\"_blank\"><\/p>\n<p>                                <img decoding=\"async\" src=\"\" alt=\"\" style=\"object-position: 56.984616325554136% 49.319696288951896%\" data-imageid=\"\"\/><\/p>\n<p>                                            VIDEO. \u201cApsveicu, draugi, Ukrain\u0101 saimniekos krievi!\u201d Horens Stalbe satraukts par Latvijas dro\u0161\u012bbu\n                            <\/p>\n<p><\/a><br \/>\n        <a class=\"read-more\" href=\"https:\/\/www.la.lv\/top\" rel=\"nofollow noopener\" target=\"_blank\">Las\u012bt citas zi\u0146as<\/a><\/p>\n<p>Par to, kas \u0161obr\u012bd notiek Puerteriko, Reiniks past\u0101st\u012bjis soci\u0101laj\u0101 t\u012bkl\u0101 \u201cInstagram\u201d. <\/p>\n<p>\u201cVisp\u0101r mums te t\u0101ds interesants laiks, kad m\u0113s \u0161eit esam. Ja j\u016bs paskat\u012btos kart\u0113, kur ir Puertoriko, tad j\u016bs redz\u0113tu, ka t\u0101 ir tuv\u0101k\u0101 ASV teritorija Venecu\u0113lai. Tramps sa\u0161\u0146or\u0113ja Venecu\u0113las prezidentu un vi\u0146a sievu. T\u0101 run\u0101, ka vi\u0146i ar helikopteru ir atvesti tie\u0161i uz \u0161ejieni, kur m\u0113s tagad esam,\u201d st\u0101sta Reiniks.<\/p>\n<p>    CITI \u0160OBR\u012aD LASA<\/p>\n<p>Jau iepriek\u0161 v\u0113st\u012bj\u0101m, ka ASV \u012bsteno milit\u0101ras oper\u0101cijas pret Venecu\u0113lu, sag\u016bstot Venecu\u0113las prezidentu Nikolasu Maduro. ASV varasiest\u0101des aps\u016bdz Maduro narkobiznesa organiz\u0113\u0161an\u0101, savuk\u0101rt Venecu\u0113las puse \u0161os apgalvojumus noraida.<\/p>\n<p>Reiniks st\u0101sta, ka notikumi kaimi\u0146valst\u012b ir j\u016btami ar\u012b Puertoriko, tostarp ikdien\u0101 debes\u012bs man\u0101ma milit\u0101r\u0101 avi\u0101cija. Vi\u0146\u0161 atkl\u0101j, ka notieko\u0161\u0101 situ\u0101cija liek uztraukties ar\u012b par to, vai izdosies atgriezties Latvij\u0101, jo tuv\u0113j\u0101 re\u0123ion\u0101 gaisa satiksme ir b\u016btiski ierobe\u017eota: \u201cNekas tur nelido. Nav dro\u0161i. Pazi\u0146ai bija j\u0101lido prom, bet nekur neaizlidoja. Cerams, ka viss b\u016bs labi un neiespr\u016bd\u012bsim uz \u0161\u012bs salas.\u201d <\/p>\n<p>T\u0113mas<\/p>\n<p>    SAIST\u012aTIE RAKSTI<\/p>\n","protected":false},"excerpt":{"rendered":"Lauris Reiniks. Foto: ekr\u0101nuz\u0146\u0113mums Dzied\u0101t\u0101js Lauris Reiniks \u0161obr\u012bd atrodas atva\u013cin\u0101jum\u0101 Puertoriko, tom\u0113r mierpilna atp\u016bta saulainaj\u0101 sal\u0101 mijas ar&hellip;\n","protected":false},"author":2,"featured_media":43887,"comment_status":"","ping_status":"","sticky":false,"template":"","format":"standard","meta":{"footnotes":""},"categories":[14],"tags":[23,57,28,29,32,33,22,30,31,35,39,38,36,37,34,40,20,26,27,24,25,54,55,56,21,58],"class_list":{"0":"post-95955","1":"post","2":"type-post","3":"status-publish","4":"format-standard","5":"has-post-thumbnail","7":"category-zinas-no-arvalstim","8":"tag-aktualitates","9":"tag-arvalstim","10":"tag-breaking-news","11":"tag-breakingnews","12":"tag-featured-news","13":"tag-featurednews","14":"tag-headlines","15":"tag-latest-news","16":"tag-latestnews","17":"tag-latvia","18":"tag-latvian","19":"tag-latviesu","20":"tag-latviesu-valoda","21":"tag-latviesuvaloda","22":"tag-latvija","23":"tag-lv","24":"tag-news","25":"tag-popularakas-zinas","26":"tag-popularakaszinas","27":"tag-top-stories","28":"tag-topstories","29":"tag-world","30":"tag-world-news","31":"tag-worldnews","32":"tag-zinas","33":"tag-zinas-no-arvalstim"},"share_on_mastodon":{"url":"https:\/\/pubeurope.com\/@lv\/115847269243567439","error":""},"_links":{"self":[{"href":"https:\/\/www.europesays.com\/lv\/wp-json\/wp\/v2\/posts\/95955","targetHints":{"allow":["GET"]}}],"collection":[{"href":"https:\/\/www.europesays.com\/lv\/wp-json\/wp\/v2\/posts"}],"about":[{"href":"https:\/\/www.europesays.com\/lv\/wp-json\/wp\/v2\/types\/post"}],"author":[{"embeddable":true,"href":"https:\/\/www.europesays.com\/lv\/wp-json\/wp\/v2\/users\/2"}],"replies":[{"embeddable":true,"href":"https:\/\/www.europesays.com\/lv\/wp-json\/wp\/v2\/comments?post=95955"}],"version-history":[{"count":0,"href":"https:\/\/www.europesays.com\/lv\/wp-json\/wp\/v2\/posts\/95955\/revisions"}],"wp:featuredmedia":[{"embeddable":true,"href":"https:\/\/www.europesays.com\/lv\/wp-json\/wp\/v2\/media\/43887"}],"wp:attachment":[{"href":"https:\/\/www.europesays.com\/lv\/wp-json\/wp\/v2\/media?parent=95955"}],"wp:term":[{"taxonomy":"category","embeddable":true,"href":"https:\/\/www.europesays.com\/lv\/wp-json\/wp\/v2\/categories?post=95955"},{"taxonomy":"post_tag","embeddable":true,"href":"https:\/\/www.europesays.com\/lv\/wp-json\/wp\/v2\/tags?post=95955"}],"curies":[{"name":"wp","href":"https:\/\/api.w.org\/{rel}","templated":true}]}}