{"id":95968,"date":"2026-01-06T08:54:07","date_gmt":"2026-01-06T08:54:07","guid":{"rendered":"https:\/\/www.europesays.com\/lv\/95968\/"},"modified":"2026-01-06T08:54:07","modified_gmt":"2026-01-06T08:54:07","slug":"polarlacis-uzbruk-gimenei-sibirija-nra-lv","status":"publish","type":"post","link":"https:\/\/www.europesays.com\/lv\/95968\/","title":{"rendered":"Pol\u0101rl\u0101cis uzbr\u016bk \u0123imenei Sib\u012brij\u0101 &#8211; nra.lv"},"content":{"rendered":"<p class=\"descr\">Krievijas amatpersonas pirmdien pazi\u0146oja, ka Sib\u012brijas t\u0101lajos zieme\u013cos pol\u0101rl\u0101cis uzbrucis un ievainojis tr\u012bs \u0123imenes locek\u013cus, tostarp b\u0113rnu, raksta \u201clrytas.lt\u201d.<\/p>\n<p>Viet\u0113j\u0101 policija sa\u0146\u0113musi zi\u0146ojumu, ka pol\u0101rl\u0101cis aptuveni 40 kilometru att\u0101lum\u0101 no Nosokas ciema iecien\u012bt\u0101 mak\u0161\u0137er\u0113\u0161anas viet\u0101 ievainojis vair\u0101kus cilv\u0113kus.<\/p>\n<p>Nosoka atrodas aiz Pol\u0101r\u0101 loka Krasnojarskas teritorij\u0101. <\/p>\n<p>&#8220;Tr\u012bs cilv\u0113ki, dzimu\u0161i 1983., 2015. un 2006. gad\u0101, cieta no pol\u0101rl\u0101\u010da uzbrukuma,&#8221; zi\u0146oja ministrija.<\/p>\n<p>Tiek uzskat\u012bts, ka <a href=\"https:\/\/nra.lv\/pasaule\/476559-kanada-virietis-aizstavot-savu-sievu-cikstas-ar-polarlaci.htm\" data-item-link=\"true\" data-item-id=\"476559\" rel=\"nofollow noopener\" target=\"_blank\">pol\u0101rl\u0101\u010di cilv\u0113kiem uzbr\u016bk \u0101rk\u0101rt\u012bgi reti<\/a>, ta\u010du eksperti apgalvo, ka glob\u0101l\u0101 sasil\u0161ana samazina j\u016bras ledus segu, un tas ir iemesls, k\u0101p\u0113c pol\u0101rl\u0101\u010di arvien bie\u017e\u0101k par\u0101d\u0101s apdz\u012bvotu vietu tuvum\u0101, mekl\u0113jot bar\u012bbu.<\/p>\n<p>\u0122imene tika evaku\u0113ta uz dro\u0161u vietu un sniegta neatliekam\u0101 pal\u012bdz\u012bba. Ministrija nesniedza inform\u0101ciju par to, vai cietu\u0161o g\u016bt\u0101s traumas ir nopietnas.<\/p>\n<p>\t\t\t\t\t\tinfo<\/p>\n<p>Uzzini pirmais<br \/>kas interesants noticis Latvij\u0101 un pasaul\u0113,<br \/>pievienojoties mums <a href=\"https:\/\/t.me\/neatkariga\" rel=\"nofollow\">Telegram<\/a> vai <a href=\"https:\/\/whatsapp.com\/channel\/0029VaMLFUH5K3zLU5s4wm3y\" rel=\"nofollow noopener\" target=\"_blank\">Whatsapp<\/a> kan\u0101l\u0101<\/p>\n","protected":false},"excerpt":{"rendered":"Krievijas amatpersonas pirmdien pazi\u0146oja, ka Sib\u012brijas t\u0101lajos zieme\u013cos pol\u0101rl\u0101cis uzbrucis un ievainojis tr\u012bs \u0123imenes locek\u013cus, tostarp b\u0113rnu, raksta&hellip;\n","protected":false},"author":2,"featured_media":95969,"comment_status":"","ping_status":"","sticky":false,"template":"","format":"standard","meta":{"footnotes":""},"categories":[14],"tags":[23,57,28,29,32,33,22,30,31,35,39,38,36,37,34,40,20,26,27,24,25,54,55,56,21,58],"class_list":{"0":"post-95968","1":"post","2":"type-post","3":"status-publish","4":"format-standard","5":"has-post-thumbnail","7":"category-zinas-no-arvalstim","8":"tag-aktualitates","9":"tag-arvalstim","10":"tag-breaking-news","11":"tag-breakingnews","12":"tag-featured-news","13":"tag-featurednews","14":"tag-headlines","15":"tag-latest-news","16":"tag-latestnews","17":"tag-latvia","18":"tag-latvian","19":"tag-latviesu","20":"tag-latviesu-valoda","21":"tag-latviesuvaloda","22":"tag-latvija","23":"tag-lv","24":"tag-news","25":"tag-popularakas-zinas","26":"tag-popularakaszinas","27":"tag-top-stories","28":"tag-topstories","29":"tag-world","30":"tag-world-news","31":"tag-worldnews","32":"tag-zinas","33":"tag-zinas-no-arvalstim"},"share_on_mastodon":{"url":"https:\/\/pubeurope.com\/@lv\/115847316316596273","error":""},"_links":{"self":[{"href":"https:\/\/www.europesays.com\/lv\/wp-json\/wp\/v2\/posts\/95968","targetHints":{"allow":["GET"]}}],"collection":[{"href":"https:\/\/www.europesays.com\/lv\/wp-json\/wp\/v2\/posts"}],"about":[{"href":"https:\/\/www.europesays.com\/lv\/wp-json\/wp\/v2\/types\/post"}],"author":[{"embeddable":true,"href":"https:\/\/www.europesays.com\/lv\/wp-json\/wp\/v2\/users\/2"}],"replies":[{"embeddable":true,"href":"https:\/\/www.europesays.com\/lv\/wp-json\/wp\/v2\/comments?post=95968"}],"version-history":[{"count":0,"href":"https:\/\/www.europesays.com\/lv\/wp-json\/wp\/v2\/posts\/95968\/revisions"}],"wp:featuredmedia":[{"embeddable":true,"href":"https:\/\/www.europesays.com\/lv\/wp-json\/wp\/v2\/media\/95969"}],"wp:attachment":[{"href":"https:\/\/www.europesays.com\/lv\/wp-json\/wp\/v2\/media?parent=95968"}],"wp:term":[{"taxonomy":"category","embeddable":true,"href":"https:\/\/www.europesays.com\/lv\/wp-json\/wp\/v2\/categories?post=95968"},{"taxonomy":"post_tag","embeddable":true,"href":"https:\/\/www.europesays.com\/lv\/wp-json\/wp\/v2\/tags?post=95968"}],"curies":[{"name":"wp","href":"https:\/\/api.w.org\/{rel}","templated":true}]}}