{"id":9597,"date":"2025-10-01T10:27:12","date_gmt":"2025-10-01T10:27:12","guid":{"rendered":"https:\/\/www.europesays.com\/lv\/9597\/"},"modified":"2025-10-01T10:27:12","modified_gmt":"2025-10-01T10:27:12","slug":"10-x-guntara-raca-jubilejas-koncerts-ulbroka","status":"publish","type":"post","link":"https:\/\/www.europesays.com\/lv\/9597\/","title":{"rendered":"10.X Guntara Ra\u010da jubilejas koncerts Ulbrok\u0101"},"content":{"rendered":"<p>10.oktobr\u012b plkst.19.00 kult\u016bras centr\u0101 &#8220;Ulbrokas p\u0113rle&#8221; notiks Guntara Ra\u010da 60 gadu jubilejas koncerts, kur\u0101 skan\u0113s tikai kop\u012bgi ar maestro Raimondu Paulu rad\u012bt\u0101s dziesmas, no kur\u0101m daudzas jau k\u013cuvu\u0161as par sava \u017eanra klasiku un m\u016bsdienu tautasdziesm\u0101m!\u00a0Klaus\u012bt\u0101jus gaida dzirksto\u0161s prieks, lust\u012bgas un laika p\u0101rbaudi iztur\u0113jo\u0161as dziesmas, pamat\u012bga l\u012bdzi dzied\u0101\u0161ana un aizraujo\u0161s priek\u0161nesums \u2013 \u012bsts maestro Raimonda Paula melodiju virpulis!<\/p>\n<p>Koncert\u0101 dzird\u0113sit vair\u0101kas jaunas abu autoru koprad\u012bt\u0101s dziesmas, ta\u010du liel\u0101k\u0101 da\u013ca programmas sast\u0101da dziesmas no klaus\u012bt\u0101ju iem\u012b\u013cotajiem dziesmu albumiem \u201cLecam pa vecam\u201d un \u201cNekur nav tik labi k\u0101 m\u0101j\u0101s\u201d. T\u0101p\u0113c koncerts\u0113rij\u0101 aicin\u0101ti piedal\u012bties dziesmu ori\u0123in\u0101lie izpild\u012bt\u0101ji Ance Krauze, Normunds Rutulis un vair\u0101kos koncertos ar\u012b Marija Naumova. Koncertu kuplin\u0101s ar\u012b b\u0113rnu vok\u0101lais ansamblis \u201cDzeguz\u012bte\u201d un jaun\u0101 latvie\u0161u kantr\u012b m\u016bzikas zvaigzne Edvards Strazdi\u0146\u0161. Atsevi\u0161\u0137os koncertos b\u016bs ar\u012b \u012bpa\u0161i un iepriek\u0161 neizzi\u0146oti viesi.<\/p>\n<p>Dziesmas, kuras skan\u0113s koncertos, jau run\u0101 pa\u0161as par sevi \u00ad\u2013 \u201cLecam pa vecam\u201d, \u201cRaud\u0101ja m\u0101te\u201d, \u201cC\u0101\u013cus skaita ruden\u012b\u201d, \u201cNekur nav tik labi k\u0101 m\u0101j\u0101s\u201d, \u201cK\u016bko, k\u016bko, dzeguz\u012bte\u201d, \u201cTikai nesaki nevienam\u201d, \u201cLakst\u012bgala\u201d, \u201cSudraba pulsten\u012bt\u2019s\u201d, \u201dRasa\u201d, \u201c\u2019S\u016bpoles\u201d, \u201cEs tevi gaid\u012b\u0161u\u201d, \u201cAnni\u0146a vanni\u0146\u0101\u201d, \u201cKapteinis Reinis\u201d, \u201cEs \u0161onakt s\u0113d\u0113\u0161u uz jumta\u201d un daudzas citas!<\/p>\n<p>Koncertos piedal\u012bsies instrument\u0101l\u0101 grupa, k\u0101 ar\u012b pats autors. P\u0113c koncerta Guntars sniegs autogr\u0101fus un ir gatavs kop\u012bgiem selfijiem! Koncerta norises viet\u0101 b\u016bs pieejamas Guntara dzejo\u013cu gr\u0101matas \u201c365\u201d, dziesmu CD albumi un vinila plates, no\u0161u gr\u0101matas, jaun\u0101 autobiogr\u0101fisk\u0101 gr\u0101mata \u201cTrakais\u201d, Raimonda Paula 500 dziesmu v\u0101rdu gr\u0101mata.<\/p>\n","protected":false},"excerpt":{"rendered":"10.oktobr\u012b plkst.19.00 kult\u016bras centr\u0101 &#8220;Ulbrokas p\u0113rle&#8221; notiks Guntara Ra\u010da 60 gadu jubilejas koncerts, kur\u0101 skan\u0113s tikai kop\u012bgi ar&hellip;\n","protected":false},"author":2,"featured_media":9598,"comment_status":"","ping_status":"","sticky":false,"template":"","format":"standard","meta":{"footnotes":""},"categories":[19],"tags":[47,89,90,381,64,35,39,38,36,37,34,40,385,172,382,384,383,21],"class_list":{"0":"post-9597","1":"post","2":"type-post","3":"status-publish","4":"format-standard","5":"has-post-thumbnail","7":"category-izklaide","8":"tag-ekonomika","9":"tag-entertainment","10":"tag-izklaide","11":"tag-jaunumi","12":"tag-kultura","13":"tag-latvia","14":"tag-latvian","15":"tag-latviesu","16":"tag-latviesu-valoda","17":"tag-latviesuvaloda","18":"tag-latvija","19":"tag-lv","20":"tag-pieriga","21":"tag-riga","22":"tag-sabiedriba","23":"tag-sludinajumi","24":"tag-sports-afisa","25":"tag-zinas"},"share_on_mastodon":{"url":"","error":""},"_links":{"self":[{"href":"https:\/\/www.europesays.com\/lv\/wp-json\/wp\/v2\/posts\/9597","targetHints":{"allow":["GET"]}}],"collection":[{"href":"https:\/\/www.europesays.com\/lv\/wp-json\/wp\/v2\/posts"}],"about":[{"href":"https:\/\/www.europesays.com\/lv\/wp-json\/wp\/v2\/types\/post"}],"author":[{"embeddable":true,"href":"https:\/\/www.europesays.com\/lv\/wp-json\/wp\/v2\/users\/2"}],"replies":[{"embeddable":true,"href":"https:\/\/www.europesays.com\/lv\/wp-json\/wp\/v2\/comments?post=9597"}],"version-history":[{"count":0,"href":"https:\/\/www.europesays.com\/lv\/wp-json\/wp\/v2\/posts\/9597\/revisions"}],"wp:featuredmedia":[{"embeddable":true,"href":"https:\/\/www.europesays.com\/lv\/wp-json\/wp\/v2\/media\/9598"}],"wp:attachment":[{"href":"https:\/\/www.europesays.com\/lv\/wp-json\/wp\/v2\/media?parent=9597"}],"wp:term":[{"taxonomy":"category","embeddable":true,"href":"https:\/\/www.europesays.com\/lv\/wp-json\/wp\/v2\/categories?post=9597"},{"taxonomy":"post_tag","embeddable":true,"href":"https:\/\/www.europesays.com\/lv\/wp-json\/wp\/v2\/tags?post=9597"}],"curies":[{"name":"wp","href":"https:\/\/api.w.org\/{rel}","templated":true}]}}