{"id":95981,"date":"2026-01-06T09:03:07","date_gmt":"2026-01-06T09:03:07","guid":{"rendered":"https:\/\/www.europesays.com\/lv\/95981\/"},"modified":"2026-01-06T09:03:07","modified_gmt":"2026-01-06T09:03:07","slug":"grupa-ladezers-izsludina-koncertturi-zemudenes","status":"publish","type":"post","link":"https:\/\/www.europesays.com\/lv\/95981\/","title":{"rendered":"Grupa \u201cL\u0101dezers\u201d izsludina koncertt\u016bri \u201cZem\u016bdenes\u201d"},"content":{"rendered":"<p>Grupas solists Ingus Ulmanis par gaid\u0101mo koncertt\u016bri saka: \u201cKoncertu veidosim k\u0101 vienotu m\u0101kslas darbu, uzsverot v\u0101rdus \u201cm\u0101kslas darbs\u201d&#8230; Dz\u012bv\u0101 uzst\u0101\u0161an\u0101s \u2013 tas ir kas \u012bpa\u0161s un, gadiem ejot, atz\u012b\u0161os, ka vienlaikus \u2013 ar\u012b visliel\u0101kais uztraukums, p\u0101rbaud\u012bjums un gandar\u012bjums.\u201d<\/p>\n<p>Grupa \u201cL\u0101dezers\u201d un t\u0101s l\u012bderi Ingus Ulmanis un Aigars Voiti\u0161\u0137is vienm\u0113r ir mekl\u0113jumos ar\u012b citos projektos un grup\u0101s (\u201cJumprava\u201d, \u201cBr\u012bnumskapis\u201d, \u201cDabas konecrtz\u0101le\u201d u.c. ). Tas devis vi\u0146iem un grupai \u201cL\u0101dezers\u201d iesp\u0113ju nenovecot, t\u0101p\u0113c \u0161odien grupa skan, iesp\u0113jams, iespaid\u012bg\u0101k k\u0101 jebkad agr\u0101k. Kop\u0101 ar Ingu un Aigaru uz skatuves k\u0101ps ar\u012b vi\u0146u kol\u0113\u0123i Anrijs Grinbergs (bungas), Roberts Rasa (bass) un J\u0101nis Zvirgzdi\u0146\u0161 jeb D\u017eulians (tausti\u0146i).<\/p>\n<p>\u201cIr dziesmas, kuras mums ir t\u0101 pielipu\u0161as, ka ir bezcer\u012bgi dom\u0101t, ka var\u0113si nosp\u0113l\u0113t koncertu bez t\u0101m. Tie\u0161i t\u0101ds ir dziesmas \u201cTuvu, tuvu\u201d liktenis. T\u0101 ir m\u016bsu sasauk\u0161an\u0101s ar klaus\u012bt\u0101ju: kad vi\u0146iem dziedu rindi\u0146u \u201cTuvu, tuvu\u201d, skat\u012bt\u0101ji vienm\u0113r atbild: \u201ctuv\u0101k v\u0113l&#8230; v\u0113l tuv\u0101k\u201d, ar smaidu pasakot, ka par tuvu neb\u016bs nekad,\u201d piebilst Ingus.<\/p>\n<p>Koncertt\u016bres \u201cZem\u016bdenes\u201d <a href=\"https:\/\/sejas.tvnet.lv\/term\/562956\/koncerti\" class=\"topicLink\" target=\"_blank\" rel=\"nofollow noopener\">koncerti<\/a> notiks:<\/p>\n<ul>\n<li data-list-item-id=\"e7fa08604ef2445211942b0206902335e\">14. febru\u0101r\u012b plkst.19 Kult\u016bras centr\u0101 \u201cSiguldas devons\u201d<\/li>\n<li data-list-item-id=\"e36b455fdf9f9119392dca32c32e9bfcb\">20. febru\u0101r\u012b plkst.19 Gulbenes novada Kult\u016bras centr\u0101<\/li>\n<li data-list-item-id=\"e1f89153808d1c9bbd944e7013af6cf79\">21. febru\u0101r\u012b plkst.18 Ogres novada Kult\u016bras centr\u0101<\/li>\n<li data-list-item-id=\"e891cb244a530cd870f758741734e2e6a\">27. febru\u0101r\u012b plkst.19 Valmieras Kult\u016bras centr\u0101<\/li>\n<li data-list-item-id=\"efecd416a5d3ae9bd22f4eb67705f614c\">8. mart\u0101 plkst.16 VEF Kult\u016bras pil\u012b<\/li>\n<li data-list-item-id=\"ea7923b7ec12c6e1b5f520f8810a30222\">20. mart\u0101 plkst.19 Kult\u016bras centr\u0101 \u201cUlbrokas P\u0113rle\u201d<\/li>\n<li data-list-item-id=\"eff8eb8144d77c8fb7930f1dc4cc29a90\">21. mart\u0101 plkst.18 Limba\u017eu Kult\u016bras centr\u0101<\/li>\n<li data-list-item-id=\"ef8fff92fab616e1decafc6ba3905e7cf\">28. mart\u0101 plkst.18 Dzintaru koncertz\u0101les Mazaj\u0101 z\u0101l\u0113<\/li>\n<\/ul>\n<p>Bi\u013cetes uz koncertiem var ieg\u0101d\u0101ties \u201cBi\u013ce\u0161u Parad\u012bzes\u201d t\u012bkl\u0101.<\/p>\n","protected":false},"excerpt":{"rendered":"Grupas solists Ingus Ulmanis par gaid\u0101mo koncertt\u016bri saka: \u201cKoncertu veidosim k\u0101 vienotu m\u0101kslas darbu, uzsverot v\u0101rdus \u201cm\u0101kslas darbs\u201d&#8230;&hellip;\n","protected":false},"author":2,"featured_media":95982,"comment_status":"","ping_status":"","sticky":false,"template":"","format":"standard","meta":{"footnotes":""},"categories":[19],"tags":[89,90,2017,14046,35,39,38,36,37,34,40,103],"class_list":{"0":"post-95981","1":"post","2":"type-post","3":"status-publish","4":"format-standard","5":"has-post-thumbnail","7":"category-izklaide","8":"tag-entertainment","9":"tag-izklaide","10":"tag-koncerti","11":"tag-ladezers","12":"tag-latvia","13":"tag-latvian","14":"tag-latviesu","15":"tag-latviesu-valoda","16":"tag-latviesuvaloda","17":"tag-latvija","18":"tag-lv","19":"tag-muzika"},"share_on_mastodon":{"url":"","error":""},"_links":{"self":[{"href":"https:\/\/www.europesays.com\/lv\/wp-json\/wp\/v2\/posts\/95981","targetHints":{"allow":["GET"]}}],"collection":[{"href":"https:\/\/www.europesays.com\/lv\/wp-json\/wp\/v2\/posts"}],"about":[{"href":"https:\/\/www.europesays.com\/lv\/wp-json\/wp\/v2\/types\/post"}],"author":[{"embeddable":true,"href":"https:\/\/www.europesays.com\/lv\/wp-json\/wp\/v2\/users\/2"}],"replies":[{"embeddable":true,"href":"https:\/\/www.europesays.com\/lv\/wp-json\/wp\/v2\/comments?post=95981"}],"version-history":[{"count":0,"href":"https:\/\/www.europesays.com\/lv\/wp-json\/wp\/v2\/posts\/95981\/revisions"}],"wp:featuredmedia":[{"embeddable":true,"href":"https:\/\/www.europesays.com\/lv\/wp-json\/wp\/v2\/media\/95982"}],"wp:attachment":[{"href":"https:\/\/www.europesays.com\/lv\/wp-json\/wp\/v2\/media?parent=95981"}],"wp:term":[{"taxonomy":"category","embeddable":true,"href":"https:\/\/www.europesays.com\/lv\/wp-json\/wp\/v2\/categories?post=95981"},{"taxonomy":"post_tag","embeddable":true,"href":"https:\/\/www.europesays.com\/lv\/wp-json\/wp\/v2\/tags?post=95981"}],"curies":[{"name":"wp","href":"https:\/\/api.w.org\/{rel}","templated":true}]}}