{"id":95984,"date":"2026-01-06T09:06:07","date_gmt":"2026-01-06T09:06:07","guid":{"rendered":"https:\/\/www.europesays.com\/lv\/95984\/"},"modified":"2026-01-06T09:06:07","modified_gmt":"2026-01-06T09:06:07","slug":"ukrainai-paredzeto-drosibas-garantiju-apspriesana-parize-pulce-aptuveni-35-valstu-liderus-lente-lv","status":"publish","type":"post","link":"https:\/\/www.europesays.com\/lv\/95984\/","title":{"rendered":"Ukrainai paredz\u0113to dro\u0161\u012bbas garantiju apsprie\u0161ana Par\u012bz\u0113 pulc\u0113 aptuveni 35 valstu l\u012bderus\u00a0\u2014\u00a0Lente.lv"},"content":{"rendered":"<p>Dro\u0161\u012bbas garantijas Ukrainai: Par\u012bzes samita m\u0113r\u0137is<\/p>\n<p>Apm\u0113ram 35 valstu l\u012bderi \u0161odien pulc\u0113jas Par\u012bz\u0113, lai apspriestu dro\u0161\u012bbas garantijas Ukrainai. Kijiva cer pan\u0101kt konkr\u0113tus sol\u012bjumus gad\u012bjum\u0101, ja Krievija atk\u0101rtos agresiju. \u0160\u012bs garantijas ir iz\u0161\u0137ir\u012bgs elements jebkur\u0101 n\u0101kotnes miera sarun\u0101, lai izbeigtu Krievijas pilna m\u0113roga iebrukumu. K\u0101 inform\u0113 telekan\u0101ls EuroNews, Francijas prezidents Emanuels Makrons sav\u0101 Jaungada uzrun\u0101 nor\u0101d\u012bjis, ka paredz\u0113ts sniegt \u201cstingrus sol\u012bjumus\u201d Ukrainas aizsardz\u012bbai pret turpm\u0101ku Krievijas agresiju p\u0113c jebkura miera l\u012bguma nosl\u0113g\u0161anas.<\/p>\n<p>\u201c6. janv\u0101r\u012b Par\u012bz\u0113 daudzas Eiropas valstis un sabiedrotie sniegs konkr\u0113tus sol\u012bjumus Ukrainas aizsardz\u012bbai un taisn\u012bgas un ilgsto\u0161as \u200b\u200bmiera nodro\u0161in\u0101\u0161anai m\u016bsu Eiropas kontinent\u0101,\u201d pazi\u0146oja Makrons. Paredzams, ka diskusij\u0101s piedal\u012bsies ASV \u012bpa\u0161ais s\u016btnis St\u012bvs Vitkofs un Donalda Trampa padomnieks D\u017eereds Ku\u0161ners.<\/p>\n<p>Par\u012bzes darba k\u0101rt\u012bba un potenci\u0101lie risin\u0101jumi<\/p>\n<p>Diskusijas par dro\u0161\u012bbas garantij\u0101m turpin\u0101s iepriek\u0161\u0113j\u0101s tik\u0161an\u0101s rezult\u0101tus, tostarp kop\u012bgo pazi\u0146ojumu, ko pag\u0101ju\u0161aj\u0101 m\u0113nes\u012b pie\u0146\u0113ma virkne Eiropas l\u012bderu Berl\u012bn\u0113. Galven\u0101 uzman\u012bba tiks piev\u0113rsta ilgtermi\u0146a saist\u012bb\u0101m pret Ukrainu, lai nov\u0113rstu Krievijas turpm\u0101kus uzbrukumus vai iebrukumus. Kijiva un Va\u0161ingtona uzskata, ka \u0161\u012bs garantijas, kop\u0101 ar nep\u0101rtrauktu Rietumu milit\u0101ro un politisko atbalstu, ir \u013coti svar\u012bgas jebkuram iesp\u0113jamam miera l\u012bgumam.<\/p>\n<p>\u0160is sol\u012bjums, kas ir sal\u012bdzin\u0101ms ar NATO 5. pantu par kolekt\u012bvo aizsardz\u012bbu, tiek uzskat\u012bts par pamatu, lai p\u0101rliecin\u0101tu Kijivu atteikties no t\u0101s konstitucion\u0101li nostiprin\u0101t\u0101s v\u0113lmes pievienoties transatlantiskajai aliansei, apmai\u0146\u0101 pret ticamu un sp\u0113c\u012bgu attur\u0113\u0161anas meh\u0101nismu. L\u012bdzv\u0113rt\u012bgas garantijas NATO 5. pantam rad\u012btu iev\u0113rojamas sekas Eiropas vald\u012bb\u0101m un pras\u012btu to nacion\u0101lo parlamentu apstiprin\u0101jumu, kas vienm\u0113r saist\u012bts ar risku. ASV Kongresa piekri\u0161ana var\u0113tu pal\u012bdz\u0113t mazin\u0101t da\u017eu Eiropas valstu ieilgu\u0161\u0101s rezerves.<\/p>\n<p>V\u0113l viens svar\u012bgs dro\u0161\u012bbas garantiju apsprie\u0161anas aspekts ir meh\u0101nisms potenci\u0101lu pamiera p\u0101rk\u0101pumu p\u0101rbaud\u012b\u0161anai un atbild\u012bbas noteik\u0161anai, jo p\u0101rk\u0101puma, ja t\u0101 tiktu identific\u0113ta, var\u0113tu aktiviz\u0113t NATO 5. pantam l\u012bdz\u012bgo noteikumu. Ierosin\u0101t\u0101 sist\u0113ma paredz augsto tehnolo\u0123iju izmanto\u0161anu vis\u0101 frontes l\u012bnij\u0101.<\/p>\n<p>ES pievieno\u0161an\u0101s un ASV nost\u0101ja<\/p>\n<p>Papildu dro\u0161\u012bbas garantiju sl\u0101nis ir Ukrainas pievieno\u0161an\u0101s Eiropas Savien\u012bbai. Pa\u0161reiz\u0113jais 20 punktu miera pl\u0101ns paredz iest\u0101\u0161anos l\u012bdz 2027. gada janv\u0101rim, ko daudzi Eiropas Komisijas amatpersonas uzskata par nere\u0101listisku. Visticam\u0101k, datums tiks main\u012bts uz aspir\u0101cijas l\u012bmeni, un Ukraina pievienosies blokam pak\u0101peniski, lai izvair\u012btos no, piem\u0113ram, lauksaimniec\u012bbas tirgu trauc\u0113jumiem. Kijivai pievieno\u0161an\u0101s datuma iek\u013cau\u0161ana gal\u012bgaj\u0101 tekst\u0101 ir galven\u0101 priorit\u0101te, jo tas var\u0113tu pal\u012bdz\u0113t kompens\u0113t teritori\u0101los piek\u0101pumus un veicin\u0101t pozit\u012bvu rezult\u0101tu galvenaj\u0101 referendum\u0101.<\/p>\n<p>ASV administr\u0101cija atk\u0101rtoti ir aicin\u0101jusi Eiropu uz\u0146emties liel\u0101ku atbild\u012bbu par Ukrainas turpm\u0101ko dro\u0161\u012bbu. P\u0113c ASV prezidenta Donalda Trampa un Ukrainas prezidenta Volodimira Zelenska tik\u0161an\u0101s decembr\u012b Florid\u0101 Tramps ierosin\u0101ja, ka tiks nosl\u0113gta \u201csp\u0113c\u012bga\u201d dro\u0161\u012bbas vieno\u0161an\u0101s Ukrainai, un piebilda, ka \u201cEiropas valstis ir \u013coti iesaist\u012btas\u201d.<\/p>\n<blockquote><p>\u201cUzskatu, ka Eiropas valstis ir biju\u0161as patie\u0161\u0101m lieliskas un \u013coti saska\u0146otas ar \u0161o tik\u0161anos un miera pan\u0101k\u0161anu. Vi\u0146i visi ir lieliski cilv\u0113ki,\u201d sac\u012bja Tramps.<\/p><\/blockquote>\n<p>Nep\u0101rtraukta atbalsta un iesp\u0113jam\u0101 karasp\u0113ka izvieto\u0161ana<\/p>\n<p>Viens no pretrun\u012bg\u0101kajiem elementiem, kas tiks apspriests Par\u012bz\u0113, ir iesp\u0113ja izvietot karasp\u0113ku Ukrain\u0101 vai t\u0101s tuvum\u0101, ta\u010du att\u0101lu no frontes l\u012bnij\u0101m. Krievija ir pazi\u0146ojusi, ka nepie\u0146ems NATO valstu karasp\u0113ku Ukrainas teritorij\u0101.<\/p>\n<p>P\u0113c tik\u0161an\u0101s ar Trampu Mar-a-Lago, Ukrainas prezidents pazi\u0146oja, ka ASV dro\u0161\u012bbas garantijas Ukrainai tika \u201c100% saska\u0146otas\u201d. \u201cMums ir lieliski pan\u0101kumi, 20 punktu miera pl\u0101ns ir 90% saska\u0146ots, un ASV-Ukrainas dro\u0161\u012bbas garantijas ir 100% saska\u0146otas,\u201d \u017eurn\u0101listiem sac\u012bja Zelenskis. \u201cASV, Eiropas un Ukrainas dro\u0161\u012bbas garantijas ir gandr\u012bz saska\u0146otas. Milit\u0101r\u0101 dimensija ir 100% saska\u0146ota.\u201d<\/p>\n<p>Zelenskis ar\u012b skaidroja \u017eurn\u0101listiem prezidenta WhatsApp t\u0113rz\u0113, ka p\u0113c tik\u0161an\u0101s Par\u012bz\u0113 dokumenti tiek sagaid\u012bti \u201cvisu l\u012bderu l\u012bmen\u012b\u201d, un tikai tad tiks pl\u0101nota tik\u0161an\u0101s ar Trampu un Eiropas l\u012bderiem. Zelenskis ar\u012b skaidroja, ka p\u0113c tik\u0161an\u0101s ar Trampu un Eiropas valst\u012bm, \u201cja viss notiks soli pa solim, tad notiks tik\u0161an\u0101s k\u0101d\u0101 form\u0101t\u0101 ar krieviem.\u201d<\/p>\n","protected":false},"excerpt":{"rendered":"Dro\u0161\u012bbas garantijas Ukrainai: Par\u012bzes samita m\u0113r\u0137is Apm\u0113ram 35 valstu l\u012bderi \u0161odien pulc\u0113jas Par\u012bz\u0113, lai apspriestu dro\u0161\u012bbas garantijas Ukrainai.&hellip;\n","protected":false},"author":2,"featured_media":95985,"comment_status":"","ping_status":"","sticky":false,"template":"","format":"standard","meta":{"footnotes":""},"categories":[14],"tags":[23,57,28,29,32,33,22,2406,30,31,35,39,38,36,37,34,40,16198,13880,20,23852,26,27,24,25,18324,54,55,56,21,58],"class_list":{"0":"post-95984","1":"post","2":"type-post","3":"status-publish","4":"format-standard","5":"has-post-thumbnail","7":"category-zinas-no-arvalstim","8":"tag-aktualitates","9":"tag-arvalstim","10":"tag-breaking-news","11":"tag-breakingnews","12":"tag-featured-news","13":"tag-featurednews","14":"tag-headlines","15":"tag-krievijas-agresija","16":"tag-latest-news","17":"tag-latestnews","18":"tag-latvia","19":"tag-latvian","20":"tag-latviesu","21":"tag-latviesu-valoda","22":"tag-latviesuvaloda","23":"tag-latvija","24":"tag-lv","25":"tag-miera-plans","26":"tag-nato-5-pants","27":"tag-news","28":"tag-parizes-samits","29":"tag-popularakas-zinas","30":"tag-popularakaszinas","31":"tag-top-stories","32":"tag-topstories","33":"tag-ukrainas-drosibas-garantijas","34":"tag-world","35":"tag-world-news","36":"tag-worldnews","37":"tag-zinas","38":"tag-zinas-no-arvalstim"},"share_on_mastodon":{"url":"","error":"Validation failed: Text character limit of 500 exceeded"},"_links":{"self":[{"href":"https:\/\/www.europesays.com\/lv\/wp-json\/wp\/v2\/posts\/95984","targetHints":{"allow":["GET"]}}],"collection":[{"href":"https:\/\/www.europesays.com\/lv\/wp-json\/wp\/v2\/posts"}],"about":[{"href":"https:\/\/www.europesays.com\/lv\/wp-json\/wp\/v2\/types\/post"}],"author":[{"embeddable":true,"href":"https:\/\/www.europesays.com\/lv\/wp-json\/wp\/v2\/users\/2"}],"replies":[{"embeddable":true,"href":"https:\/\/www.europesays.com\/lv\/wp-json\/wp\/v2\/comments?post=95984"}],"version-history":[{"count":0,"href":"https:\/\/www.europesays.com\/lv\/wp-json\/wp\/v2\/posts\/95984\/revisions"}],"wp:featuredmedia":[{"embeddable":true,"href":"https:\/\/www.europesays.com\/lv\/wp-json\/wp\/v2\/media\/95985"}],"wp:attachment":[{"href":"https:\/\/www.europesays.com\/lv\/wp-json\/wp\/v2\/media?parent=95984"}],"wp:term":[{"taxonomy":"category","embeddable":true,"href":"https:\/\/www.europesays.com\/lv\/wp-json\/wp\/v2\/categories?post=95984"},{"taxonomy":"post_tag","embeddable":true,"href":"https:\/\/www.europesays.com\/lv\/wp-json\/wp\/v2\/tags?post=95984"}],"curies":[{"name":"wp","href":"https:\/\/api.w.org\/{rel}","templated":true}]}}