{"id":95996,"date":"2026-01-06T09:15:08","date_gmt":"2026-01-06T09:15:08","guid":{"rendered":"https:\/\/www.europesays.com\/lv\/95996\/"},"modified":"2026-01-06T09:15:08","modified_gmt":"2026-01-06T09:15:08","slug":"daugavpils-teatri-top-jana-lusena-un-petera-bruvera-muzikls-agra-rusa","status":"publish","type":"post","link":"https:\/\/www.europesays.com\/lv\/95996\/","title":{"rendered":"Daugavpils te\u0101tr\u012b top J\u0101\u0146a L\u016bs\u0113na un P\u0113tera Br\u016bvera m\u016bzikls &#8220;Agr\u0101 r\u016bsa&#8221;"},"content":{"rendered":"<p><img decoding=\"async\" class=\"figure__image\" onclick=\"triggerEvent('articleImageClick', { id: 17373895, focus: 'single-image', focusIndex: '17373895' })\" onkeydown=\"if (event.key === 'Enter') {&#10;        triggerEvent('articleImageClick', { id: 17373895, focus: 'single-image', focusIndex: '17373895' })&#10;        }\" role=\"button\" tabindex=\"0\" data-focus-from=\"single-image\" data-focus-index=\"17373895\" src=\"https:\/\/www.europesays.com\/lv\/wp-content\/uploads\/2026\/01\/17373895t1h4d68.jpg\"  onload=\"this.parentElement.classList.remove('figure__image-loading')\" alt=\"Daugavpils te\u0101tra direktors O\u013cegs \u0160apo\u0161\u0146ikovs.\"\/>Daugavpils te\u0101tra direktors O\u013cegs \u0160apo\u0161\u0146ikovs. Foto: Ivars Soik\u0101ns\/LETA<\/p>\n<p>\u201c\u0160o m\u016bziklu pa\u0161i autori d\u0113v\u0113 par operu, un tam nevar nepiekrist, jo kompoz\u012bcijas ir sare\u017e\u0123\u012btas un prasa augst\u0101k\u0101 l\u012bme\u0146a meistar\u012bbu no izpild\u012bt\u0101jiem. T\u0101p\u0113c esam \u012bpa\u0161i gandar\u012bti, ka m\u016bsu m\u0101kslinieki ir sasniegu\u0161i l\u012bmeni, kas \u013cauj \u0161o darbu kvalitat\u012bvi iestud\u0113t.<\/p>\n<blockquote class=\"quote ck-widget\" contenteditable=\"false\">\n<p>L\u012bdz\u0101s m\u016bsu skat\u012bt\u0101jiem jau paz\u012bstamiem izpild\u012bt\u0101jiem izr\u0101d\u0113 piedal\u012bsies ar\u012b jaunas sejas \u2013 profesion\u0101li viessolisti, k\u0101 ar\u012b visi p\u0113d\u0113jo Daugavpils te\u0101tra aktierkursu absolventi.<\/p>\n<\/blockquote>\n<p>Priec\u0113, ka m\u016bzikl\u0101 piedal\u0101s daudz jaunu, talant\u012bgu un univers\u0101lu m\u0101kslinieku, kuri p\u0101rliecino\u0161i sp\u0113j gan sp\u0113l\u0113t, gan dzied\u0101t, gan dejot,\u201d st\u0101sta re\u017eisors.<\/p>\n<p>Izr\u0101des rado\u0161o komandu veido solistu vok\u0101l\u0101 pedago\u0123e Ilona Bagele, horeogr\u0101fe Irina Bogeruka, scenogr\u0101fe un kost\u012bmu m\u0101ksliniece Inga Bermaka, koncertmeistars Eduards Zari\u0146\u0161, aran\u017e\u0113jumu autors <a href=\"https:\/\/sejas.tvnet.lv\/term\/556486\/janis-lusens\" class=\"topicLink\" target=\"_blank\" rel=\"nofollow noopener\">J\u0101nis L\u016bs\u0113ns<\/a> juniors un gaismu m\u0101kslinieks Sergejs Vasi\u013cjevs.<\/p>\n<p>Galven\u0101s lomas izpild\u012bs solisti Beate Megija Baranovska\/Kata\u017eina Dudareva (Elza), Sandis Ulpe (\u0136ikulis), Artis Mui\u017enieks (Italo), Maksis Krilovs (Straujups).<\/p>\n<p>Pirmizr\u0101de \u2013 24. janv\u0101r\u012b pl.18.00, n\u0101kam\u0101 izr\u0101de \u2013 25. janv\u0101r\u012b pl.15.00. Izr\u0101de notiek latvie\u0161u valod\u0101, t\u0101s ilgums \u2013 3 stundas.<\/p>\n<p>Bi\u013cetes mekl\u0113jamas Daugavpils te\u0101tra kas\u0113, \u201eBi\u013ce\u0161u parad\u012bze\u201d kas\u0113s un <a target=\"_blank\" rel=\"noopener noreferrer nofollow\" href=\"https:\/\/www.bilesuparadize.lv\">t\u012bmekl\u012b<\/a>.<\/p>\n","protected":false},"excerpt":{"rendered":"Daugavpils te\u0101tra direktors O\u013cegs \u0160apo\u0161\u0146ikovs. Foto: Ivars Soik\u0101ns\/LETA \u201c\u0160o m\u016bziklu pa\u0161i autori d\u0113v\u0113 par operu, un tam nevar&hellip;\n","protected":false},"author":2,"featured_media":95997,"comment_status":"","ping_status":"","sticky":false,"template":"","format":"standard","meta":{"footnotes":""},"categories":[19],"tags":[6391,23854,89,90,10637,35,39,38,3634,36,37,34,507,40,6396,23853],"class_list":{"0":"post-95996","1":"post","2":"type-post","3":"status-publish","4":"format-standard","5":"has-post-thumbnail","7":"category-izklaide","8":"tag-daugavpils-teatris","9":"tag-elina-zalite","10":"tag-entertainment","11":"tag-izklaide","12":"tag-janis-lusens","13":"tag-latvia","14":"tag-latvian","15":"tag-latviesu","16":"tag-latviesu-literatura","17":"tag-latviesu-valoda","18":"tag-latviesuvaloda","19":"tag-latvija","20":"tag-liepajas-teatris","21":"tag-lv","22":"tag-olegs-saposnikovs","23":"tag-peters-bruveris"},"share_on_mastodon":{"url":"https:\/\/pubeurope.com\/@lv\/115847398877674870","error":""},"_links":{"self":[{"href":"https:\/\/www.europesays.com\/lv\/wp-json\/wp\/v2\/posts\/95996","targetHints":{"allow":["GET"]}}],"collection":[{"href":"https:\/\/www.europesays.com\/lv\/wp-json\/wp\/v2\/posts"}],"about":[{"href":"https:\/\/www.europesays.com\/lv\/wp-json\/wp\/v2\/types\/post"}],"author":[{"embeddable":true,"href":"https:\/\/www.europesays.com\/lv\/wp-json\/wp\/v2\/users\/2"}],"replies":[{"embeddable":true,"href":"https:\/\/www.europesays.com\/lv\/wp-json\/wp\/v2\/comments?post=95996"}],"version-history":[{"count":0,"href":"https:\/\/www.europesays.com\/lv\/wp-json\/wp\/v2\/posts\/95996\/revisions"}],"wp:featuredmedia":[{"embeddable":true,"href":"https:\/\/www.europesays.com\/lv\/wp-json\/wp\/v2\/media\/95997"}],"wp:attachment":[{"href":"https:\/\/www.europesays.com\/lv\/wp-json\/wp\/v2\/media?parent=95996"}],"wp:term":[{"taxonomy":"category","embeddable":true,"href":"https:\/\/www.europesays.com\/lv\/wp-json\/wp\/v2\/categories?post=95996"},{"taxonomy":"post_tag","embeddable":true,"href":"https:\/\/www.europesays.com\/lv\/wp-json\/wp\/v2\/tags?post=95996"}],"curies":[{"name":"wp","href":"https:\/\/api.w.org\/{rel}","templated":true}]}}