{"id":96021,"date":"2026-01-06T09:37:08","date_gmt":"2026-01-06T09:37:08","guid":{"rendered":"https:\/\/www.europesays.com\/lv\/96021\/"},"modified":"2026-01-06T09:37:08","modified_gmt":"2026-01-06T09:37:08","slug":"sakusies-pretendentu-pieteiksana-jurmalas-apbalvojumam-gada-balva-kultura-2025","status":"publish","type":"post","link":"https:\/\/www.europesays.com\/lv\/96021\/","title":{"rendered":"S\u0101kusies pretendentu pieteik\u0161ana J\u016brmalas apbalvojumam &#8220;Gada balva kult\u016br\u0101 2025&#8221;"},"content":{"rendered":"<p>J\u016brmalas valstspils\u0113tas pa\u0161vald\u012bba aicina pieteikt pretendentus \u201cGada balvai kult\u016br\u0101\u201d un balsot par spilgt\u0101ko notikumu kult\u016bras dz\u012bv\u0113 J\u016brmal\u0101 2025. gad\u0101. Pretendentus var pieteikt l\u012bdz 2026. gada 26. janv\u0101rim, inform\u0113 J\u016brmalas valspils\u0113tas administr\u0101cij\u0101.<\/p>\n<p>Apbalvojums \u201cGada balva kult\u016br\u0101\u201d ir J\u016brmalas pa\u0161vald\u012bbas augst\u0101kais nov\u0113rt\u0113jums kult\u016bras nozar\u0113. Pie\u0161\u0137irot apbalvojumu, izsaka atzin\u012bbu un nov\u0113rt\u0113 kult\u016bras dz\u012bves spilgt\u0101kos notikumus pils\u0113tas, valsts un starptautisk\u0101 m\u0113rog\u0101. Apbalvojumu pie\u0161\u0137ir, lai veicin\u0101tu sabiedr\u012bbas l\u012bdzdal\u012bbu kult\u016bras procesu veido\u0161an\u0101 un tradicion\u0101l\u0101s, popul\u0101r\u0101s un inovat\u012bv\u0101s kult\u016bras att\u012bst\u012bbu, k\u0101 ar\u012b populariz\u0113tu J\u016brmalu k\u0101 rado\u0161u pils\u0113tu.<\/p>\n<p>Balvu pie\u0161\u0137ir par iepriek\u0161\u0113j\u0101 gad\u0101 J\u016brmal\u0101 notiku\u0161iem kult\u016bras pas\u0101kumiem un J\u016brmalas kolekt\u012bvu un m\u0101kslinieku sasniegumiem Latvijas un starptautiskos konkursos. Pretendenti ir fiziskas personas \u2013 kult\u016bras jomas darbinieki, projektu vad\u012bt\u0101ji, m\u0101kslinieki, producenti, pas\u0101kumu atbalst\u012bt\u0101ji, k\u0101 ar\u012b J\u016brmalas valstspils\u0113t\u0101 notiku\u0161o kult\u016bras pas\u0101kumu organizatori.<\/p>\n<p>Pretendentus \u201cGada balvai kult\u016br\u0101 2025\u201d var pieteikt \u0161\u0101d\u0101s nomin\u0101cij\u0101s: \u201cPar m\u016b\u017ea ieguld\u012bjumu J\u016brmalas kult\u016bras dz\u012bves veido\u0161an\u0101\u201d, \u201cGada balva kult\u016br\u0101\u201d, \u201cPar izciliem sasniegumiem Latvijas un starptautiskajos konkursos, koncertos un izst\u0101d\u0113s, populariz\u0113jot J\u016brmalas v\u0101rdu\u201d, \u201cPar izcilu valsts un starptautiska m\u0113roga kult\u016bras notikumu veido\u0161anu J\u016brmal\u0101\u201d, \u201cPar spilgt\u0101ko kult\u016bras notikumu J\u016brmalas apkaim\u0113s\u201d, \u201cSkat\u012bt\u0101ju simp\u0101tiju balva par spilgt\u0101ko kult\u016bras pas\u0101kumu J\u016brmal\u0101\u201d. Pieteikuma anketas un\u00a0inform\u0101cija par apbalvojuma &#8220;Gada balva kult\u016br\u0101&#8221; organiz\u0113\u0161anas k\u0101rt\u012bbu pieejamas\u00a0vietn\u0113\u00a0www.jurmala.lv.<\/p>\n<p>J\u016brmalas Gada balvas kult\u016br\u0101 2026. gada 20. febru\u0101r\u012b tiks pasniegtas jau 23. gadu. Pirmo reizi balvas pasnieg\u0161ana norisin\u0101j\u0101s 2003. gad\u0101 un galveno balvu sa\u0146\u0113ma komponists Rihards Dubra par ska\u0146darbu \u201cTe Deum\u201d. P\u0113rn \u201cGada balvu kult\u016br\u0101 2024\u201d sa\u0146\u0113ma Agnija Saprovska par ieguld\u012bjumu nemateri\u0101l\u0101 kult\u016bras mantojuma saglab\u0101\u0161an\u0101 J\u016brmal\u0101; par m\u016b\u017ea ieguld\u012bjumu balva pasniegta Intai Baumanei par J\u016brmalas v\u0113stures p\u0113tniec\u012bbu un \u0100rijai Zelti\u0146ai par korm\u016bzikas un folkloras trad\u012bciju veido\u0161anu J\u016brmal\u0101.<\/p>\n","protected":false},"excerpt":{"rendered":"J\u016brmalas valstspils\u0113tas pa\u0161vald\u012bba aicina pieteikt pretendentus \u201cGada balvai kult\u016br\u0101\u201d un balsot par spilgt\u0101ko notikumu kult\u016bras dz\u012bv\u0113 J\u016brmal\u0101 2025.&hellip;\n","protected":false},"author":2,"featured_media":96022,"comment_status":"","ping_status":"","sticky":false,"template":"","format":"standard","meta":{"footnotes":""},"categories":[12],"tags":[23,28,29,32,33,22,114,30,31,35,39,38,36,37,34,40,20,629,26,27,24,25,21],"class_list":{"0":"post-96021","1":"post","2":"type-post","3":"status-publish","4":"format-standard","5":"has-post-thumbnail","7":"category-latvija","8":"tag-aktualitates","9":"tag-breaking-news","10":"tag-breakingnews","11":"tag-featured-news","12":"tag-featurednews","13":"tag-headlines","14":"tag-jurmala","15":"tag-latest-news","16":"tag-latestnews","17":"tag-latvia","18":"tag-latvian","19":"tag-latviesu","20":"tag-latviesu-valoda","21":"tag-latviesuvaloda","22":"tag-latvija","23":"tag-lv","24":"tag-news","25":"tag-pierigas-zinas","26":"tag-popularakas-zinas","27":"tag-popularakaszinas","28":"tag-top-stories","29":"tag-topstories","30":"tag-zinas"},"share_on_mastodon":{"url":"https:\/\/pubeurope.com\/@lv\/115847485440168336","error":""},"_links":{"self":[{"href":"https:\/\/www.europesays.com\/lv\/wp-json\/wp\/v2\/posts\/96021","targetHints":{"allow":["GET"]}}],"collection":[{"href":"https:\/\/www.europesays.com\/lv\/wp-json\/wp\/v2\/posts"}],"about":[{"href":"https:\/\/www.europesays.com\/lv\/wp-json\/wp\/v2\/types\/post"}],"author":[{"embeddable":true,"href":"https:\/\/www.europesays.com\/lv\/wp-json\/wp\/v2\/users\/2"}],"replies":[{"embeddable":true,"href":"https:\/\/www.europesays.com\/lv\/wp-json\/wp\/v2\/comments?post=96021"}],"version-history":[{"count":0,"href":"https:\/\/www.europesays.com\/lv\/wp-json\/wp\/v2\/posts\/96021\/revisions"}],"wp:featuredmedia":[{"embeddable":true,"href":"https:\/\/www.europesays.com\/lv\/wp-json\/wp\/v2\/media\/96022"}],"wp:attachment":[{"href":"https:\/\/www.europesays.com\/lv\/wp-json\/wp\/v2\/media?parent=96021"}],"wp:term":[{"taxonomy":"category","embeddable":true,"href":"https:\/\/www.europesays.com\/lv\/wp-json\/wp\/v2\/categories?post=96021"},{"taxonomy":"post_tag","embeddable":true,"href":"https:\/\/www.europesays.com\/lv\/wp-json\/wp\/v2\/tags?post=96021"}],"curies":[{"name":"wp","href":"https:\/\/api.w.org\/{rel}","templated":true}]}}