{"id":961,"date":"2025-09-21T18:02:11","date_gmt":"2025-09-21T18:02:11","guid":{"rendered":"https:\/\/www.europesays.com\/lv\/961\/"},"modified":"2025-09-21T18:02:11","modified_gmt":"2025-09-21T18:02:11","slug":"foto-%e2%9f%a9-liepajas-simfoniskais-orkestris-atklajis-145-koncertsezonu","status":"publish","type":"post","link":"https:\/\/www.europesays.com\/lv\/961\/","title":{"rendered":"FOTO \u27e9 Liep\u0101jas Simfoniskais or\u0137estris atkl\u0101jis 145. koncertsezonu"},"content":{"rendered":"<p>Vakara centr\u0101lais notikums bija \u012bpa\u0161i \u0161im koncertam rad\u012bt\u0101s \u0112r\u0123e\u013csimfonijas pirmatska\u0146ojums. Ambicioz\u0101 ska\u0146darba autors ir viens no izteiksm\u012bg\u0101kajiem un juteklisk\u0101kajiem jaun\u0101s paaudzes latvie\u0161u komponistiem <a href=\"https:\/\/sejas.tvnet.lv\/term\/620877\/jekabs-jancevskis\" class=\"topicLink\" target=\"_blank\" rel=\"nofollow noopener\">J\u0113kabs Jan\u010devskis<\/a>.<\/p>\n<p><img decoding=\"async\" class=\"figure__image\" onclick=\"triggerEvent('articleImageClick', { id: 17163551, focus: 'single-image', focusIndex: '17163551' })\" onkeydown=\"if (event.key === 'Enter') {&#10;        triggerEvent('articleImageClick', { id: 17163551, focus: 'single-image', focusIndex: '17163551' })&#10;        }\" role=\"button\" tabindex=\"0\" data-focus-from=\"single-image\" data-focus-index=\"17163551\" src=\"https:\/\/www.europesays.com\/lv\/wp-content\/uploads\/2025\/09\/17163551t1ha7e3.jpg\" onload=\"this.parentElement.classList.remove('figure__image-loading')\" alt=\"Centr\u0101: komponists J\u0113kabs Jan\u010devskis un \u0113r\u0123elniece Iveta Apkalna.\"\/>Centr\u0101: komponists J\u0113kabs Jan\u010devskis un \u0113r\u0123elniece Iveta Apkalna.\u00a0Foto: K\u0101rlis Volkovskis<\/p>\n<p>V\u0113l pirms koncerta <a href=\"https:\/\/sejas.tvnet.lv\/term\/565240\/iveta-apkalna\" class=\"topicLink\" target=\"_blank\" rel=\"nofollow noopener\">Iveta Apkalna<\/a> Latvijas Radio 1 pauda p\u0101rliec\u012bbu, ka komponista \u0113r\u0123e\u013csimfonija, kas rad\u012bta Liep\u0101jas Simfoniskajam or\u0137estrim, izskan\u0113s v\u0113l uz daudz\u0101m pasaules skatuv\u0113m.<\/p>\n<p>Latvie\u0161u m\u016bzika un pasaules m\u016bzikas d\u0101rgumi ir divi galvenie virzieni Liep\u0101jas Simfonisk\u0101 or\u0137estra virzieni, t\u0101p\u0113c \u0161\u012b koncerta otraj\u0101 da\u013c\u0101 skan\u0113ja ar\u012b noz\u012bm\u012bgs agr\u012bn\u0101 romantisma ska\u0146darbs \u2013 fran\u010du komponista Hektora Berlioza 1830. gad\u0101 sarakst\u012bt\u0101 programmatisk\u0101 simfonija &#8220;Fantastisk\u0101 simfonija: epizode m\u0101kslinieka dz\u012bv\u0113\u2026 piec\u0101s da\u013c\u0101s&#8221;.<\/p>\n<p>Koncertu tie\u0161raid\u0113 transl\u0113ja Latvijas Radio 3. Ieraksts pieejams <a href=\"https:\/\/klasika.lsm.lv\/lv\/raksts\/tieshraides\/liepajas-simfoniska-orkestra-145.-sezonas-atklasana-koncertzale-.a212046\/\" target=\"_blank\" rel=\"nofollow noopener\">radio arh\u012bv\u0101<\/a>.\u00a0<\/p>\n<p>Jaun\u0101 koncertsezona Liep\u0101jas Simfoniskajam or\u0137estrim ir sapl\u0101nota visnota\u013c intens\u012bva \u2013 septembra izska\u0146\u0101 Latvijas t\u016bre kop\u0101 ar jauno pianistu Daniilu Mickevi\u010du, koncerti ne tikai \u201cLielaj\u0101 dzintar\u0101\u201d, bet ar\u012b Rund\u0101les pil\u012b, le\u0123end\u0101r\u0101 komponista M\u0101rti\u0146a Brauna m\u016bzikas programmas t\u016bre pa Latvijas koncertz\u0101l\u0113m novembra otraj\u0101 pus\u0113 un tr\u012bs Liep\u0101jas simfonisk\u0101 Vecgada koncertu vakari turpat Liep\u0101jas koncertz\u0101l\u0113.<\/p>\n<p><img decoding=\"async\" class=\"figure__image\" onclick=\"triggerEvent('articleImageClick', { id: 17163552, focus: 'single-image', focusIndex: '17163552' })\" onkeydown=\"if (event.key === 'Enter') {&#10;        triggerEvent('articleImageClick', { id: 17163552, focus: 'single-image', focusIndex: '17163552' })&#10;        }\" role=\"button\" tabindex=\"0\" data-focus-from=\"single-image\" data-focus-index=\"17163552\" src=\"https:\/\/www.europesays.com\/lv\/wp-content\/uploads\/2025\/09\/17163552t1hb41d.jpg\" onload=\"this.parentElement.classList.remove('figure__image-loading')\" alt=\"Liep\u0101jas koncertz\u0101le &quot;Lielais dzintars&quot;.\"\/>Liep\u0101jas koncertz\u0101le &#8220;Lielais dzintars&#8221;.\u00a0Foto: K\u0101rlis Volkovskis<\/p>\n<p>Ar\u012b sezonas otra puse sola v\u0113rien\u012bgus notikumus. Piem\u0113ram, or\u0137estra r\u012bkotais Liep\u0101jas Starptautiskais zvaig\u017e\u0146u festiv\u0101ls \u2013 viens no noz\u012bm\u012bg\u0101kajiem klasik\u0101s m\u016bzikas festiv\u0101liem Latvij\u0101, kas \u0161ogad norisin\u0101sies jau 34. reizi un uz Liep\u0101ju publiku vilin\u0101s ar t\u0101d\u0101m zvaigzn\u0113m k\u0101 Hiromi, Kristians Lindbergs, Rolands Pontinens, Anel\u012bna van Vauve un v\u0113l citas.<\/p>\n<p>Bi\u013cetes uz Liep\u0101jas Simfonisk\u0101 or\u0137estra koncertiem pieejamas <a href=\"https:\/\/www.bilesuparadize.lv\/lv\/organizer\/50\" target=\"_blank\" rel=\"nofollow noopener\">&#8220;Bi\u013ce\u0161u Parad\u012bzes&#8221; t\u012bkl\u0101<\/a>.<\/p>\n<p>Koncertus atbalsta Latvijas Republikas Kult\u016bras ministrija, Valsts kult\u016brkapit\u0101la fonds, Liep\u0101jas pils\u0113ta, koncertz\u0101le <a href=\"https:\/\/sejas.tvnet.lv\/term\/556915\/lielais-dzintars\" class=\"topicLink\" target=\"_blank\" rel=\"nofollow noopener\">&#8220;Lielais dzintars&#8221;<\/a> un LSEZ SIA Terrabalt.<\/p>\n","protected":false},"excerpt":{"rendered":"Vakara centr\u0101lais notikums bija \u012bpa\u0161i \u0161im koncertam rad\u012bt\u0101s \u0112r\u0123e\u013csimfonijas pirmatska\u0146ojums. Ambicioz\u0101 ska\u0146darba autors ir viens no izteiksm\u012bg\u0101kajiem un&hellip;\n","protected":false},"author":2,"featured_media":962,"comment_status":"","ping_status":"","sticky":false,"template":"","format":"standard","meta":{"footnotes":""},"categories":[5],"tags":[677,23,28,29,32,33,22,678,679,30,31,35,39,38,36,37,34,40,20,26,27,24,25,21],"class_list":{"0":"post-961","1":"post","2":"type-post","3":"status-publish","4":"format-standard","5":"has-post-thumbnail","7":"category-aktualitates","8":"tag-lielais-dzintars","9":"tag-aktualitates","10":"tag-breaking-news","11":"tag-breakingnews","12":"tag-featured-news","13":"tag-featurednews","14":"tag-headlines","15":"tag-iveta-apkalna","16":"tag-jekabs-jancevskis","17":"tag-latest-news","18":"tag-latestnews","19":"tag-latvia","20":"tag-latvian","21":"tag-latviesu","22":"tag-latviesu-valoda","23":"tag-latviesuvaloda","24":"tag-latvija","25":"tag-lv","26":"tag-news","27":"tag-popularakas-zinas","28":"tag-popularakaszinas","29":"tag-top-stories","30":"tag-topstories","31":"tag-zinas"},"share_on_mastodon":{"url":"","error":""},"_links":{"self":[{"href":"https:\/\/www.europesays.com\/lv\/wp-json\/wp\/v2\/posts\/961","targetHints":{"allow":["GET"]}}],"collection":[{"href":"https:\/\/www.europesays.com\/lv\/wp-json\/wp\/v2\/posts"}],"about":[{"href":"https:\/\/www.europesays.com\/lv\/wp-json\/wp\/v2\/types\/post"}],"author":[{"embeddable":true,"href":"https:\/\/www.europesays.com\/lv\/wp-json\/wp\/v2\/users\/2"}],"replies":[{"embeddable":true,"href":"https:\/\/www.europesays.com\/lv\/wp-json\/wp\/v2\/comments?post=961"}],"version-history":[{"count":0,"href":"https:\/\/www.europesays.com\/lv\/wp-json\/wp\/v2\/posts\/961\/revisions"}],"wp:featuredmedia":[{"embeddable":true,"href":"https:\/\/www.europesays.com\/lv\/wp-json\/wp\/v2\/media\/962"}],"wp:attachment":[{"href":"https:\/\/www.europesays.com\/lv\/wp-json\/wp\/v2\/media?parent=961"}],"wp:term":[{"taxonomy":"category","embeddable":true,"href":"https:\/\/www.europesays.com\/lv\/wp-json\/wp\/v2\/categories?post=961"},{"taxonomy":"post_tag","embeddable":true,"href":"https:\/\/www.europesays.com\/lv\/wp-json\/wp\/v2\/tags?post=961"}],"curies":[{"name":"wp","href":"https:\/\/api.w.org\/{rel}","templated":true}]}}