{"id":96139,"date":"2026-01-06T11:28:15","date_gmt":"2026-01-06T11:28:15","guid":{"rendered":"https:\/\/www.europesays.com\/lv\/96139\/"},"modified":"2026-01-06T11:28:15","modified_gmt":"2026-01-06T11:28:15","slug":"egipte-ar-salaha-vartiem-nodrosina-vietu-afrikas-naciju-kausa-ceturtdalfinala-lente-lv","status":"publish","type":"post","link":"https:\/\/www.europesays.com\/lv\/96139\/","title":{"rendered":"\u0112\u0123ipte ar Sal\u0101ha v\u0101rtiem nodro\u0161ina vietu \u0100frikas N\u0101ciju kausa ceturtda\u013cfin\u0101l\u0101\u00a0\u2014\u00a0Lente.lv"},"content":{"rendered":"<p>\u0112\u0123ipte sasniedz ceturtda\u013cfin\u0101lu p\u0113c aizraujo\u0161as uzvaras pret Beninu<\/p>\n<p>Viena no \u0100frikas N\u0101ciju kausa izc\u012b\u0146as favor\u012bt\u0113m, \u0112\u0123iptes futbola izlase, ir nodro\u0161in\u0101jusi savu vietu turn\u012bra ceturtda\u013cfin\u0101l\u0101. Lai p\u0101rvar\u0113tu Beninas komandas pretest\u012bbu, \u0113\u0123iptie\u0161iem bija nepiecie\u0161ams pagarin\u0101jums, sp\u0113lei nosl\u0113dzoties ar rezult\u0101tu 3:1. Iz\u0161\u0137iro\u0161os, nosl\u0113dzo\u0161os v\u0101rtus \u0113\u0123iptie\u0161u lab\u0101 guva komandas kapteinis un zvaigzne Mohameds Sal\u0101hs.<\/p>\n<p>Sp\u0113les gaita un Sal\u0101ha iz\u0161\u0137iro\u0161ais moments<\/p>\n<p>Sp\u0113le pret Beninu izr\u0101d\u012bj\u0101s daudz s\u012bv\u0101ka, nek\u0101 daudzi prognoz\u0113ja. Lai gan \u0112\u0123ipte bija uzskat\u0101ma par favor\u012bti, Beninas futbolisti demonstr\u0113ja sp\u012bt\u012bgu un organiz\u0113tu aizsardz\u012bbu, ne\u013caujot \u0113\u0123iptie\u0161iem viegli g\u016bt v\u0101rtus. Sp\u0113les gait\u0101 bija nepiecie\u0161ams papildlaiks, lai noskaidrotu uzvar\u0113t\u0101ju, kas apliecina abu komandu l\u012bdzv\u0113rt\u012bgo sniegumu un c\u012b\u0146as sparu.<\/p>\n<p>Mohameda Sal\u0101ha loma sp\u0113l\u0113 bija atkal izcila. Vi\u0146\u0161 ne tikai demonstr\u0113ja savas l\u012bdera sp\u0113jas, bet ar\u012b guva v\u0101rtus, kas pielika punktu spriedzes pilnajai c\u012b\u0146ai un nodro\u0161in\u0101ja \u0112\u0123iptei ce\u013caz\u012bmi uz n\u0101kamo k\u0101rtu. \u0160\u012b sp\u0113ja iz\u0161\u0137iro\u0161os br\u012b\u017eos g\u016bt v\u0101rtus ir rakstur\u012bga Sal\u0101ham, kas vi\u0146u padara par vienu no piepras\u012bt\u0101kajiem sp\u0113l\u0113t\u0101jiem pasaul\u0113.<\/p>\n<p>Turn\u012bra konteksts un \u0112\u0123iptes sniegums<\/p>\n<p>\u0100frikas N\u0101ciju kausa izc\u012b\u0146a \u0161ogad notiek Marok\u0101 no 2025. gada 21. decembra l\u012bdz 2026. gada 18. janv\u0101rim. Turn\u012br\u0101 piedal\u0101s 24 komandas, un izsl\u0113g\u0161anas sp\u0113les, kur\u0101s iek\u013c\u016bst katras grupas divas lab\u0101k\u0101s komandas, k\u0101 ar\u012b \u010detras lab\u0101k\u0101s tre\u0161\u0101s vietas ieguv\u0113jas, ir s\u0101ku\u0161\u0101s 2026. gada 3. janv\u0101r\u012b. \u0112\u0123ipte, kas ir tituliem bag\u0101t\u0101k\u0101 komanda \u0100frikas N\u0101ciju kausa v\u0113stur\u0113 ar septi\u0146iem tituliem, ar\u012b \u0161ogad tiek uzskat\u012bta par vienu no galvenajiem favor\u012btiem uz uzvaru. Pirms \u0161\u012bs sp\u0113les Sal\u0101hs jau bija sasniedzis v\u0113sturisku atz\u012bmi, k\u013c\u016bstot par pirmo \u0112\u0123iptes sp\u0113l\u0113t\u0101ju, kur\u0161 guvis v\u0101rtus piec\u0101s da\u017e\u0101d\u0101s \u0100frikas N\u0101ciju kausa izc\u012b\u0146\u0101s.<\/p>\n<p>N\u0101kamie pretinieki un turn\u012bra gaita<\/p>\n<p>P\u0113c uzvaras p\u0101r Beninu, \u0112\u0123ipte c\u012bn\u012bsies ceturtda\u013cfin\u0101l\u0101. Astotda\u013cfin\u0101la p\u0101ru sadal\u012bjums liecina par aizraujo\u0161\u0101m c\u012b\u0146\u0101m, kur\u0101s iesaist\u012btas sp\u0113c\u012bgas komandas k\u0101 Seneg\u0101la, Mali, Maroka, Dienvid\u0101frika, Nig\u0113rija, Al\u017e\u012brija un pa\u0161reiz\u0113jie \u010dempioni Kotdivu\u0101ra. \u0160\u012b gada turn\u012brs ir atnesis ar\u012b k\u0101du skand\u0101lu saist\u012bb\u0101 ar Gabonas izlasi, kuras dal\u012bba tika p\u0101rtraukta p\u0113c dramatisk\u0101m vald\u012bbas intervences. Iesp\u0113jamie pretinieki ceturtda\u013cfin\u0101l\u0101 v\u0113l tiks noskaidroti p\u0113c cit\u0101m astotda\u013cfin\u0101la sp\u0113l\u0113m, kas norisin\u0101s l\u012bdz 6. janv\u0101rim.<\/p>\n","protected":false},"excerpt":{"rendered":"\u0112\u0123ipte sasniedz ceturtda\u013cfin\u0101lu p\u0113c aizraujo\u0161as uzvaras pret Beninu Viena no \u0100frikas N\u0101ciju kausa izc\u012b\u0146as favor\u012bt\u0113m, \u0112\u0123iptes futbola izlase,&hellip;\n","protected":false},"author":2,"featured_media":96140,"comment_status":"","ping_status":"","sticky":false,"template":"","format":"standard","meta":{"footnotes":""},"categories":[17],"tags":[20628,2563,11476,676,35,39,38,36,37,34,40,22290,67],"class_list":{"0":"post-96139","1":"post","2":"type-post","3":"status-publish","4":"format-standard","5":"has-post-thumbnail","7":"category-sports","8":"tag-afrikas-naciju-kauss","9":"tag-ceturtdalfinals","10":"tag-egipte","11":"tag-futbols","12":"tag-latvia","13":"tag-latvian","14":"tag-latviesu","15":"tag-latviesu-valoda","16":"tag-latviesuvaloda","17":"tag-latvija","18":"tag-lv","19":"tag-mohameds-salahs","20":"tag-sports"},"share_on_mastodon":{"url":"https:\/\/pubeurope.com\/@lv\/115847921860415823","error":""},"_links":{"self":[{"href":"https:\/\/www.europesays.com\/lv\/wp-json\/wp\/v2\/posts\/96139","targetHints":{"allow":["GET"]}}],"collection":[{"href":"https:\/\/www.europesays.com\/lv\/wp-json\/wp\/v2\/posts"}],"about":[{"href":"https:\/\/www.europesays.com\/lv\/wp-json\/wp\/v2\/types\/post"}],"author":[{"embeddable":true,"href":"https:\/\/www.europesays.com\/lv\/wp-json\/wp\/v2\/users\/2"}],"replies":[{"embeddable":true,"href":"https:\/\/www.europesays.com\/lv\/wp-json\/wp\/v2\/comments?post=96139"}],"version-history":[{"count":0,"href":"https:\/\/www.europesays.com\/lv\/wp-json\/wp\/v2\/posts\/96139\/revisions"}],"wp:featuredmedia":[{"embeddable":true,"href":"https:\/\/www.europesays.com\/lv\/wp-json\/wp\/v2\/media\/96140"}],"wp:attachment":[{"href":"https:\/\/www.europesays.com\/lv\/wp-json\/wp\/v2\/media?parent=96139"}],"wp:term":[{"taxonomy":"category","embeddable":true,"href":"https:\/\/www.europesays.com\/lv\/wp-json\/wp\/v2\/categories?post=96139"},{"taxonomy":"post_tag","embeddable":true,"href":"https:\/\/www.europesays.com\/lv\/wp-json\/wp\/v2\/tags?post=96139"}],"curies":[{"name":"wp","href":"https:\/\/api.w.org\/{rel}","templated":true}]}}