{"id":96153,"date":"2026-01-06T11:37:13","date_gmt":"2026-01-06T11:37:13","guid":{"rendered":"https:\/\/www.europesays.com\/lv\/96153\/"},"modified":"2026-01-06T11:37:13","modified_gmt":"2026-01-06T11:37:13","slug":"policijas-iegutas-zinas-neliecina-par-liepajas-osta-esosa-kuga-saistibu-ar-optiska-kabela-bojasanu-1188-lv","status":"publish","type":"post","link":"https:\/\/www.europesays.com\/lv\/96153\/","title":{"rendered":"Policijas ieg\u016bt\u0101s zi\u0146as neliecina par Liep\u0101jas ost\u0101 eso\u0161\u0101 ku\u0123a saist\u012bbu ar optisk\u0101 kabe\u013ca boj\u0101\u0161anu &#8211; 1188.lv"},"content":{"rendered":"<ol>\n<li><a href=\"https:\/\/news.google.com\/rss\/articles\/CBMiygFBVV95cUxOZV9vaGU1MkswWGRHQlI4anBWaHNsd09zQmh6dEFwcDBGbFNCZnN3bmJGU2Q3OV9GbWlMeFRUcW82RkVVbGxKZ2JPcXFFUlJ1cFlUMURJRjBYQnFfdXFQWXdTVXBFQkhpbHJDVkxzUlJRR093dGxheUNnQVNTbnkwbzhvR0lDRFRNVGhPWko0d2dJNTJINkdIWjVSZGpRMXFPYUcwWEM5enM4clR2ODN4T2Z1WUg2VFN1RE5hb2x6ZHduLVZGUlIwMnF3?oc=5\" target=\"_blank\" rel=\"nofollow noopener\">Policijas ieg\u016bt\u0101s zi\u0146as neliecina par Liep\u0101jas ost\u0101 eso\u0161\u0101 ku\u0123a saist\u012bbu ar optisk\u0101 kabe\u013ca boj\u0101\u0161anu<\/a>&nbsp;&nbsp;1188.lv<\/li>\n<li><a href=\"https:\/\/news.google.com\/rss\/articles\/CBMi0gFBVV95cUxPaHJ2dmREcXd0THJuWW1RMmlxcDYxQlhTTkxJU0hOdW5FR3Awc29UbzBMOFBEUFpubVRKM29keko5N1dIMjNHaVN6ZDE4VUhJQWhBdHM4RnhIR1dMNjNlRzdOODZJZGdfeGVLRG9zZjYyNGdtN21laDF2MjJfMHpjNmxFSklETTU1T183VW9IN0pxZXc5blE2U2EtQ0w0cHR6bXREc2xnMDBTbHdROW5mRFNPa0xvcXRrZ3FfZjBkZ05RREZ2MXA4SGpYS1dOVFlIdXc?oc=5\" target=\"_blank\" rel=\"nofollow noopener\">P\u0101rraut\u0101 kabe\u013ca lieta: veikta krat\u012b\u0161ana uz ku\u0123a un nopratin\u0101ta apkalpe &#8211; policija sniedz s\u012bk\u0101kas zi\u0146as<\/a>&nbsp;&nbsp;Jauns.lv<\/li>\n<li><a href=\"https:\/\/news.google.com\/rss\/articles\/CBMiowFBVV95cUxQMFI4d2FLa2RMakZyTlpPckZZc2llZGxfckNJMjduUkZkZGduQnV2a0lzc2lPX2ZrdDdobXdQVXFwTjlHcDlVRklHYnM2cFNmbngtczNJQlp3b1hBbWdMSmdyWUNEeFgtQWExWTdQQUdTd3NBQmtnY3BKcmFXMnNJMHBVWEoxSm1Va19wWDFiNjlPZFlJbTlZb2syLVdPbHByQnBB?oc=5\" target=\"_blank\" rel=\"nofollow noopener\">K\u0101p\u0113c no Baltijas j\u016bras pazudu\u0161i NATO ku\u0123i?<\/a>&nbsp;&nbsp;NRA<\/li>\n<li><a href=\"https:\/\/news.google.com\/rss\/articles\/CBMivwFBVV95cUxPbHlJbW1BZlBQN1RGTHRwRmdlYTBVeUtSTVlUbU4tcElMdzA3WW9GWkRTTXdpQ2JhZGpEVmtCMlJoN205SmZXRXBRcjhCVUJaX1VPUHZoSlRPMHVoX0lXdGhOcTM0aktCMUNBTTB1NzJZQU9XVlhIQWNKdVJOQzh3bHhtb19BU21nRmtoLXVwZlIxcVJwVGljeElKRV94ejZzb1VGUmp2Rlh0cGpBZzFoRGxlR0hPVVo0aGlPNGxicw?oc=5\" target=\"_blank\" rel=\"nofollow noopener\">Net\u0101lu no Liep\u0101jas boj\u0101ts zem\u016bdens kabelis; policija ir uz aizdom\u0101s tur\u0113t\u0101 ku\u0123a<\/a>&nbsp;&nbsp;Delfi<\/li>\n<li><a href=\"https:\/\/news.google.com\/rss\/articles\/CBMiuwFBVV95cUxNREJJRmZVejRaQnBUT3VMejBiR2Q3OF9lXzN5R3d3QmRHUUJ4OGhFSWViS1lFVDVjOFlaVnNzbnNzRmt5U0dEOVhmRGJ3V1FlMWxvR2cyb0VJa1JFZFI4NXU1aUtkeVotSHZfT2hEejBfX2IwcExzcXkwb0hDbkxPVWZ3ZHdObWpWMzEwUlpseVR6c1J6dWRlTVNGTnl6TkJCNl9HVmtpT0NwaklRdXlMZmxlT2pYazJRRUs0?oc=5\" target=\"_blank\" rel=\"nofollow noopener\">Liep\u0101jas ost\u0101 eso\u0161\u0101 ku\u0123a saist\u012bba ar optisk\u0101 kabe\u013ca boj\u0101\u0161anu patlaban nav apstiprin\u0101jusies<\/a>&nbsp;&nbsp;TVNET<\/li>\n<\/ol>\n","protected":false},"excerpt":{"rendered":"Policijas ieg\u016bt\u0101s zi\u0146as neliecina par Liep\u0101jas ost\u0101 eso\u0161\u0101 ku\u0123a saist\u012bbu ar optisk\u0101 kabe\u013ca boj\u0101\u0161anu&nbsp;&nbsp;1188.lv P\u0101rraut\u0101 kabe\u013ca lieta: veikta&hellip;\n","protected":false},"author":2,"featured_media":96154,"comment_status":"","ping_status":"","sticky":false,"template":"","format":"standard","meta":{"footnotes":""},"categories":[12],"tags":[129,130,23,28,29,32,33,22,30,31,35,39,38,36,37,34,40,20,26,27,131,132,24,25,21],"class_list":{"0":"post-96153","1":"post","2":"type-post","3":"status-publish","4":"format-standard","5":"has-post-thumbnail","7":"category-latvija","8":"tag-__typenameadvicekeyword","9":"tag-id905","10":"tag-aktualitates","11":"tag-breaking-news","12":"tag-breakingnews","13":"tag-featured-news","14":"tag-featurednews","15":"tag-headlines","16":"tag-latest-news","17":"tag-latestnews","18":"tag-latvia","19":"tag-latvian","20":"tag-latviesu","21":"tag-latviesu-valoda","22":"tag-latviesuvaloda","23":"tag-latvija","24":"tag-lv","25":"tag-news","26":"tag-popularakas-zinas","27":"tag-popularakaszinas","28":"tag-slugliepaja","29":"tag-titleliepaja","30":"tag-top-stories","31":"tag-topstories","32":"tag-zinas"},"share_on_mastodon":{"url":"https:\/\/pubeurope.com\/@lv\/115847957337682107","error":""},"_links":{"self":[{"href":"https:\/\/www.europesays.com\/lv\/wp-json\/wp\/v2\/posts\/96153","targetHints":{"allow":["GET"]}}],"collection":[{"href":"https:\/\/www.europesays.com\/lv\/wp-json\/wp\/v2\/posts"}],"about":[{"href":"https:\/\/www.europesays.com\/lv\/wp-json\/wp\/v2\/types\/post"}],"author":[{"embeddable":true,"href":"https:\/\/www.europesays.com\/lv\/wp-json\/wp\/v2\/users\/2"}],"replies":[{"embeddable":true,"href":"https:\/\/www.europesays.com\/lv\/wp-json\/wp\/v2\/comments?post=96153"}],"version-history":[{"count":0,"href":"https:\/\/www.europesays.com\/lv\/wp-json\/wp\/v2\/posts\/96153\/revisions"}],"wp:featuredmedia":[{"embeddable":true,"href":"https:\/\/www.europesays.com\/lv\/wp-json\/wp\/v2\/media\/96154"}],"wp:attachment":[{"href":"https:\/\/www.europesays.com\/lv\/wp-json\/wp\/v2\/media?parent=96153"}],"wp:term":[{"taxonomy":"category","embeddable":true,"href":"https:\/\/www.europesays.com\/lv\/wp-json\/wp\/v2\/categories?post=96153"},{"taxonomy":"post_tag","embeddable":true,"href":"https:\/\/www.europesays.com\/lv\/wp-json\/wp\/v2\/tags?post=96153"}],"curies":[{"name":"wp","href":"https:\/\/api.w.org\/{rel}","templated":true}]}}