{"id":96177,"date":"2026-01-06T11:55:12","date_gmt":"2026-01-06T11:55:12","guid":{"rendered":"https:\/\/www.europesays.com\/lv\/96177\/"},"modified":"2026-01-06T11:55:12","modified_gmt":"2026-01-06T11:55:12","slug":"cetri-berni-guvusi-nopietnas-traumas-ar-ragavinam-iebraucot-kokos-lente-lv","status":"publish","type":"post","link":"https:\/\/www.europesays.com\/lv\/96177\/","title":{"rendered":"\u010cetri b\u0113rni guvu\u0161i nopietnas traumas, ar ragavi\u0146\u0101m iebraucot kokos\u00a0\u2014\u00a0Lente.lv"},"content":{"rendered":"<p>Nopietnas traumas br\u012bvdien\u0101s: \u010cetri b\u0113rni cietu\u0161i, braucot ar ragavi\u0146\u0101m<\/p>\n<p>Pag\u0101ju\u0161\u0101s br\u012bvdien\u0101s Latvij\u0101 re\u0123istr\u0113ti vair\u0101ki nopietni negad\u012bjumi, kuros cietu\u0161i b\u0113rni. Neatliekam\u0101s medic\u012bnisk\u0101s pal\u012bdz\u012bbas dienests (NMPD) sniedzis pal\u012bdz\u012bbu \u010detriem nepilngad\u012bgajiem, kuri guvu\u0161i smagas traumas, lai\u017eoties ar ragavi\u0146\u0101m no kalna un ietriecoties kokos. \u0160ie negad\u012bjumi uzsver ziemas aktivit\u0101\u0161u rad\u012btos riskus un nepiecie\u0161am\u012bbu piev\u0113rst pastiprin\u0101tu uzman\u012bbu dro\u0161\u012bbai, \u012bpa\u0161i b\u0113rnu vid\u016b.<\/p>\n<p>Lai gan prec\u012bzi negad\u012bjumu norises vietas un apst\u0101k\u013ci v\u0113l tiek preciz\u0113ti, medi\u0137u sniegt\u0101 inform\u0101cija liecina par nopietniem savainojumiem. \u0160\u0101di gad\u012bjumi atk\u0101rtoti piev\u0113r\u0161 uzman\u012bbu tam, ka pat \u0161\u0137ietami nekait\u012bgas ziemas aktivit\u0101tes var novest pie smag\u0101m sek\u0101m, ja netiek iev\u0113roti dro\u0161\u012bbas pas\u0101kumi.<\/p>\n<p>Ziemas prieku tum\u0161\u0101 puse: Ragavi\u0146u traumas un to sekas<\/p>\n<p>Brauk\u0161ana no kalna ar ragavi\u0146\u0101m ir viena no popul\u0101r\u0101kaj\u0101m ziemas izklaid\u0113m b\u0113rniem, ta\u010du t\u0101 bie\u017ei vien saist\u012bta ar risku g\u016bt traumas. \u0160ajos konkr\u0113tajos gad\u012bjumos b\u0113rni guvu\u0161i traumas, saskaroties ar kokiem, kam\u0113r trauku\u0161ies lej\u0101 no kalna. \u0160\u0101di negad\u012bjumi var izrais\u012bt da\u017e\u0101dus savainojumus, s\u0101kot no sasitumiem un kaulu l\u016bzumiem l\u012bdz pat nopietn\u0101m v\u0113dera traum\u0101m, ko medi\u0137i nov\u0113roju\u0161i iepriek\u0161\u0113jos gad\u012bjumos.<\/p>\n<p>B\u0113rnu slimn\u012bcas medi\u0137i jau iepriek\u0161 ir paudu\u0161i ba\u017eas par pieaugo\u0161o traumu skaitu tie\u0161i ziemas sezon\u0101. Lai gan nav specifiskas statistikas par konkr\u0113taj\u0101m br\u012bvdien\u0101m, kop\u0113j\u0101s tendences liecina, ka b\u0113rnu traumatisms ir iev\u0113rojams, un \u012bpa\u0161i tas pieaug akt\u012bvo ziemas nodarb\u012bbu laik\u0101.<\/p>\n<p>Visp\u0101r\u0113jais b\u0113rnu traumatisms Latvij\u0101 un ziemas aktivit\u0101\u0161u riski<\/p>\n<p>Traumatisms b\u0113rnu vid\u016b Latvij\u0101 kopum\u0101 ir sal\u012bdzino\u0161i augsts. Lai gan statistikas dati par iepriek\u0161\u0113jiem gadiem liecina, ka traumas bie\u017ei g\u016btas sadz\u012bves apst\u0101k\u013cos, ar\u012b akt\u012bvas atp\u016btas laik\u0101 g\u016bto traumu skaits nav niec\u012bgs. Saska\u0146\u0101 ar Slim\u012bbu profilakses un kontroles centra (SPKC) datiem, \u0101r\u0113jie n\u0101ves c\u0113lo\u0146i ir viens no bie\u017e\u0101kajiem priek\u0161laic\u012bgas n\u0101ves iemesliem Latvij\u0101, \u012bpa\u0161i jaunu cilv\u0113ku vid\u016b.<\/p>\n<p>Ziemas sezon\u0101 \u012bpa\u0161i aktu\u0101li k\u013c\u016bst riski, kas saist\u012bti ar slido\u0161anu, sl\u0113po\u0161anu un brauk\u0161anu ar ragavi\u0146\u0101m. Neapdom\u012bga r\u012bc\u012bba, nepietiekama uzraudz\u012bba vai nepiem\u0113rots invent\u0101rs var novest pie nopietniem savainojumiem. \u0100rsti nor\u0101da, ka bie\u017e\u0101kie ziemas traumu veidi ir roku un k\u0101ju l\u016bzumi, sasitumi, smadze\u0146u satricin\u0101jumi, k\u0101 ar\u012b nopietn\u0101kas traumas, kas g\u016btas, saduroties ar \u0161\u0137\u0113r\u0161\u013ciem vai kr\u012btot no augstuma.<\/p>\n<p>Dro\u0161\u012bbas pas\u0101kumi un ieteikumi<\/p>\n<p>Lai nov\u0113rstu l\u012bdz\u012bgus negad\u012bjumus n\u0101kotn\u0113, medi\u0137i un dro\u0161\u012bbas speci\u0101listi aicina vec\u0101kus piev\u0113rst pastiprin\u0101tu uzman\u012bbu b\u0113rnu dro\u0161\u012bbai ziemas aktivit\u0101\u0161u laik\u0101. Svar\u012bgi ir izv\u0113l\u0113ties dro\u0161as vietas brauk\u0161anai no kalna, izvairoties no viet\u0101m ar \u0161\u0137\u0113r\u0161\u013ciem, piem\u0113ram, kokiem, stabiem vai tuvum\u0101 eso\u0161iem ce\u013ciem. T\u0101pat ir b\u016btiski nodro\u0161in\u0101t, ka b\u0113rni ir pien\u0101c\u012bgi apr\u012bkoti, lietojot aizsarg\u0137iveres un citus aizsargl\u012bdzek\u013cus, un ka vi\u0146i apzin\u0101s dro\u0161\u012bbas noteikumus.<\/p>\n<p>Vec\u0101kiem ir ieteicams p\u0101rrun\u0101t ar b\u0113rniem potenci\u0101los riskus un uzsv\u0113rt nepiecie\u0161am\u012bbu b\u016bt uzman\u012bgiem un atbild\u012bgiem. J\u0101atceras, ka, lai gan fizisk\u0101s aktivit\u0101tes ir vesel\u012bgas, dro\u0161\u012bba vienm\u0113r j\u0101nost\u0101da pirmaj\u0101 viet\u0101.<\/p>\n<p>B\u0113rnu kl\u012bnisk\u0101s universit\u0101tes slimn\u012bcas speci\u0101listu v\u0113rt\u0113jums<\/p>\n<p>B\u0113rnu kl\u012bnisk\u0101s universit\u0101tes slimn\u012bcas medi\u0137i jau ilgsto\u0161i uzsver b\u0113rnu dro\u0161\u012bbas noz\u012bmi ziemas aktivit\u0101\u0161u laik\u0101. Vi\u0146i atg\u0101dina, ka vec\u0101ku uzraudz\u012bba ir b\u016btiska, \u012bpa\u0161i jaun\u0101kiem b\u0113rniem, un ka nav ieteicams uztic\u0113t uzraudz\u012bbu citiem b\u0113rniem. T\u0101pat tiek uzsv\u0113rts, ka vec\u0101kiem ir j\u0101nov\u0113rt\u0113 b\u0113rna sp\u0113jas un j\u0101izv\u0113las atbilsto\u0161a gr\u016bt\u012bbas pak\u0101pe aktivit\u0101t\u0113m, izvairoties no p\u0101rgalv\u012bbas.<\/p>\n<p>Medi\u0137i mudina vec\u0101kus r\u012bkoties prevent\u012bvi \u2013 p\u0101rbaud\u012bt invent\u0101ru pirms lieto\u0161anas un nodro\u0161in\u0101t, ka tas ir dro\u0161s. T\u0101pat svar\u012bgi ir izv\u0113l\u0113ties piem\u0113rotu ap\u0123\u0113rbu, kas pasarg\u0101 no aukstuma un mitruma, lai nodro\u0161in\u0101tu maksim\u0101lu komfortu un dro\u0161\u012bbu.<\/p>\n","protected":false},"excerpt":{"rendered":"Nopietnas traumas br\u012bvdien\u0101s: \u010cetri b\u0113rni cietu\u0161i, braucot ar ragavi\u0146\u0101m Pag\u0101ju\u0161\u0101s br\u012bvdien\u0101s Latvij\u0101 re\u0123istr\u0113ti vair\u0101ki nopietni negad\u012bjumi, kuros cietu\u0161i&hellip;\n","protected":false},"author":2,"featured_media":96178,"comment_status":"","ping_status":"","sticky":false,"template":"","format":"standard","meta":{"footnotes":""},"categories":[12],"tags":[23,8619,23887,28,29,32,33,22,30,31,35,39,38,36,37,34,40,20,3938,26,27,23888,24,25,23889,21],"class_list":{"0":"post-96177","1":"post","2":"type-post","3":"status-publish","4":"format-standard","5":"has-post-thumbnail","7":"category-latvija","8":"tag-aktualitates","9":"tag-bernu-drosiba","10":"tag-bernu-traumas","11":"tag-breaking-news","12":"tag-breakingnews","13":"tag-featured-news","14":"tag-featurednews","15":"tag-headlines","16":"tag-latest-news","17":"tag-latestnews","18":"tag-latvia","19":"tag-latvian","20":"tag-latviesu","21":"tag-latviesu-valoda","22":"tag-latviesuvaloda","23":"tag-latvija","24":"tag-lv","25":"tag-news","26":"tag-nmpd","27":"tag-popularakas-zinas","28":"tag-popularakaszinas","29":"tag-ragavinu-negadijumi","30":"tag-top-stories","31":"tag-topstories","32":"tag-ziemas-traumas","33":"tag-zinas"},"share_on_mastodon":{"url":"https:\/\/pubeurope.com\/@lv\/115848028011322316","error":""},"_links":{"self":[{"href":"https:\/\/www.europesays.com\/lv\/wp-json\/wp\/v2\/posts\/96177","targetHints":{"allow":["GET"]}}],"collection":[{"href":"https:\/\/www.europesays.com\/lv\/wp-json\/wp\/v2\/posts"}],"about":[{"href":"https:\/\/www.europesays.com\/lv\/wp-json\/wp\/v2\/types\/post"}],"author":[{"embeddable":true,"href":"https:\/\/www.europesays.com\/lv\/wp-json\/wp\/v2\/users\/2"}],"replies":[{"embeddable":true,"href":"https:\/\/www.europesays.com\/lv\/wp-json\/wp\/v2\/comments?post=96177"}],"version-history":[{"count":0,"href":"https:\/\/www.europesays.com\/lv\/wp-json\/wp\/v2\/posts\/96177\/revisions"}],"wp:featuredmedia":[{"embeddable":true,"href":"https:\/\/www.europesays.com\/lv\/wp-json\/wp\/v2\/media\/96178"}],"wp:attachment":[{"href":"https:\/\/www.europesays.com\/lv\/wp-json\/wp\/v2\/media?parent=96177"}],"wp:term":[{"taxonomy":"category","embeddable":true,"href":"https:\/\/www.europesays.com\/lv\/wp-json\/wp\/v2\/categories?post=96177"},{"taxonomy":"post_tag","embeddable":true,"href":"https:\/\/www.europesays.com\/lv\/wp-json\/wp\/v2\/tags?post=96177"}],"curies":[{"name":"wp","href":"https:\/\/api.w.org\/{rel}","templated":true}]}}