{"id":96212,"date":"2026-01-06T12:30:07","date_gmt":"2026-01-06T12:30:07","guid":{"rendered":"https:\/\/www.europesays.com\/lv\/96212\/"},"modified":"2026-01-06T12:30:07","modified_gmt":"2026-01-06T12:30:07","slug":"tramps-zino-ka-velesanas-venecuela-tuvako-30-dienu-laika-nav-gaidamas-jauns-lv","status":"publish","type":"post","link":"https:\/\/www.europesays.com\/lv\/96212\/","title":{"rendered":"Tramps zi\u0146o, ka v\u0113l\u0113\u0161anas Venecu\u0113l\u0101 tuv\u0101ko 30 dienu laik\u0101 nav gaid\u0101mas &#8211; Jauns.lv"},"content":{"rendered":"<ol>\n<li><a href=\"https:\/\/news.google.com\/rss\/articles\/CBMirAFBVV95cUxQaG1sN1czQUFpMm44NDBydWlNajJlQ1kzYi1MOUQzdkR0TWYtSVppQldzbl94ZDlUS003N2wzRHVlMksyWlNDNlZiSWg4UTBNbnNUckZPRFRnZGJ2VTVrRnU0RFN5WnlDU3lHb2dfQzFISEpWVDd0OWJtaUdhelRCX2hpTVpod052di1LeXZSSEtmQm9FMUZFQThQQzVMTDRVNkIxSElsdkdHUnln?oc=5\" target=\"_blank\" rel=\"nofollow noopener\">Tramps zi\u0146o, ka v\u0113l\u0113\u0161anas Venecu\u0113l\u0101 tuv\u0101ko 30 dienu laik\u0101 nav gaid\u0101mas<\/a>&nbsp;&nbsp;Jauns.lv<\/li>\n<li><a href=\"https:\/\/news.google.com\/rss\/articles\/CBMivgFBVV95cUxQNEIzb2ZDb3YxTzNsNTQ3VFVwV2RBQUVhcEt4QmtzQjNJeTZFMTA1elBPbnNRMEVGTDJOM2xPMlVKdmVMSUlFTTYzaEdyV0ZmZ1RJeURPLUwtcEVMZ0xxZDdDVzhuNXBoeGlvYzhETFlPVFByLS1leFU2bHV6X1E2Z1RFSjQtX2VFbURUTkZ5MldnQkFVWG0xaDloVHpaSWNGOTZjVENQeXNiM2xjU3MyQXFaQ2g4dzRaRDNNelpn?oc=5\" target=\"_blank\" rel=\"nofollow noopener\">Maduro &#8220;t\u012b\u0123eriene&#8221; ar d\u0101rgu gaumi. Kas ir Delsija Rodrigesa, kas \u0161obr\u012bd vada Venecu\u0113lu?<\/a>&nbsp;&nbsp;Jauns.lv<\/li>\n<li><a href=\"https:\/\/news.google.com\/rss\/articles\/CBMixgFBVV95cUxPTkpjcGwyWTdYVFdUUTN0LWFYUklfUnd4eHJ0TVVWbTY5dkpEWU5faTMyUWlVSGpyVnVJQnQ0WUh2N1p3dzczeUk0YXA1WkhrZ3paa1pBTkMwZVNHcE0yUVhMQ1EydndUX3hEU0RiV1FTcGllX0p5Y1pzNWJpcEJvNjlVcnI4WGdkTzhPTDZGRV9BeUphZEV0S2RwZkpWTHNQNVQ4NVl0U3UzV1BNNVNkbDRhWUNnUzBCY3doWGR2d3Frb3NOaXc?oc=5\" target=\"_blank\" rel=\"nofollow noopener\">Maduro ar sievu tiek tur\u0113ti cietum\u0101, ko raksturo k\u0101 \u00abelli zemes virs\u016b\u00bb \/ Raksts<\/a>&nbsp;&nbsp;LSM<\/li>\n<li><a href=\"https:\/\/news.google.com\/rss\/articles\/CBMirwFBVV95cUxPdXRHZ3RHUDRLTFA4VGh6RmpORXJOSm96dnpBUXl0U3ZvOEhudThyZWFEb2VOYURqTzVqaFdobHgxaGpSMDNvZ29iN1pNa0pEZ3ppU1BfaTUzMUlQaVpEUUJ6NWxVaEJqeUk2anlkYkFfTFZWX2RGVTZmZnA1U0JsV3pLM0pueUVrVU4zS3JMU0dZU3NVeGl0eHJnc1VhekdaYTdGTFZ6WVBZQlc0UFdj?oc=5\" target=\"_blank\" rel=\"nofollow noopener\">VIDEO. \u201cApsveicu, draugi, Ukrain\u0101 saimniekos krievi!\u201d Horens Stalbe satraukts par Latvijas dro\u0161\u012bbu<\/a>&nbsp;&nbsp;LA.LV<\/li>\n<li><a href=\"https:\/\/news.google.com\/rss\/articles\/CBMimgFBVV95cUxPUHdmYWlabl9uLTMzTGc1UGppWHFQNTNwcF82Ty1SRzRPYm45R1ppMVdhVUs3UF9UZmdTbGppaEMySjc3Smd6bzBtdDVFRk5zcjB5aWRyTDVfSVRxWlBpM2VieklnTnhPY2d2bVljbHBVUlc0VFplTjF2UXc1aS1XaUExcEpXbzBiRDdzVU1waU1YWlF1anhxdDlB?oc=5\" target=\"_blank\" rel=\"nofollow noopener\">Internet\u0101 uzjautrin\u0101s par Mamikina izteikumiem par ASV oper\u0101ciju Venecu\u0113l\u0101<\/a>&nbsp;&nbsp;NRA<\/li>\n<\/ol>\n","protected":false},"excerpt":{"rendered":"Tramps zi\u0146o, ka v\u0113l\u0113\u0161anas Venecu\u0113l\u0101 tuv\u0101ko 30 dienu laik\u0101 nav gaid\u0101mas&nbsp;&nbsp;Jauns.lv Maduro &#8220;t\u012b\u0123eriene&#8221; ar d\u0101rgu gaumi. Kas ir&hellip;\n","protected":false},"author":2,"featured_media":96213,"comment_status":"","ping_status":"","sticky":false,"template":"","format":"standard","meta":{"footnotes":""},"categories":[14],"tags":[23,57,28,29,32,33,22,30,31,35,39,38,36,37,34,40,20,26,27,24,25,54,55,56,21,58],"class_list":{"0":"post-96212","1":"post","2":"type-post","3":"status-publish","4":"format-standard","5":"has-post-thumbnail","7":"category-zinas-no-arvalstim","8":"tag-aktualitates","9":"tag-arvalstim","10":"tag-breaking-news","11":"tag-breakingnews","12":"tag-featured-news","13":"tag-featurednews","14":"tag-headlines","15":"tag-latest-news","16":"tag-latestnews","17":"tag-latvia","18":"tag-latvian","19":"tag-latviesu","20":"tag-latviesu-valoda","21":"tag-latviesuvaloda","22":"tag-latvija","23":"tag-lv","24":"tag-news","25":"tag-popularakas-zinas","26":"tag-popularakaszinas","27":"tag-top-stories","28":"tag-topstories","29":"tag-world","30":"tag-world-news","31":"tag-worldnews","32":"tag-zinas","33":"tag-zinas-no-arvalstim"},"share_on_mastodon":{"url":"https:\/\/pubeurope.com\/@lv\/115848165944054402","error":""},"_links":{"self":[{"href":"https:\/\/www.europesays.com\/lv\/wp-json\/wp\/v2\/posts\/96212","targetHints":{"allow":["GET"]}}],"collection":[{"href":"https:\/\/www.europesays.com\/lv\/wp-json\/wp\/v2\/posts"}],"about":[{"href":"https:\/\/www.europesays.com\/lv\/wp-json\/wp\/v2\/types\/post"}],"author":[{"embeddable":true,"href":"https:\/\/www.europesays.com\/lv\/wp-json\/wp\/v2\/users\/2"}],"replies":[{"embeddable":true,"href":"https:\/\/www.europesays.com\/lv\/wp-json\/wp\/v2\/comments?post=96212"}],"version-history":[{"count":0,"href":"https:\/\/www.europesays.com\/lv\/wp-json\/wp\/v2\/posts\/96212\/revisions"}],"wp:featuredmedia":[{"embeddable":true,"href":"https:\/\/www.europesays.com\/lv\/wp-json\/wp\/v2\/media\/96213"}],"wp:attachment":[{"href":"https:\/\/www.europesays.com\/lv\/wp-json\/wp\/v2\/media?parent=96212"}],"wp:term":[{"taxonomy":"category","embeddable":true,"href":"https:\/\/www.europesays.com\/lv\/wp-json\/wp\/v2\/categories?post=96212"},{"taxonomy":"post_tag","embeddable":true,"href":"https:\/\/www.europesays.com\/lv\/wp-json\/wp\/v2\/tags?post=96212"}],"curies":[{"name":"wp","href":"https:\/\/api.w.org\/{rel}","templated":true}]}}