{"id":96216,"date":"2026-01-06T12:32:13","date_gmt":"2026-01-06T12:32:13","guid":{"rendered":"https:\/\/www.europesays.com\/lv\/96216\/"},"modified":"2026-01-06T12:32:13","modified_gmt":"2026-01-06T12:32:13","slug":"apdrosinataji-pec-spradziena-bauskas-iela-sak-pirmo-atlidzibu-izmaksas","status":"publish","type":"post","link":"https:\/\/www.europesays.com\/lv\/96216\/","title":{"rendered":"Apdro\u0161in\u0101t\u0101ji p\u0113c spr\u0101dziena Bauskas iel\u0101 s\u0101k pirmo atl\u012bdz\u012bbu izmaksas"},"content":{"rendered":"<p>Vienlaikus Dan\u010de uzsv\u0113ris, ka spr\u0101dziena rad\u012bto boj\u0101jumu apm\u0113ru pagaid\u0101m nav iesp\u0113jams piln\u012bb\u0101 izv\u0113rt\u0113t, jo tiek gaid\u012bti speci\u0101listu atzinumi, kas \u013caus apr\u0113\u0137in\u0101t atl\u012bdz\u012bbu summas un turpin\u0101t kompens\u0101ciju izmaksas.<\/p>\n<p>Visas apdro\u0161in\u0101\u0161anas komp\u0101nijas uzsver, ka vienreiz\u0113j\u0101s izmaksas ir pirmais \u0101tr\u0101s pal\u012bdz\u012bbas solis, kas paredz\u0113ts, lai cilv\u0113ki var\u0113tu nekav\u0113joties ieg\u0101d\u0101ties nepiecie\u0161am\u0101k\u0101s lietas un nodro\u0161in\u0101t pagaidu dz\u012bvesvietu. Savuk\u0101rt pilna apdro\u0161in\u0101\u0161anas atl\u012bdz\u012bba par boj\u0101jumiem tiks apr\u0113\u0137in\u0101ta p\u0113c tam, kad tiks sa\u0146emti atbild\u012bgo iest\u0101\u017eu un speci\u0101listu v\u0113rt\u0113jumi par konkr\u0113tajiem post\u012bjumiem.<\/p>\n<p>Vienlaikus pa\u0161vald\u012bba jau iepriek\u0161 inform\u0113jusi, ka nodro\u0161ina pagaidu izmitin\u0101\u0161anas iesp\u0113jas spr\u0101dzien\u0101 cietu\u0161ajiem iedz\u012bvot\u0101jiem, kam\u0113r tiek risin\u0101ts jaut\u0101jums par \u0113kas dro\u0161\u012bbu, atjauno\u0161anas iesp\u0113j\u0101m un iedz\u012bvot\u0101ju atgrie\u0161anos sav\u0101s m\u0101j\u0101s.<\/p>\n<p>TVNET jau inform\u0113ja, ka piektdien piecst\u0101vu daudzdz\u012bvok\u013cu \u0113k\u0101 boj\u0101ta g\u0101zes vada d\u0113\u013c notika spr\u0101dziens, k\u0101 rezult\u0101t\u0101 sagruva \u0113kas ceturtais un piektais st\u0101vs, k\u0101 ar\u012b jumts. Spr\u0101dzien\u0101 boj\u0101 g\u0101ja divi cilv\u0113ki un divi ievainoti.<\/p>\n<p>M\u0101jai noteikts av\u0101rijas st\u0101voklis, un t\u0101s ekspluat\u0101cija aizliegta.<\/p>\n<p>\u0112ku apsaimnieko SIA &#8220;Latvijas namsaimnieks&#8221;, taj\u0101 ir 74 dz\u012bvok\u013ci, no kuriem \u010detri pieder pa\u0161vald\u012bbai. P\u0113c pagaid\u0101m ofici\u0101li neapstiprin\u0101tas inform\u0101cijas spr\u0101dziens noticis neleg\u0101la g\u0101zes piesl\u0113guma d\u0113\u013c pa\u0161vald\u012bbai piedero\u0161\u0101 dz\u012bvokl\u012b.<\/p>\n<p>R\u012bgas domes M\u0101jok\u013cu un vides komiteja otrdien lems par turpm\u0101ko r\u012bc\u012bbu p\u0113c spr\u0101dziena \u0161aj\u0101 \u0113k\u0101.<\/p>\n<p>Komitejas s\u0113d\u0113 pl\u0101nots izv\u0113rt\u0113t jau sniegto pal\u012bdz\u012bbu iedz\u012bvot\u0101jiem un turpm\u0101k\u0101s darb\u012bbas, k\u0101 atbalst\u012bt bez m\u0101jok\u013ca paliku\u0161os r\u012bdziniekus. &#8220;T\u0101pat nekav\u0113joties ir j\u0101risina jaut\u0101jums, k\u0101 uzlabot pa\u0161vald\u012bbas iesp\u0113jas bie\u017e\u0101k p\u0101rbaud\u012bt iz\u012br\u0113tos dz\u012bvok\u013cus un pras\u012bt no \u012brniekiem veikt civiltiesisko apdro\u0161in\u0101\u0161anu,&#8221; uzsver komitejas vad\u012bt\u0101ja El\u012bna Treija (NA).<\/p>\n","protected":false},"excerpt":{"rendered":"Vienlaikus Dan\u010de uzsv\u0113ris, ka spr\u0101dziena rad\u012bto boj\u0101jumu apm\u0113ru pagaid\u0101m nav iesp\u0113jams piln\u012bb\u0101 izv\u0113rt\u0113t, jo tiek gaid\u012bti speci\u0101listu atzinumi,&hellip;\n","protected":false},"author":2,"featured_media":96217,"comment_status":"","ping_status":"","sticky":false,"template":"","format":"standard","meta":{"footnotes":""},"categories":[5],"tags":[23,12336,28,29,32,33,23521,22,30,31,35,39,38,36,37,34,40,4139,20,26,27,24,25,21],"class_list":{"0":"post-96216","1":"post","2":"type-post","3":"status-publish","4":"format-standard","5":"has-post-thumbnail","7":"category-aktualitates","8":"tag-aktualitates","9":"tag-apdrosinasana","10":"tag-breaking-news","11":"tag-breakingnews","12":"tag-featured-news","13":"tag-featurednews","14":"tag-gazes-spradziens-tornakalna","15":"tag-headlines","16":"tag-latest-news","17":"tag-latestnews","18":"tag-latvia","19":"tag-latvian","20":"tag-latviesu","21":"tag-latviesu-valoda","22":"tag-latviesuvaloda","23":"tag-latvija","24":"tag-lv","25":"tag-nekustamais-ipasums","26":"tag-news","27":"tag-popularakas-zinas","28":"tag-popularakaszinas","29":"tag-top-stories","30":"tag-topstories","31":"tag-zinas"},"share_on_mastodon":{"url":"https:\/\/pubeurope.com\/@lv\/115848173519460707","error":""},"_links":{"self":[{"href":"https:\/\/www.europesays.com\/lv\/wp-json\/wp\/v2\/posts\/96216","targetHints":{"allow":["GET"]}}],"collection":[{"href":"https:\/\/www.europesays.com\/lv\/wp-json\/wp\/v2\/posts"}],"about":[{"href":"https:\/\/www.europesays.com\/lv\/wp-json\/wp\/v2\/types\/post"}],"author":[{"embeddable":true,"href":"https:\/\/www.europesays.com\/lv\/wp-json\/wp\/v2\/users\/2"}],"replies":[{"embeddable":true,"href":"https:\/\/www.europesays.com\/lv\/wp-json\/wp\/v2\/comments?post=96216"}],"version-history":[{"count":0,"href":"https:\/\/www.europesays.com\/lv\/wp-json\/wp\/v2\/posts\/96216\/revisions"}],"wp:featuredmedia":[{"embeddable":true,"href":"https:\/\/www.europesays.com\/lv\/wp-json\/wp\/v2\/media\/96217"}],"wp:attachment":[{"href":"https:\/\/www.europesays.com\/lv\/wp-json\/wp\/v2\/media?parent=96216"}],"wp:term":[{"taxonomy":"category","embeddable":true,"href":"https:\/\/www.europesays.com\/lv\/wp-json\/wp\/v2\/categories?post=96216"},{"taxonomy":"post_tag","embeddable":true,"href":"https:\/\/www.europesays.com\/lv\/wp-json\/wp\/v2\/tags?post=96216"}],"curies":[{"name":"wp","href":"https:\/\/api.w.org\/{rel}","templated":true}]}}