{"id":96222,"date":"2026-01-06T12:42:07","date_gmt":"2026-01-06T12:42:07","guid":{"rendered":"https:\/\/www.europesays.com\/lv\/96222\/"},"modified":"2026-01-06T12:42:07","modified_gmt":"2026-01-06T12:42:07","slug":"gribeja-ukraina-paveikt-to-kas-venecuela-izdevas-pusstunda-trampa-operacija-atsedz-putina-ietekmes-vajumu","status":"publish","type":"post","link":"https:\/\/www.europesays.com\/lv\/96222\/","title":{"rendered":"Grib\u0113ja Ukrain\u0101 paveikt to, kas Venecu\u0113l\u0101 izdev\u0101s pusstund\u0101. Trampa oper\u0101cija atsedz Putina ietekmes v\u0101jumu"},"content":{"rendered":"<p>\u201cPutinam tas noteikti ir neizturami,\u201d izdevumam sac\u012bja politologs un biju\u0161ais Krem\u013ca runu autors Abass Galiamovs. \u201cPutins sol\u012bja Ukrain\u0101 paveikt to, ko Tramps Venecu\u0113l\u0101 izdar\u012bja pusstundas laik\u0101.\u201d<\/p>\n<p>Sabiedrotie paliek bez pal\u012bdz\u012bbas<\/p>\n<p>Rakst\u0101 uzsv\u0113rts, ka Maduro kri\u0161ana izgaismo pla\u0161\u0101ku probl\u0113mu \u2013 Krievija gadu gait\u0101 ir veidojusi autorit\u0101ru re\u017e\u012bmu aliansi no Karakasas l\u012bdz Teher\u0101nai, ta\u010du praks\u0113 \u0161\u012bs attiec\u012bbas izr\u0101d\u012bju\u0161\u0101s vienvirziena.<\/p>\n<p>Pirm\u0101 to izjuta Arm\u0113nija, kad Krievija 2023. gad\u0101 nerea\u0123\u0113ja uz Azerbaid\u017e\u0101nas ofens\u012bvu Kalnu Karabah\u0101. V\u0113l\u0101k Maskava nesp\u0113ja nov\u0113rst ar\u012b S\u012brijas prezidenta Ba\u0161ara al Asada re\u017e\u012bma sabrukumu, pat zaud\u0113jot savu strat\u0113\u0123iski svar\u012bgo ostu Tart\u016bs\u0101. T\u0101pat Krievija nesp\u0113ja pal\u012bdz\u0113t Ir\u0101nai, kad Izra\u0113la un ASV veica triecienus Ir\u0101nas kodolobjektiem.<\/p>\n<p>Tagad l\u012bdz\u012bg\u0101 situ\u0101cij\u0101 non\u0101kusi ar\u012b Venecu\u0113la \u2013 viena no Maskavas ilggad\u0113j\u0101m sabiedrotaj\u0101m, kurai Krievija kop\u0161 1999. gada pieg\u0101d\u0101jusi milit\u0101ro apr\u012bkojumu vair\u0101k nek\u0101 20 miljardu dol\u0101ru v\u0113rt\u012bb\u0101.<\/p>\n<p>\u201cV\u0113l viena valsts, kas pa\u013c\u0101v\u0101s uz Krievijas pal\u012bdz\u012bbu, to nesa\u0146\u0113ma,\u201d platform\u0101 \u201cTelegram\u201d rakst\u012bja ieslodz\u012btais krievu ultranacion\u0101lists Igors Girkins, koment\u0113jot notikumus Karakas\u0101.<\/p>\n<p class=\"ad-desc ad-desc-main\">Saturs turpin\u0101s p\u0113c rekl\u0101mas<\/p>\n<p class=\"ad-desc ad-desc-sec\">Rekl\u0101ma<\/p>\n<p>\u012apa\u0161i s\u0101p\u012bgs trieciens Maskavai ir fakts, ka Maduro neizdev\u0101s izb\u0113gt uz Krieviju, k\u0101 tas iepriek\u0161 noticis ar citiem Kremlim pietuvin\u0101tiem l\u012bderiem. Gan Ukrainas biju\u0161ais prezidents Viktors Janukovi\u010ds, gan S\u012brijas l\u012bderis Asads savulaik atrada patv\u0113rumu Krievij\u0101. Maduro gad\u012bjum\u0101 tas nenotika \u2013 <a href=\"https:\/\/tv3.lv\/zinas\/arvalstis\/nolaupitais-maduro-stajas-tiesas-prieksa-un-pazino-ka-joprojam-ir-venecuelas-lideris\/\" rel=\"nofollow noopener\" target=\"_blank\">pirmdien vi\u0146\u0161 jau st\u0101j\u0101s \u0145ujorkas tiesas priek\u0161\u0101<\/a>, \u0123\u0113rbies cietuma dr\u0113b\u0113s.<\/p>\n<p>Krievijas \u0100rlietu ministrija ASV r\u012bc\u012bbu nosaukusi par \u201cnepie\u0146emamu neatkar\u012bgas valsts suverenit\u0101tes p\u0101rk\u0101pumu\u201d. Savuk\u0101rt senators Aleksejs Pu\u0161kovs apgalvoja, ka Trampa darb\u012bbas iez\u012bm\u0113 \u201c19. gadsimta me\u017eon\u012bg\u0101 imperi\u0101lisma atgrie\u0161anos\u201d.<\/p>\n<p>Vienlaikus \u201cPolitico\u201d nor\u0101da uz ironiju \u2013 tie\u0161i \u0161\u0101dos suverenit\u0101tes p\u0101rk\u0101pumos Krievija pati tiek aps\u016bdz\u0113ta Ukrain\u0101.<\/p>\n<p>Krievijas nacion\u0101listu vid\u016b arvien ska\u013c\u0101k izskan jaut\u0101jums, k\u0101p\u0113c Maskava nesp\u0113j r\u012bkoties tikpat efekt\u012bvi k\u0101 Va\u0161ingtona. Ultranacion\u0101listu ideologs Aleksandrs Dugins rakst\u012bja, ka Krievijai b\u016btu j\u0101r\u012bkojas \u201ck\u0101 Trampam \u2013 tikai lab\u0101k un \u0101tr\u0101k\u201d. Ar\u012b Krem\u013ca propagandas seja Margarita Simonjana atzina, ka ir pamats \u201cjust skaud\u012bbu\u201d.<\/p>\n<p>\u201cPutins pats rad\u012bja pasauli, kur\u0101 svar\u012bgs ir tikai rezult\u0101ts,\u201d secina Galiamovs. \u201cUn tagad amerik\u0101\u0146i ir par\u0101d\u012bju\u0161i, k\u0101 tas tiek dar\u012bts, kam\u0113r Putina pazemojums ir redzams visiem.\u201d<\/p>\n<p class=\"tv3-fw-500\">Zi\u0146o par k\u013c\u016bdu rakst\u0101<\/p>\n<p class=\"d-md-block d-none\">Iez\u012bm\u0113 k\u013c\u016bdaino tekstu un spied Ctrl+Enter.<\/p>\n<p class=\"d-md-none d-block\">Iez\u012bm\u0113 k\u013c\u016bdaino tekstu un zi\u0146o par to!<\/p>\n","protected":false},"excerpt":{"rendered":"\u201cPutinam tas noteikti ir neizturami,\u201d izdevumam sac\u012bja politologs un biju\u0161ais Krem\u013ca runu autors Abass Galiamovs. \u201cPutins sol\u012bja Ukrain\u0101&hellip;\n","protected":false},"author":2,"featured_media":96223,"comment_status":"","ping_status":"","sticky":false,"template":"","format":"standard","meta":{"footnotes":""},"categories":[14],"tags":[23,57,23897,28,29,32,33,22,30,31,35,39,38,36,37,34,40,20,26,27,24,25,54,55,56,21,58],"class_list":{"0":"post-96222","1":"post","2":"type-post","3":"status-publish","4":"format-standard","5":"has-post-thumbnail","7":"category-zinas-no-arvalstim","8":"tag-aktualitates","9":"tag-arvalstim","10":"tag-asvdonalds-trampskrievijanikolass-madurovenecuelavladimirs-putins","11":"tag-breaking-news","12":"tag-breakingnews","13":"tag-featured-news","14":"tag-featurednews","15":"tag-headlines","16":"tag-latest-news","17":"tag-latestnews","18":"tag-latvia","19":"tag-latvian","20":"tag-latviesu","21":"tag-latviesu-valoda","22":"tag-latviesuvaloda","23":"tag-latvija","24":"tag-lv","25":"tag-news","26":"tag-popularakas-zinas","27":"tag-popularakaszinas","28":"tag-top-stories","29":"tag-topstories","30":"tag-world","31":"tag-world-news","32":"tag-worldnews","33":"tag-zinas","34":"tag-zinas-no-arvalstim"},"share_on_mastodon":{"url":"","error":"Validation failed: Text character limit of 500 exceeded"},"_links":{"self":[{"href":"https:\/\/www.europesays.com\/lv\/wp-json\/wp\/v2\/posts\/96222","targetHints":{"allow":["GET"]}}],"collection":[{"href":"https:\/\/www.europesays.com\/lv\/wp-json\/wp\/v2\/posts"}],"about":[{"href":"https:\/\/www.europesays.com\/lv\/wp-json\/wp\/v2\/types\/post"}],"author":[{"embeddable":true,"href":"https:\/\/www.europesays.com\/lv\/wp-json\/wp\/v2\/users\/2"}],"replies":[{"embeddable":true,"href":"https:\/\/www.europesays.com\/lv\/wp-json\/wp\/v2\/comments?post=96222"}],"version-history":[{"count":0,"href":"https:\/\/www.europesays.com\/lv\/wp-json\/wp\/v2\/posts\/96222\/revisions"}],"wp:featuredmedia":[{"embeddable":true,"href":"https:\/\/www.europesays.com\/lv\/wp-json\/wp\/v2\/media\/96223"}],"wp:attachment":[{"href":"https:\/\/www.europesays.com\/lv\/wp-json\/wp\/v2\/media?parent=96222"}],"wp:term":[{"taxonomy":"category","embeddable":true,"href":"https:\/\/www.europesays.com\/lv\/wp-json\/wp\/v2\/categories?post=96222"},{"taxonomy":"post_tag","embeddable":true,"href":"https:\/\/www.europesays.com\/lv\/wp-json\/wp\/v2\/tags?post=96222"}],"curies":[{"name":"wp","href":"https:\/\/api.w.org\/{rel}","templated":true}]}}