{"id":96238,"date":"2026-01-06T13:06:11","date_gmt":"2026-01-06T13:06:11","guid":{"rendered":"https:\/\/www.europesays.com\/lv\/96238\/"},"modified":"2026-01-06T13:06:11","modified_gmt":"2026-01-06T13:06:11","slug":"puse-bojagajuso-vel-nebija-sasniegusi-18-gadu-vecumu","status":"publish","type":"post","link":"https:\/\/www.europesays.com\/lv\/96238\/","title":{"rendered":"puse boj\u0101g\u0101ju\u0161o v\u0113l nebija sasniegu\u0161i 18 gadu vecumu"},"content":{"rendered":"<p class=\"lead\">\n                                Puse no \u0160veices Alpu k\u016brort\u0101 Kranmontan\u0101 Jaungada nakt\u012b b\u0101ra ugunsgr\u0113k\u0101 boj\u0101g\u0101ju\u0161ajiem ir jaun\u0101ki par 18 gadiem, sv\u0113tdienas vakar\u0101 p\u0113c visu 40 boj\u0101g\u0101ju\u0161o mirst\u012bgo atlieku identific\u0113\u0161anas pav\u0113st\u012bja policija.\n                            <\/p>\n<p style=\"margin-left:0px;\">P\u0113c t\u0101s sniegtaj\u0101m zi\u0146\u0101m, boj\u0101g\u0101ju\u0161ie ir vecum\u0101 no 14 l\u012bdz 39 gadiem.<\/p>\n<p style=\"margin-left:0px;\">Boj\u0101g\u0101ju\u0161ie ir 21 \u0160veices pilsonis, devi\u0146i Francijas pilso\u0146i, ieskaitot vienu Francijas un \u0160veices dubultpilsoni un vienu personu ar trim pilson\u012bb\u0101m &#8211; Francijas, Lielbrit\u0101nijas un Izra\u0113las, se\u0161i It\u0101lijas pilso\u0146i, ieskaitot vienu It\u0101lijas un Apvienoto Ar\u0101bu Emir\u0101tu dubultpilsoni, k\u0101 ar\u012b par vienam Be\u013c\u0123ijas, Portug\u0101les, Rum\u0101nijas un Turcijas pilsonim.<\/p>\n<p style=\"margin-left:0px;\">Jau v\u0113st\u012bts, ka Kranmontan\u0101 nakt\u012b uz ceturtdienu Jaungada svin\u012bbu laik\u0101 izc\u0113l\u0101s ugunsgr\u0113ks b\u0101r\u0101 &#8220;Le Constellation&#8221;, kur\u0101 g\u0101ja boj\u0101 40 un tika ievainoti 119 cilv\u0113ku.<\/p>\n<p style=\"margin-left:0px;\">Izmekl\u0113t\u0101ji piektdien pazi\u0146oja, ka s\u0101kotn\u0113j\u0101 inform\u0101cija liecina, ka tra\u0123isko ugunsgr\u0113ku izrais\u012bja \u0161ampanie\u0161a pudel\u0113s iespraustas sal\u016btsveces, kas \u013cau\u017eu p\u0101rpild\u012btaj\u0101 b\u0101r\u0101 tika paceltas p\u0101r\u0101k tuvu griestiem.<\/p>\n<p style=\"margin-left:0px;\">Abi b\u0101ra vad\u012bt\u0101ji tiek tur\u0113ti aizdom\u0101s par n\u0101ves izrais\u012b\u0161anu aiz nev\u0113r\u012bbas, miesas boj\u0101jumu nodar\u012b\u0161anu aiz nev\u0113r\u012bbas un ugunsgr\u0113ka izrais\u012b\u0161anu aiz nev\u0113r\u012bbas.<\/p>\n<p style=\"margin-left:0px;\">Kranmontana ir starptautiski paz\u012bstams sl\u0113po\u0161anas k\u016brorts, kuru apmekl\u0113 daudzi \u0101rzemju t\u016bristi.<\/p>\n<p class=\"paragraph-muted\">Izv\u0113lies savu soct\u012bklu platformu, lai sekotu LASI.LV: <a href=\"https:\/\/www.facebook.com\/portals.lasi.lv\" target=\"_blank\" rel=\"noopener noreferrer nofollow\">Facebook<\/a>, <a href=\"https:\/\/twitter.com\/lasilvportals\" target=\"_blank\" rel=\"noopener noreferrer nofollow\">X<\/a>, <a href=\"https:\/\/bsky.app\/profile\/lasilv.bsky.social\" target=\"_blank\" rel=\"noopener noreferrer nofollow\">Bluesky<\/a>, <a href=\"https:\/\/www.draugiem.lv\/lasilv\/?pg=4\" target=\"_blank\" rel=\"noopener noreferrer nofollow\">Draugiem<\/a>, <a href=\"https:\/\/www.threads.com\/@lasilv_zinas\" rel=\"nofollow noopener\" target=\"_blank\">Threads<\/a> vai ar\u012b <a href=\"https:\/\/www.instagram.com\/lasilv_zinas\/\" target=\"_blank\" rel=\"noopener noreferrer nofollow\">Instagram<\/a>. Pievienojies m\u016bsu las\u012bt\u0101ju pulkam, lai sa\u0146emtu \u012bpa\u0161i tev atlas\u012btu noder\u012bgu, praktisku un aktu\u0101lu saturu.\u00a0<\/p>\n<p style=\"margin-left:auto;\">Pieraksties LASI.LV redaktora v\u0113stkopai <a href=\"https:\/\/lasi.lv\/vestkopa\/lasi-lv-galvena-redaktora-vestkopa\" rel=\"nofollow noopener\" target=\"_blank\">\u0161eit<\/a>.<\/p>\n<p>Pieraksties v\u0113stkopai un divas reizes ned\u0113\u013c\u0101 sa\u0146em padzi\u013cin\u0101tu LASI.LV galven\u0101 redaktora aktu\u0101lo zi\u0146u, kompetentu viedok\u013cu un interesant\u0101ko interviju apkopojumu.<\/p>\n<p>Ko tu sa\u0146emsi:<\/p>\n<ul>\n<li>Daudzveid\u012bgus koment\u0101rus un kompetentus Latvijas Mediju \u017eurn\u0101listu un autoru viedok\u013cus par aktu\u0101lo<\/li>\n<li>Ekspertu koment\u0101rus par da\u017e\u0101diem praktiskiem, noder\u012bgiem tematiem<\/li>\n<li>Aizraujo\u0161us materi\u0101lus par v\u0113sturi, psiholo\u0123iju, kult\u016bru<\/li>\n<li>Gata \u0160\u013c\u016bkas karikat\u016bru<\/li>\n<li>Tav\u0101 e-pasta kast\u012bt\u0113 katru ceturtdienu<\/li>\n<\/ul>\n<p style=\"margin-left:auto;\">\u00a0<\/p>\n<p><script async src=\"https:\/\/platform.twitter.com\/widgets.js\" charset=\"utf-8\"><\/script><script async src=\"\/\/www.instagram.com\/embed.js\"><\/script><\/p>\n","protected":false},"excerpt":{"rendered":"Puse no \u0160veices Alpu k\u016brort\u0101 Kranmontan\u0101 Jaungada nakt\u012b b\u0101ra ugunsgr\u0113k\u0101 boj\u0101g\u0101ju\u0161ajiem ir jaun\u0101ki par 18 gadiem, sv\u0113tdienas vakar\u0101&hellip;\n","protected":false},"author":2,"featured_media":96239,"comment_status":"","ping_status":"","sticky":false,"template":"","format":"standard","meta":{"footnotes":""},"categories":[14],"tags":[23,57,28,29,32,33,22,30,31,35,39,38,36,37,34,40,20,26,27,24,25,54,55,56,21,58],"class_list":{"0":"post-96238","1":"post","2":"type-post","3":"status-publish","4":"format-standard","5":"has-post-thumbnail","7":"category-zinas-no-arvalstim","8":"tag-aktualitates","9":"tag-arvalstim","10":"tag-breaking-news","11":"tag-breakingnews","12":"tag-featured-news","13":"tag-featurednews","14":"tag-headlines","15":"tag-latest-news","16":"tag-latestnews","17":"tag-latvia","18":"tag-latvian","19":"tag-latviesu","20":"tag-latviesu-valoda","21":"tag-latviesuvaloda","22":"tag-latvija","23":"tag-lv","24":"tag-news","25":"tag-popularakas-zinas","26":"tag-popularakaszinas","27":"tag-top-stories","28":"tag-topstories","29":"tag-world","30":"tag-world-news","31":"tag-worldnews","32":"tag-zinas","33":"tag-zinas-no-arvalstim"},"share_on_mastodon":{"url":"https:\/\/pubeurope.com\/@lv\/115848307237354301","error":""},"_links":{"self":[{"href":"https:\/\/www.europesays.com\/lv\/wp-json\/wp\/v2\/posts\/96238","targetHints":{"allow":["GET"]}}],"collection":[{"href":"https:\/\/www.europesays.com\/lv\/wp-json\/wp\/v2\/posts"}],"about":[{"href":"https:\/\/www.europesays.com\/lv\/wp-json\/wp\/v2\/types\/post"}],"author":[{"embeddable":true,"href":"https:\/\/www.europesays.com\/lv\/wp-json\/wp\/v2\/users\/2"}],"replies":[{"embeddable":true,"href":"https:\/\/www.europesays.com\/lv\/wp-json\/wp\/v2\/comments?post=96238"}],"version-history":[{"count":0,"href":"https:\/\/www.europesays.com\/lv\/wp-json\/wp\/v2\/posts\/96238\/revisions"}],"wp:featuredmedia":[{"embeddable":true,"href":"https:\/\/www.europesays.com\/lv\/wp-json\/wp\/v2\/media\/96239"}],"wp:attachment":[{"href":"https:\/\/www.europesays.com\/lv\/wp-json\/wp\/v2\/media?parent=96238"}],"wp:term":[{"taxonomy":"category","embeddable":true,"href":"https:\/\/www.europesays.com\/lv\/wp-json\/wp\/v2\/categories?post=96238"},{"taxonomy":"post_tag","embeddable":true,"href":"https:\/\/www.europesays.com\/lv\/wp-json\/wp\/v2\/tags?post=96238"}],"curies":[{"name":"wp","href":"https:\/\/api.w.org\/{rel}","templated":true}]}}