{"id":9625,"date":"2025-10-01T11:04:07","date_gmt":"2025-10-01T11:04:07","guid":{"rendered":"https:\/\/www.europesays.com\/lv\/9625\/"},"modified":"2025-10-01T11:04:07","modified_gmt":"2025-10-01T11:04:07","slug":"nokomplektets-latvijas-viriesu-basketbola-izlases-treneru-sastavs","status":"publish","type":"post","link":"https:\/\/www.europesays.com\/lv\/9625\/","title":{"rendered":"Nokomplekt\u0113ts Latvijas v\u012brie\u0161u basketbola izlases treneru sast\u0101vs"},"content":{"rendered":"<p>\u0160telmahers savulaik aizvad\u012bjis 147 sp\u0113les valstsvien\u012bbas sast\u0101v\u0101 un p\u0101rst\u0101v\u0113jis Latviju \u010detros Eiropas \u010dempion\u0101tu fin\u0101lturn\u012bros. Bijis valstsvien\u012bbas galvenais treneris no 2020. l\u012bdz 2021. gadam, galven\u0101 trenera Ainara Bagatska asistents (2010.-2011. un 2015.-2016. gados), Latvijas U-20 izlases galvenais treneris 2012. gad\u0101. K\u0101 &#8220;Ventspils&#8221; un &#8220;Valmiera\/ORDO&#8221; galvenais treneris \u0160telmahers tr\u012bs reizes uzvar\u0113jis Latvijas \u010dempion\u0101t\u0101 un ir divk\u0101rt\u0113js Latvijas- Igaunijas basketbola l\u012bgas (LIBL) \u010dempions ar &#8220;Ventspils&#8221; un igau\u0146u Tallinas &#8220;Kalev\/Cramo&#8221; komand\u0101m. Kop\u0161 2024. gada \u0160telmahers ir Polijas kluba Slupskas &#8220;Czarni&#8221; galvenais treneris.<\/p>\n<p>K\u0101 v\u0113sta LBS, tad darbu valstsvien\u012bb\u0101 turpin\u0101s ar\u012b fizisk\u0101s sagatavot\u012bbas speci\u0101lists Oskars Ern\u0161teins, sporta \u0101rsts M\u0101rti\u0146\u0161 Pulveris un fizioterapeits Ansis Biedris.<\/p>\n<p>Latvijas v\u012brie\u0161u basketbola valstsvien\u012bba ce\u013cu uz FIBA 2027. gada Pasaules kausa izc\u012b\u0146as fin\u0101lturn\u012bru Katar\u0101 s\u0101ks 28.novenbr\u012b, kad kvalifik\u0101cijas F grupas turn\u012bra atkl\u0101\u0161anas ma\u010d\u0101 sav\u0101 laukum\u0101 sp\u0113l\u0113s ar N\u012bderlandes izlasi, bet tr\u012bs dienas v\u0113l\u0101k viesos b\u016bs j\u0101tiekas ar Austriju.<\/p>\n<p>N\u0101kam\u0101 gada febru\u0101r\u012b Latvijas izlasei b\u016bs divas sp\u0113les ar Poliju, bet j\u016blij\u0101 atbildes ma\u010di N\u012bderland\u0113 un R\u012bg\u0101 ar Austrijas vien\u012bbu. F grupas tr\u012bs lab\u0101k\u0101s komandas, l\u012bdzi \u0146emot visu sp\u0113\u013cu rezult\u0101tus, otraj\u0101 posm\u0101 K grup\u0101 tiksies ar E grupas (V\u0101cija, Izra\u0113la, Kipra un Horv\u0101tija) trim lab\u0101kaj\u0101m komand\u0101m. Pa div\u0101m sp\u0113l\u0113m paredz\u0113tas n\u0101kam\u0101 gada august\u0101 un novembr\u012b, k\u0101 ar\u012b 2027. gada febru\u0101r\u012b. Tr\u012bs lab\u0101k\u0101s komandas ieg\u016bs ties\u012bbas sp\u0113l\u0113t fin\u0101lturn\u012br\u0101 Katar\u0101.<\/p>\n","protected":false},"excerpt":{"rendered":"\u0160telmahers savulaik aizvad\u012bjis 147 sp\u0113les valstsvien\u012bbas sast\u0101v\u0101 un p\u0101rst\u0101v\u0113jis Latviju \u010detros Eiropas \u010dempion\u0101tu fin\u0101lturn\u012bros. Bijis valstsvien\u012bbas galvenais treneris&hellip;\n","protected":false},"author":2,"featured_media":9626,"comment_status":"","ping_status":"","sticky":false,"template":"","format":"standard","meta":{"footnotes":""},"categories":[17],"tags":[3736,1931,35,39,38,36,37,34,225,40,3737,67],"class_list":{"0":"post-9625","1":"post","2":"type-post","3":"status-publish","4":"format-standard","5":"has-post-thumbnail","7":"category-sports","8":"tag-arturs-visockis-rubenis","9":"tag-davis-coders","10":"tag-latvia","11":"tag-latvian","12":"tag-latviesu","13":"tag-latviesu-valoda","14":"tag-latviesuvaloda","15":"tag-latvija","16":"tag-latvijas-basketbola-izlase","17":"tag-lv","18":"tag-roberts-stelmahers","19":"tag-sports"},"share_on_mastodon":{"url":"","error":""},"_links":{"self":[{"href":"https:\/\/www.europesays.com\/lv\/wp-json\/wp\/v2\/posts\/9625","targetHints":{"allow":["GET"]}}],"collection":[{"href":"https:\/\/www.europesays.com\/lv\/wp-json\/wp\/v2\/posts"}],"about":[{"href":"https:\/\/www.europesays.com\/lv\/wp-json\/wp\/v2\/types\/post"}],"author":[{"embeddable":true,"href":"https:\/\/www.europesays.com\/lv\/wp-json\/wp\/v2\/users\/2"}],"replies":[{"embeddable":true,"href":"https:\/\/www.europesays.com\/lv\/wp-json\/wp\/v2\/comments?post=9625"}],"version-history":[{"count":0,"href":"https:\/\/www.europesays.com\/lv\/wp-json\/wp\/v2\/posts\/9625\/revisions"}],"wp:featuredmedia":[{"embeddable":true,"href":"https:\/\/www.europesays.com\/lv\/wp-json\/wp\/v2\/media\/9626"}],"wp:attachment":[{"href":"https:\/\/www.europesays.com\/lv\/wp-json\/wp\/v2\/media?parent=9625"}],"wp:term":[{"taxonomy":"category","embeddable":true,"href":"https:\/\/www.europesays.com\/lv\/wp-json\/wp\/v2\/categories?post=9625"},{"taxonomy":"post_tag","embeddable":true,"href":"https:\/\/www.europesays.com\/lv\/wp-json\/wp\/v2\/tags?post=9625"}],"curies":[{"name":"wp","href":"https:\/\/api.w.org\/{rel}","templated":true}]}}