{"id":96272,"date":"2026-01-06T13:38:09","date_gmt":"2026-01-06T13:38:09","guid":{"rendered":"https:\/\/www.europesays.com\/lv\/96272\/"},"modified":"2026-01-06T13:38:09","modified_gmt":"2026-01-06T13:38:09","slug":"tragedijas-absurds-ir-tiesi-taja-mazaja-ieguvuma-gaso-vaditaja-par-nelaimi-bauskas-iela","status":"publish","type":"post","link":"https:\/\/www.europesays.com\/lv\/96272\/","title":{"rendered":"&#8220;Tra\u0123\u0113dijas absurds ir tie\u0161i taj\u0101 mazaj\u0101 ieguvum\u0101.&#8221; &#8220;Gaso&#8221; vad\u012bt\u0101ja par nelaimi Bauskas iel\u0101"},"content":{"rendered":"<p>Vi\u0146a skaidroja, ka dienu pirms spr\u0101dziena \u201cGaso\u201d darbinieki ierad\u0101s konkr\u0113taj\u0101 dz\u012bvokl\u012b, lai atsl\u0113gtu g\u0101zes padevi.<\/p>\n<p>Ierodoties dz\u012bvokl\u012b un veicot ierast\u0101s darb\u012bbas, darbinieki, izmantojot g\u0101zes analizatorus, konstat\u0113ja aizdom\u012bgi paaugstin\u0101tu g\u0101zes koncentr\u0101ciju. T\u0101 neesot bijusi kritiska, tom\u0113r liel\u0101ka, nek\u0101 tai b\u016btu j\u0101b\u016bt. T\u0101p\u0113c \u201cGaso\u201d brig\u0101de s\u0101kusi p\u0101rbaud\u012bt, no kurienes t\u0101 rodas, lai gan s\u0101kotn\u0113ji bijis paredz\u0113ts veikt vien skait\u012bt\u0101ja noplomb\u0113\u0161anu jeb g\u0101zes padeves p\u0101rtrauk\u0161anu.<\/p>\n<p>P\u0113tersone-Godmane st\u0101st\u012bja, ka br\u012bd\u012b, kad darbinieki, mekl\u0113jot iesp\u0113jamo nopl\u016bdes vietu, atb\u012bd\u012bja skap\u012b\u0161us, tika atkl\u0101ts, ka \u0161aj\u0101 adres\u0113 izveidots nelikum\u012bgs piesl\u0113gums. Situ\u0101cijas nopietn\u012bbas d\u0113\u013c izsaukta v\u0113l viena \u201cGaso\u201d brig\u0101de, kas nol\u0113ma veikt visa g\u0101zes st\u0101vvada demont\u0101\u017eu.<\/p>\n<p>\u201cGaso\u201d vad\u012bt\u0101ja nor\u0101d\u012bja, ka p\u0113c darbu pabeig\u0161anas dz\u012bvokl\u012b palicis vien aptuveni 50 centimetrus gar\u0161 vada gabals, kas atradies virs zemes. Vi\u0146as teiktaj\u0101 uzsv\u0113rts, ka tika piln\u012bb\u0101 demont\u0113ts skait\u012bt\u0101js, st\u0101vvada iek\u0101rta un viss apr\u012bkojums, kas var\u0113tu \u013caut cilv\u0113kam dabasg\u0101zi izmantot jebk\u0101d\u0101 veid\u0101. Citiem v\u0101rdiem \u2014 teor\u0113tiski \u0161\u0101d\u0101 situ\u0101cij\u0101 g\u0101zei dz\u012bvokl\u012b vairs nevajadz\u0113ja b\u016bt pieejamai.<\/p>\n<p><img decoding=\"async\" class=\"figure__image\" onclick=\"triggerEvent('articleImageClick', { id: 17374463, focus: 'single-image', focusIndex: '17374463' })\" onkeydown=\"if (event.key === 'Enter') {&#10;        triggerEvent('articleImageClick', { id: 17374463, focus: 'single-image', focusIndex: '17374463' })&#10;        }\" role=\"button\" tabindex=\"0\" data-focus-from=\"single-image\" data-focus-index=\"17374463\" src=\"https:\/\/www.europesays.com\/lv\/wp-content\/uploads\/2026\/01\/17374463t1h5017.jpg\"  onload=\"this.parentElement.classList.remove('figure__image-loading')\" alt=\"Sh\u0113ma ar neleg\u0101lo g\u0101zes piesl\u0113gumu dz\u012bvokl\u012b R\u012bg\u0101, Bauskas iel\u0101.\"\/>Sh\u0113ma ar neleg\u0101lo g\u0101zes piesl\u0113gumu dz\u012bvokl\u012b R\u012bg\u0101, Bauskas iel\u0101. Foto: &#8220;Gaso&#8221;<img decoding=\"async\" class=\"figure__image\" onclick=\"triggerEvent('articleImageClick', { id: 17374459, focus: 'single-image', focusIndex: '17374459' })\" onkeydown=\"if (event.key === 'Enter') {&#10;        triggerEvent('articleImageClick', { id: 17374459, focus: 'single-image', focusIndex: '17374459' })&#10;        }\" role=\"button\" tabindex=\"0\" data-focus-from=\"single-image\" data-focus-index=\"17374459\" src=\"https:\/\/www.europesays.com\/lv\/wp-content\/uploads\/2026\/01\/17374459t1he121.jpg\"  onload=\"this.parentElement.classList.remove('figure__image-loading')\" alt=\"Neleg\u0101lais g\u0101zes piesl\u0113gums dz\u012bvokl\u012b R\u012bg\u0101, Bauskas iel\u0101\"\/>Neleg\u0101lais g\u0101zes piesl\u0113gums dz\u012bvokl\u012b R\u012bg\u0101, Bauskas iel\u0101 Foto: &#8220;Gaso&#8221;<\/p>\n<p>Ta\u010du jau n\u0101kamaj\u0101 dien\u0101, piektdien, 2. janv\u0101r\u012b, av\u0101rijas dienests sa\u0146\u0113ma inform\u0101ciju, ka dz\u012bvokl\u012b tiek veikti nesaprotami remontdarbi. Uz notikuma vietu atk\u0101rtoti dev\u0101s \u201cGaso\u201d darbinieki, ta\u010du \u0161oreiz notika spr\u0101dziens.<\/p>\n<p>&#8220;Jo te nav pat st\u0101sts par to, ka nelikum\u012bgais pievads apsild\u012btu dz\u012bvokli, ka t\u0101 b\u016btu iesp\u0113ja ekonom\u0113t ar nozagto dabasg\u0101zi. \u0160eit m\u0113s run\u0101jam par g\u0101zes pl\u012bti, ar kuru iedz\u012bvot\u0101ji pat\u0113r\u0113 2\u20133 kubikmetrus dabasg\u0101zes m\u0113nes\u012b. Tra\u0123\u0113dijas absurds ir tie\u0161i taj\u0101 mazaj\u0101 ieguvum\u0101, ko cilv\u0113ks, veicot nelikum\u012bg\u0101s darb\u012bbas, ir ieguvis,&#8221; pauda P\u0113tersone-Godmane.<\/p>\n<p>Pla\u0161\u0101k skaties Latvijas Telev\u012bzijas (LTV) si\u017eet\u0101!<\/p>\n","protected":false},"excerpt":{"rendered":"Vi\u0146a skaidroja, ka dienu pirms spr\u0101dziena \u201cGaso\u201d darbinieki ierad\u0101s konkr\u0113taj\u0101 dz\u012bvokl\u012b, lai atsl\u0113gtu g\u0101zes padevi. Ierodoties dz\u012bvokl\u012b un&hellip;\n","protected":false},"author":2,"featured_media":96273,"comment_status":"","ping_status":"","sticky":false,"template":"","format":"standard","meta":{"footnotes":""},"categories":[5],"tags":[23,28,29,32,33,5666,23521,22,30,31,35,39,38,36,37,34,40,20,26,27,24,25,21],"class_list":{"0":"post-96272","1":"post","2":"type-post","3":"status-publish","4":"format-standard","5":"has-post-thumbnail","7":"category-aktualitates","8":"tag-aktualitates","9":"tag-breaking-news","10":"tag-breakingnews","11":"tag-featured-news","12":"tag-featurednews","13":"tag-gaso","14":"tag-gazes-spradziens-tornakalna","15":"tag-headlines","16":"tag-latest-news","17":"tag-latestnews","18":"tag-latvia","19":"tag-latvian","20":"tag-latviesu","21":"tag-latviesu-valoda","22":"tag-latviesuvaloda","23":"tag-latvija","24":"tag-lv","25":"tag-news","26":"tag-popularakas-zinas","27":"tag-popularakaszinas","28":"tag-top-stories","29":"tag-topstories","30":"tag-zinas"},"share_on_mastodon":{"url":"https:\/\/pubeurope.com\/@lv\/115848433567813044","error":""},"_links":{"self":[{"href":"https:\/\/www.europesays.com\/lv\/wp-json\/wp\/v2\/posts\/96272","targetHints":{"allow":["GET"]}}],"collection":[{"href":"https:\/\/www.europesays.com\/lv\/wp-json\/wp\/v2\/posts"}],"about":[{"href":"https:\/\/www.europesays.com\/lv\/wp-json\/wp\/v2\/types\/post"}],"author":[{"embeddable":true,"href":"https:\/\/www.europesays.com\/lv\/wp-json\/wp\/v2\/users\/2"}],"replies":[{"embeddable":true,"href":"https:\/\/www.europesays.com\/lv\/wp-json\/wp\/v2\/comments?post=96272"}],"version-history":[{"count":0,"href":"https:\/\/www.europesays.com\/lv\/wp-json\/wp\/v2\/posts\/96272\/revisions"}],"wp:featuredmedia":[{"embeddable":true,"href":"https:\/\/www.europesays.com\/lv\/wp-json\/wp\/v2\/media\/96273"}],"wp:attachment":[{"href":"https:\/\/www.europesays.com\/lv\/wp-json\/wp\/v2\/media?parent=96272"}],"wp:term":[{"taxonomy":"category","embeddable":true,"href":"https:\/\/www.europesays.com\/lv\/wp-json\/wp\/v2\/categories?post=96272"},{"taxonomy":"post_tag","embeddable":true,"href":"https:\/\/www.europesays.com\/lv\/wp-json\/wp\/v2\/tags?post=96272"}],"curies":[{"name":"wp","href":"https:\/\/api.w.org\/{rel}","templated":true}]}}