{"id":96295,"date":"2026-01-06T14:12:10","date_gmt":"2026-01-06T14:12:10","guid":{"rendered":"https:\/\/www.europesays.com\/lv\/96295\/"},"modified":"2026-01-06T14:12:10","modified_gmt":"2026-01-06T14:12:10","slug":"barteritis-ukraina-pret-venecuelu-globalais-darijums-par-kuru-publiski-neruna","status":"publish","type":"post","link":"https:\/\/www.europesays.com\/lv\/96295\/","title":{"rendered":"Barter\u012btis \u2013 Ukraina pret Venecu\u0113lu? Glob\u0101lais dar\u012bjums, par kuru publiski nerun\u0101"},"content":{"rendered":"<p>    <img decoding=\"async\" src=\"https:\/\/www.europesays.com\/lv\/wp-content\/uploads\/2026\/01\/FotoJet-2026-01-06T120514.749-1024x683.jpg\" alt=\"&#10;\"\/><\/p>\n<p>Foto. Scanpix\/LETA\n<\/p>\n<p>Atsevi\u0161\u0137as Krievijas amatpersonas un koment\u0113t\u0101ji ir apmierin\u0101ti ar ASV r\u012bc\u012bbu Venecu\u0113l\u0101. K\u0101 v\u0113st\u012b The New York Times, Krievija pirms laika pied\u0101v\u0101jusi ASV Venecu\u0113lu apmai\u0146\u0101 pret \u201cbr\u012bv\u0101m rok\u0101m\u201d Ukrain\u0101. Priek\u0161likums ticis iesniegts laik\u0101, kad strauji pasliktin\u0101j\u0101s ASV un Venecu\u0113las attiec\u012bbas.<\/p>\n<p>        Las\u012bt\u0101kie<br \/>\n        <a data-imagesrc=\"{&quot;300&quot;:&quot;https:\\\/\\\/lastatic.ams3.cdn.digitaloceanspaces.com\\\/2026\\\/01\\\/FotoJet-2026-01-05T150916.451-300x200.jpg&quot;,&quot;1024&quot;:&quot;https:\\\/\\\/lastatic.ams3.cdn.digitaloceanspaces.com\\\/2026\\\/01\\\/FotoJet-2026-01-05T150916.451-1024x683.jpg&quot;,&quot;1536&quot;:&quot;https:\\\/\\\/lastatic.ams3.cdn.digitaloceanspaces.com\\\/2026\\\/01\\\/FotoJet-2026-01-05T150916.451-1536x1024.jpg&quot;,&quot;500&quot;:&quot;https:\\\/\\\/lastatic.ams3.cdn.digitaloceanspaces.com\\\/2026\\\/01\\\/FotoJet-2026-01-05T150916.451-500x333.jpg&quot;,&quot;800&quot;:&quot;https:\\\/\\\/lastatic.ams3.cdn.digitaloceanspaces.com\\\/2026\\\/01\\\/FotoJet-2026-01-05T150916.451-800x533.jpg&quot;,&quot;1800&quot;:&quot;https:\\\/\\\/lastatic.ams3.cdn.digitaloceanspaces.com\\\/2026\\\/01\\\/FotoJet-2026-01-05T150916.451.jpg&quot;}\" data-focuspoint=\"&quot;&quot;\" data-p=\"2488270\" href=\"https:\/\/www.la.lv\/tris-zodiaka-zimes-driz-klus-pasakaini-bagatas-nauda-pie-tam-pludis-ka-upe\" class=\"content-item lazy-load\" wp_automatic_readability=\"26\" rel=\"nofollow noopener\" target=\"_blank\"><\/p>\n<p>                                <img decoding=\"async\" src=\"\" alt=\"\" style=\"\" data-imageid=\"\"\/><\/p>\n<p>                                Kokteilis<\/p>\n<p>\n                                                Tr\u012bs zodiaka z\u012bmes dr\u012bz k\u013c\u016bs pasakaini bag\u0101tas: nauda pie t\u0101m pl\u016bd\u012bs k\u0101 upe\n                            <\/p>\n<p><\/a><a data-imagesrc=\"{&quot;300&quot;:&quot;https:\\\/\\\/lastatic.ams3.cdn.digitaloceanspaces.com\\\/2024\\\/05\\\/Horens-Stalbe-300x187.png&quot;,&quot;1024&quot;:&quot;https:\\\/\\\/lastatic.ams3.cdn.digitaloceanspaces.com\\\/2024\\\/05\\\/Horens-Stalbe-1024x638.png&quot;,&quot;768&quot;:&quot;https:\\\/\\\/lastatic.ams3.cdn.digitaloceanspaces.com\\\/2024\\\/05\\\/Horens-Stalbe-768x479.png&quot;,&quot;200&quot;:&quot;https:\\\/\\\/lastatic.ams3.cdn.digitaloceanspaces.com\\\/2024\\\/05\\\/Horens-Stalbe-200x125.png&quot;,&quot;400&quot;:&quot;https:\\\/\\\/lastatic.ams3.cdn.digitaloceanspaces.com\\\/2024\\\/05\\\/Horens-Stalbe-400x249.png&quot;,&quot;500&quot;:&quot;https:\\\/\\\/lastatic.ams3.cdn.digitaloceanspaces.com\\\/2024\\\/05\\\/Horens-Stalbe-500x312.png&quot;,&quot;800&quot;:&quot;https:\\\/\\\/lastatic.ams3.cdn.digitaloceanspaces.com\\\/2024\\\/05\\\/Horens-Stalbe-800x499.png&quot;,&quot;1000&quot;:&quot;https:\\\/\\\/lastatic.ams3.cdn.digitaloceanspaces.com\\\/2024\\\/05\\\/Horens-Stalbe-1000x623.png&quot;,&quot;1473&quot;:&quot;https:\\\/\\\/lastatic.ams3.cdn.digitaloceanspaces.com\\\/2024\\\/05\\\/Horens-Stalbe.png&quot;}\" data-focuspoint=\"{&quot;x&quot;:&quot;56.984616325554136&quot;,&quot;y&quot;:&quot;49.319696288951896&quot;}\" data-p=\"2488499\" href=\"https:\/\/www.la.lv\/video-apsveicu-draugi-ukraina-saimniekos-krievi-horens-stalbe-satraukts-par-latvijas-drosibu\" class=\"content-item lazy-load\" wp_automatic_readability=\"27.5\" rel=\"nofollow noopener\" target=\"_blank\"><\/p>\n<p>                                <img decoding=\"async\" src=\"\" alt=\"\" style=\"object-position: 56.984616325554136% 49.319696288951896%\" data-imageid=\"\"\/><\/p>\n<p>                                            VIDEO. \u201cApsveicu, draugi, Ukrain\u0101 saimniekos krievi!\u201d Horens Stalbe satraukts par Latvijas dro\u0161\u012bbu\n                            <\/p>\n<p><\/a><a data-imagesrc=\"{&quot;300&quot;:&quot;https:\\\/\\\/lastatic.ams3.cdn.digitaloceanspaces.com\\\/2021\\\/12\\\/Vanga-300x215.jpg&quot;,&quot;768&quot;:&quot;https:\\\/\\\/lastatic.ams3.cdn.digitaloceanspaces.com\\\/2021\\\/12\\\/Vanga-768x551.jpg&quot;,&quot;200&quot;:&quot;https:\\\/\\\/lastatic.ams3.cdn.digitaloceanspaces.com\\\/2021\\\/12\\\/Vanga-200x144.jpg&quot;,&quot;400&quot;:&quot;https:\\\/\\\/lastatic.ams3.cdn.digitaloceanspaces.com\\\/2021\\\/12\\\/Vanga-400x287.jpg&quot;,&quot;500&quot;:&quot;https:\\\/\\\/lastatic.ams3.cdn.digitaloceanspaces.com\\\/2021\\\/12\\\/Vanga-500x359.jpg&quot;,&quot;800&quot;:&quot;https:\\\/\\\/lastatic.ams3.cdn.digitaloceanspaces.com\\\/2021\\\/12\\\/Vanga.jpg&quot;}\" data-focuspoint=\"{&quot;x&quot;:&quot;52.68180802701698&quot;,&quot;y&quot;:&quot;48.88063675072124&quot;}\" data-p=\"2488125\" href=\"https:\/\/www.la.lv\/vai-kada-no-tam-piepildisies-vangas-7-prognozes-2026-gadam-gaisrege-paregojusi-jaunas-liela-meroga-problemas\" class=\"content-item lazy-load\" wp_automatic_readability=\"26.5\" rel=\"nofollow noopener\" target=\"_blank\"><\/p>\n<p>                                <img decoding=\"async\" src=\"\" alt=\"\" style=\"object-position: 52.68180802701698% 48.88063675072124%\" data-imageid=\"\"\/><\/p>\n<p>                                Kokteilis<\/p>\n<p>\n                                                Vai k\u0101da no t\u0101m piepild\u012bsies? Vangas 7 prognozes 2026. gadam \u2013 gai\u0161re\u0123e pare\u0123ojusi jaunas liela m\u0113roga probl\u0113mas\n                            <\/p>\n<p><\/a><br \/>\n        <a class=\"read-more\" href=\"https:\/\/www.la.lv\/top\" rel=\"nofollow noopener\" target=\"_blank\">Las\u012bt citas zi\u0146as<\/a><\/p>\n<p>Pirms septi\u0146iem gadiem Krievija izr\u0101d\u012bja v\u0113lmi \u013caut ASV r\u012bkoties Venecu\u0113l\u0101 p\u0113c saviem ieskatiem apmai\u0146\u0101 pret to, ka Va\u0161ingtona pie\u0161\u0137irs Kremlim piln\u012bgu r\u012bc\u012bbas br\u012bv\u012bbu Ukrain\u0101. To apliecinot Fionas Gilas, biju\u0161\u0101s Krievijas un Eiropas jaut\u0101jumu padomnieces Nacion\u0101l\u0101s dro\u0161\u012bbas padom\u0113 Donalda Trampa pirm\u0101s administr\u0101cijas laik\u0101, liec\u012bba ASV Kongres\u0101.<\/p>\n<p>\u201cAtmi\u0146as par \u0161o neform\u0101lo priek\u0161likumu ir atkal uzpeld\u0113ju\u0161as, \u0146emot v\u0113r\u0101 Maskavas neviennoz\u012bm\u012bgo reakciju uz ASV iejauk\u0161anos Venecu\u0113las liet\u0101s un pieaugo\u0161o spriedzi starp Va\u0161ingtonu un Karakasu,\u201d teikts rakst\u0101.<\/p>\n<p>    CITI \u0160OBR\u012aD LASA<\/p>\n<p>P\u0113c Gilas teikt\u0101, Kremlis ar pla\u0161sazi\u0146as l\u012bdzek\u013cu un savu \u201ckoment\u0113t\u0101ju\u201d starpniec\u012bbu ir akt\u012bvi veicin\u0101jis sava veida \u201cietekmju sf\u0113ru apmai\u0146as\u201d ideju. \u201cKrievi ir \u013coti skaidri pateiku\u0161i, ka v\u0113las veikt kaut k\u0101du d\u012bvainu barteri starp Venecu\u0113lu un Ukrainu,\u201d vi\u0146a teica Kongres\u0101 2019. gada oktobr\u012b. Tas ir, vair\u0101k nek\u0101 divus gadus pirms Krievijas Feder\u0101cijas pilna m\u0113roga iebrukuma Ukrain\u0101.<\/p>\n<p>Vi\u0146a sac\u012bja, ka priek\u0161likuma b\u016bt\u012bba bijusi t\u0101da, ka, ja ASV uzst\u0101j uz ties\u012bb\u0101m kontrol\u0113t savu ietekmes re\u0123ionu, tai ir j\u0101piekr\u012bt Krievijas l\u012bdz\u012bg\u0101m ties\u012bb\u0101m uz Ukrainu. Gila savulaik bija person\u012bgi devusies uz Maskavu, lai noraid\u012btu \u0161o ideju. <\/p>\n<p>\u201cPriek\u0161likums tika izteikts laik\u0101, kad strauji pasliktin\u0101j\u0101s attiec\u012bbas starp Amerikas Savienotaj\u0101m Valst\u012bm un Venecu\u0113lu, kad Krievija nos\u016bt\u012bja uz valsti aptuveni 100 karav\u012bru un jaunus iero\u010dus, lai atbalst\u012btu prezidenta Nikolasa Maduro re\u017e\u012bmu. Maduro kri\u0161ana bija v\u0113l viens trieciens Maskavas atbalst\u012btajiem re\u017e\u012bmiem. Iepriek\u0161, nedaudz vair\u0101k nek\u0101 pirms gada, tika g\u0101zts ar\u012b S\u012brijas prezidents Ba\u0161ars al Asads,\u201d atg\u0101dina laikraksts.<\/p>\n<p>Krievijas \u0100rlietu ministrija ofici\u0101li nosod\u012bjusi ASV r\u012bc\u012bbu Venecu\u0113l\u0101 k\u0101 starptautisko ties\u012bbu p\u0101rk\u0101pumu. Vienlaikus Krem\u013ca galven\u0101 priorit\u0101te joproj\u0101m ir kar\u0161 pret Ukrainu, kur ASV prezidenta Donalda Trampa administr\u0101cija cen\u0161as virz\u012bt uz priek\u0161u miera sarunas.<\/p>\n<p>Maskava cen\u0161as pan\u0101kt l\u012bdzsvaru: nepie\u013caut b\u016btiskas piek\u0101p\u0161an\u0101s Ukrainas virzien\u0101, bet ar\u012b nesaboj\u0101t attiec\u012bbas ar Balto namu. <\/p>\n<p>Publik\u0101cijas autori v\u0113r\u0161 uzman\u012bbu uz to, ka vienlaikus da\u017eas Krievijas amatpersonas un koment\u0113t\u0101ji pauda gandar\u012bjumu, ka Amerikas Savienot\u0101s Valstis, vi\u0146upr\u0101t, att\u0101lin\u0101s no starptautisko ties\u012bbu principiem par labu pieejai \u201csp\u0113ks atrisina visu\u201d. Tas ir, imp\u0113rijas laikmetam rakstur\u012bgam pasaules uzskatam, ko, k\u0101 atz\u012bm\u0113 nov\u0113rot\u0101ji, atbalsta gan Donalds Tramps, gan Vladimirs Putins.<\/p>\n<p>T\u0113mas<\/p>\n<p>    SAIST\u012aTIE RAKSTI<\/p>\n","protected":false},"excerpt":{"rendered":"Foto. Scanpix\/LETA Atsevi\u0161\u0137as Krievijas amatpersonas un koment\u0113t\u0101ji ir apmierin\u0101ti ar ASV r\u012bc\u012bbu Venecu\u0113l\u0101. K\u0101 v\u0113st\u012b The New York&hellip;\n","protected":false},"author":2,"featured_media":96296,"comment_status":"","ping_status":"","sticky":false,"template":"","format":"standard","meta":{"footnotes":""},"categories":[14],"tags":[23,57,28,29,32,33,22,30,31,35,39,38,36,37,34,40,20,26,27,24,25,54,55,56,21,58],"class_list":{"0":"post-96295","1":"post","2":"type-post","3":"status-publish","4":"format-standard","5":"has-post-thumbnail","7":"category-zinas-no-arvalstim","8":"tag-aktualitates","9":"tag-arvalstim","10":"tag-breaking-news","11":"tag-breakingnews","12":"tag-featured-news","13":"tag-featurednews","14":"tag-headlines","15":"tag-latest-news","16":"tag-latestnews","17":"tag-latvia","18":"tag-latvian","19":"tag-latviesu","20":"tag-latviesu-valoda","21":"tag-latviesuvaloda","22":"tag-latvija","23":"tag-lv","24":"tag-news","25":"tag-popularakas-zinas","26":"tag-popularakaszinas","27":"tag-top-stories","28":"tag-topstories","29":"tag-world","30":"tag-world-news","31":"tag-worldnews","32":"tag-zinas","33":"tag-zinas-no-arvalstim"},"share_on_mastodon":{"url":"https:\/\/pubeurope.com\/@lv\/115848566727190754","error":""},"_links":{"self":[{"href":"https:\/\/www.europesays.com\/lv\/wp-json\/wp\/v2\/posts\/96295","targetHints":{"allow":["GET"]}}],"collection":[{"href":"https:\/\/www.europesays.com\/lv\/wp-json\/wp\/v2\/posts"}],"about":[{"href":"https:\/\/www.europesays.com\/lv\/wp-json\/wp\/v2\/types\/post"}],"author":[{"embeddable":true,"href":"https:\/\/www.europesays.com\/lv\/wp-json\/wp\/v2\/users\/2"}],"replies":[{"embeddable":true,"href":"https:\/\/www.europesays.com\/lv\/wp-json\/wp\/v2\/comments?post=96295"}],"version-history":[{"count":0,"href":"https:\/\/www.europesays.com\/lv\/wp-json\/wp\/v2\/posts\/96295\/revisions"}],"wp:featuredmedia":[{"embeddable":true,"href":"https:\/\/www.europesays.com\/lv\/wp-json\/wp\/v2\/media\/96296"}],"wp:attachment":[{"href":"https:\/\/www.europesays.com\/lv\/wp-json\/wp\/v2\/media?parent=96295"}],"wp:term":[{"taxonomy":"category","embeddable":true,"href":"https:\/\/www.europesays.com\/lv\/wp-json\/wp\/v2\/categories?post=96295"},{"taxonomy":"post_tag","embeddable":true,"href":"https:\/\/www.europesays.com\/lv\/wp-json\/wp\/v2\/tags?post=96295"}],"curies":[{"name":"wp","href":"https:\/\/api.w.org\/{rel}","templated":true}]}}