{"id":96297,"date":"2026-01-06T14:18:11","date_gmt":"2026-01-06T14:18:11","guid":{"rendered":"https:\/\/www.europesays.com\/lv\/96297\/"},"modified":"2026-01-06T14:18:11","modified_gmt":"2026-01-06T14:18:11","slug":"princeses-ketrinas-ziemassvetku-davanas-bija-domatas-tikai-tam-lai-vina-nepazaudetu-savu-telefonu","status":"publish","type":"post","link":"https:\/\/www.europesays.com\/lv\/96297\/","title":{"rendered":"Princeses Ketr\u012bnas Ziemassv\u0113tku d\u0101vanas bija dom\u0101tas tikai tam, lai vi\u0146a nepazaud\u0113tu savu telefonu"},"content":{"rendered":"<p>Popul\u0101r\u0101 podk\u0101stu veidot\u0101ja D\u017eovanna Fle\u010dere, kura 2020. gad\u0101 vad\u012bja raid\u012bjumu \u201cHappy Mum, Happy Baby\u201d (\u201cLaim\u012bga mamma, laim\u012bgs mazulis\u201d), kur\u0101 viesoj\u0101s ar\u012b Ketr\u012bna, atkl\u0101ja, ka Velsas princese pie izsl\u0113gtas kameras atzinusies &#8211; vi\u0146a esot \u201cslavena ar to, ka nemit\u012bgi pazaud\u0113 telefonu\u201d. Turkl\u0101t tas gadoties tik bie\u017ei, ka t\u0101 gada Ziemassv\u0113tku d\u0101vanas biju\u0161as piln\u012bb\u0101 pak\u0101rtotas tam, lai vi\u0146a t\u0101lruni nekad neizlaistu no sava redzesloka un rok\u0101m.\u00a0<\/p>\n","protected":false},"excerpt":{"rendered":"Popul\u0101r\u0101 podk\u0101stu veidot\u0101ja D\u017eovanna Fle\u010dere, kura 2020. gad\u0101 vad\u012bja raid\u012bjumu \u201cHappy Mum, Happy Baby\u201d (\u201cLaim\u012bga mamma, laim\u012bgs mazulis\u201d),&hellip;\n","protected":false},"author":2,"featured_media":96298,"comment_status":"","ping_status":"","sticky":false,"template":"","format":"standard","meta":{"footnotes":""},"categories":[14],"tags":[23,57,28,29,32,33,22,30,31,35,39,38,36,37,34,40,20,26,27,24,25,54,55,56,21,58],"class_list":{"0":"post-96297","1":"post","2":"type-post","3":"status-publish","4":"format-standard","5":"has-post-thumbnail","7":"category-zinas-no-arvalstim","8":"tag-aktualitates","9":"tag-arvalstim","10":"tag-breaking-news","11":"tag-breakingnews","12":"tag-featured-news","13":"tag-featurednews","14":"tag-headlines","15":"tag-latest-news","16":"tag-latestnews","17":"tag-latvia","18":"tag-latvian","19":"tag-latviesu","20":"tag-latviesu-valoda","21":"tag-latviesuvaloda","22":"tag-latvija","23":"tag-lv","24":"tag-news","25":"tag-popularakas-zinas","26":"tag-popularakaszinas","27":"tag-top-stories","28":"tag-topstories","29":"tag-world","30":"tag-world-news","31":"tag-worldnews","32":"tag-zinas","33":"tag-zinas-no-arvalstim"},"share_on_mastodon":{"url":"https:\/\/pubeurope.com\/@lv\/115848590490210204","error":""},"_links":{"self":[{"href":"https:\/\/www.europesays.com\/lv\/wp-json\/wp\/v2\/posts\/96297","targetHints":{"allow":["GET"]}}],"collection":[{"href":"https:\/\/www.europesays.com\/lv\/wp-json\/wp\/v2\/posts"}],"about":[{"href":"https:\/\/www.europesays.com\/lv\/wp-json\/wp\/v2\/types\/post"}],"author":[{"embeddable":true,"href":"https:\/\/www.europesays.com\/lv\/wp-json\/wp\/v2\/users\/2"}],"replies":[{"embeddable":true,"href":"https:\/\/www.europesays.com\/lv\/wp-json\/wp\/v2\/comments?post=96297"}],"version-history":[{"count":0,"href":"https:\/\/www.europesays.com\/lv\/wp-json\/wp\/v2\/posts\/96297\/revisions"}],"wp:featuredmedia":[{"embeddable":true,"href":"https:\/\/www.europesays.com\/lv\/wp-json\/wp\/v2\/media\/96298"}],"wp:attachment":[{"href":"https:\/\/www.europesays.com\/lv\/wp-json\/wp\/v2\/media?parent=96297"}],"wp:term":[{"taxonomy":"category","embeddable":true,"href":"https:\/\/www.europesays.com\/lv\/wp-json\/wp\/v2\/categories?post=96297"},{"taxonomy":"post_tag","embeddable":true,"href":"https:\/\/www.europesays.com\/lv\/wp-json\/wp\/v2\/tags?post=96297"}],"curies":[{"name":"wp","href":"https:\/\/api.w.org\/{rel}","templated":true}]}}