{"id":96312,"date":"2026-01-06T14:31:07","date_gmt":"2026-01-06T14:31:07","guid":{"rendered":"https:\/\/www.europesays.com\/lv\/96312\/"},"modified":"2026-01-06T14:31:07","modified_gmt":"2026-01-06T14:31:07","slug":"gazes-spradziens-bauskas-iela-apdrosinataji-zino-par-pirmajam-izmaksatajam-summam-apollo-lv","status":"publish","type":"post","link":"https:\/\/www.europesays.com\/lv\/96312\/","title":{"rendered":"G\u0101zes spr\u0101dziens Bauskas iel\u0101: apdro\u0161in\u0101t\u0101ji zi\u0146o par pirmaj\u0101m izmaks\u0101taj\u0101m summ\u0101m &#8211; Apollo.lv"},"content":{"rendered":"<ol>\n<li><a href=\"https:\/\/news.google.com\/rss\/articles\/CBMisAFBVV95cUxQcGVGd0RFV2FVbHlscWJnanJEZ3VwT0k2WHZtbGpoTEc5QlNLNHJnQWVCcExfNFg5ZXlPeVBydVBaODhHUGFQXzZmX0hRWFVCVjNJYkJUazVNUVItcFo5ejFhNVJuOTZwNUFBMURrbWhEMkZqVXBFZHZud0d5OGkzemR4Q1pCV0k1bGdhX2xTeDhETjlzb21CdjYwVVdIa1Uwd3dKaWFtWDdiUkxDMDhUNQ?oc=5\" target=\"_blank\" rel=\"nofollow noopener\">G\u0101zes spr\u0101dziens Bauskas iel\u0101: apdro\u0161in\u0101t\u0101ji zi\u0146o par pirmaj\u0101m izmaks\u0101taj\u0101m summ\u0101m<\/a>&nbsp;&nbsp;Apollo.lv<\/li>\n<li><a href=\"https:\/\/news.google.com\/rss\/articles\/CBMi6AFBVV95cUxOWkJ3MVk1bHdDRjlCeGtILVYxbzdyaGdfYkhkQ1BUZ1FRQlc5cDNYVFBvbUZNMVQ5cGZKUFczQ2w3U21KTWdxb3ZBT202d0h5ZVlYNzhHU0hMMzdaQXJxT2FvdW14U2hMRS15VF9QdTNlOVI4TVBsbXJVek8xRkEyeDFJSzNvMTU3OEgwSDA0MmRhdi15d2xKT3E3c3BDQTJDQkE2NnBCTTNlUTBwTGZwRjI2bHkzc1VrX2hxSHVkS2o1NENtclB4QThXeHBGNVhNbFl1dWVSWUpjRThNX2xWNDVLZ2ZQUTVB?oc=5\" target=\"_blank\" rel=\"nofollow noopener\">Spr\u0101dziena br\u012bd\u012b svin\u0113ja s\u0101lsmaizi: 26 gadus vec\u0101s Adeles prieks par pirmo m\u0101jokli Bauskas iel\u0101 izdziest vien\u0101 mirkl\u012b<\/a>&nbsp;&nbsp;Jauns.lv<\/li>\n<li><a href=\"https:\/\/news.google.com\/rss\/articles\/CBMitwFBVV95cUxPWkxhVDIxTlpRaTFUV3dsZGdnV1h6Nk9nWEFweC1OUDJsTXBSSHFNdmY1SGRQNGRkSG5UTDJKWm44VDdTS0IwV0lyVmxhNHRCWk9aODRqOEk4TmtsU0F3TnBJQ1FITml0NHRzalQ2eTZUdFNBM29LV0JlQndYRGtnV19jdmZaT2dJVjVrUzh5QjFwMGJiQ1FNNlB0SWU5SFBxSS13LUV5Uy1OUm13R1B2bGwwZmJyc2c?oc=5\" target=\"_blank\" rel=\"nofollow noopener\">&#8220;Tra\u0123\u0113dijas absurds ir tie\u0161i taj\u0101 mazaj\u0101 ieguvum\u0101.&#8221; &#8220;Gaso&#8221; vad\u012bt\u0101ja par nelaimi Bauskas iel\u0101<\/a>&nbsp;&nbsp;TVNET<\/li>\n<li><a href=\"https:\/\/news.google.com\/rss\/articles\/CBMiogFBVV95cUxQcnc4UmZEX1RqbGxUZFNrMV9NQlIzcGFwb25OMUNpdFpLclBzYnQ0RHUxc1pwUFZ2VTRkMjFTejBxMHZGUHA0NUVybXBTcUJaTlQ2Vk1mNUNxMEhsS0JGNHNYYUVPSmRlR1RwV0phZlU5QmI0NHYwQ3JGWlNxZmJ1N01tbVloTTczWHdNbUlRYmVlU1J3SExXMTdLMUYxWFdYeUE?oc=5\" target=\"_blank\" rel=\"nofollow noopener\">Bauskas ielas nama iedz\u012bvot\u0101jiem pieejams jauns atbalsts<\/a>&nbsp;&nbsp;Delfi<\/li>\n<li><a href=\"https:\/\/news.google.com\/rss\/articles\/CBMi0gFBVV95cUxQRzZXUGNta0hkcEVfM2RuN0VuYWtOWlNlU0IwMmRjUzhsS2RXMHdmWURPQjVSb3NFcW9PTUpfdUI0QWhqOV9aRkg2czVGTEV0aWgxSUl5Y0JXMjZyQzkteVUzXzBPaFhSakFMYjhESjlfRldNVVIwMkhFLUtjQjBIQ3duN3VrMXJKdl9UVDdtZEpLeTZRRE1UN2ZtdWI1Um42SlZIVmZaZnV6Z2JGekxibGtDcGFmb0RkNGZCY0MxeGJjMmtRdzNQZVhTTkNSbnlhSnc?oc=5\" target=\"_blank\" rel=\"nofollow noopener\">\u201cVisi \u0161obr\u012bd sagu\u013cam uz viena maza d\u012bv\u0101na.\u201d Pal\u012bdz\u012bbu l\u016bdz mazu b\u0113rnu vec\u0101ki, kuri g\u0101zes spr\u0101dziena d\u0113\u013c paliku\u0161i bez m\u0101j\u0101m<\/a>&nbsp;&nbsp;LA.LV<\/li>\n<\/ol>\n","protected":false},"excerpt":{"rendered":"G\u0101zes spr\u0101dziens Bauskas iel\u0101: apdro\u0161in\u0101t\u0101ji zi\u0146o par pirmaj\u0101m izmaks\u0101taj\u0101m summ\u0101m&nbsp;&nbsp;Apollo.lv Spr\u0101dziena br\u012bd\u012b svin\u0113ja s\u0101lsmaizi: 26 gadus vec\u0101s Adeles&hellip;\n","protected":false},"author":2,"featured_media":96313,"comment_status":"","ping_status":"","sticky":false,"template":"","format":"standard","meta":{"footnotes":""},"categories":[12],"tags":[23,12336,28,29,32,33,22,30,31,35,39,38,36,37,34,40,4139,20,26,27,172,24,25,23904,21],"class_list":{"0":"post-96312","1":"post","2":"type-post","3":"status-publish","4":"format-standard","5":"has-post-thumbnail","7":"category-latvija","8":"tag-aktualitates","9":"tag-apdrosinasana","10":"tag-breaking-news","11":"tag-breakingnews","12":"tag-featured-news","13":"tag-featurednews","14":"tag-headlines","15":"tag-latest-news","16":"tag-latestnews","17":"tag-latvia","18":"tag-latvian","19":"tag-latviesu","20":"tag-latviesu-valoda","21":"tag-latviesuvaloda","22":"tag-latvija","23":"tag-lv","24":"tag-nekustamais-ipasums","25":"tag-news","26":"tag-popularakas-zinas","27":"tag-popularakaszinas","28":"tag-riga","29":"tag-top-stories","30":"tag-topstories","31":"tag-tornakalns","32":"tag-zinas"},"share_on_mastodon":{"url":"https:\/\/pubeurope.com\/@lv\/115848641459142386","error":""},"_links":{"self":[{"href":"https:\/\/www.europesays.com\/lv\/wp-json\/wp\/v2\/posts\/96312","targetHints":{"allow":["GET"]}}],"collection":[{"href":"https:\/\/www.europesays.com\/lv\/wp-json\/wp\/v2\/posts"}],"about":[{"href":"https:\/\/www.europesays.com\/lv\/wp-json\/wp\/v2\/types\/post"}],"author":[{"embeddable":true,"href":"https:\/\/www.europesays.com\/lv\/wp-json\/wp\/v2\/users\/2"}],"replies":[{"embeddable":true,"href":"https:\/\/www.europesays.com\/lv\/wp-json\/wp\/v2\/comments?post=96312"}],"version-history":[{"count":0,"href":"https:\/\/www.europesays.com\/lv\/wp-json\/wp\/v2\/posts\/96312\/revisions"}],"wp:featuredmedia":[{"embeddable":true,"href":"https:\/\/www.europesays.com\/lv\/wp-json\/wp\/v2\/media\/96313"}],"wp:attachment":[{"href":"https:\/\/www.europesays.com\/lv\/wp-json\/wp\/v2\/media?parent=96312"}],"wp:term":[{"taxonomy":"category","embeddable":true,"href":"https:\/\/www.europesays.com\/lv\/wp-json\/wp\/v2\/categories?post=96312"},{"taxonomy":"post_tag","embeddable":true,"href":"https:\/\/www.europesays.com\/lv\/wp-json\/wp\/v2\/tags?post=96312"}],"curies":[{"name":"wp","href":"https:\/\/api.w.org\/{rel}","templated":true}]}}