{"id":96316,"date":"2026-01-06T14:36:17","date_gmt":"2026-01-06T14:36:17","guid":{"rendered":"https:\/\/www.europesays.com\/lv\/96316\/"},"modified":"2026-01-06T14:36:17","modified_gmt":"2026-01-06T14:36:17","slug":"cehijas-prezidents-petrs-pavels-pauz-bazas-par-spikera-okamuras-pret-ukrainu-verstajiem-izteikumiem-lente-lv","status":"publish","type":"post","link":"https:\/\/www.europesays.com\/lv\/96316\/","title":{"rendered":"\u010cehijas prezidents Petrs Pavels pau\u017e ba\u017eas par sp\u012bkera Okamuras pret Ukrainu v\u0113rstajiem izteikumiem\u00a0\u2014\u00a0Lente.lv"},"content":{"rendered":"<p>Pavels pau\u017e ba\u017eas par Okamuras izteikumiem<\/p>\n<p>\u010cehijas prezidents Petrs Pavels ir paudis nopietnas ba\u017eas par parlamenta apak\u0161nama sp\u012bkera Tomio Okamuras jaun\u0101kajiem pazi\u0146ojumiem, kas v\u0113rsti pret Ukrainu. Prezidents Pavels nor\u0101d\u012bjis, ka \u0161os izteikumus pl\u0101no apspriest ar premjerministru un cit\u0101m augst\u0101m konstitucion\u0101laj\u0101m amatperson\u0101m, lai noskaidrotu turpm\u0101ko r\u012bc\u012bbu un nost\u0101ju.<\/p>\n<p>Okamuras kritika Ukrainai<\/p>\n<p>Tomio Okamura, kur\u0161 ir ar\u012b nacion\u0101listisk\u0101s un eiroseptisk\u0101s kust\u012bbas SPD l\u012bderis, sav\u0101 jaun\u0101 gada uzrun\u0101 soci\u0101lajos t\u012bklos asi kritiz\u0113jis milit\u0101r\u0101s pal\u012bdz\u012bbas snieg\u0161anu Ukrainai, nosaucot to par &#8220;piln\u012bgi bezj\u0113dz\u012bgas kara uztur\u0113\u0161anu&#8221;. Vi\u0146\u0161 iebilda pret mun\u012bcijas un iero\u010du s\u016bt\u012b\u0161anu, nor\u0101dot, ka l\u012bdzek\u013ci, kas paredz\u0113ti \u010cehijas iedz\u012bvot\u0101jiem, netiktu t\u0113r\u0113ti \u0161\u0101diem m\u0113r\u0137iem. Okamura ar\u012b izteicies, ka Ukrainai vajadz\u0113tu atteikties no &#8220;krievu teritorij\u0101m&#8221;, atsaucoties uz cit\u0101m vi\u0146a iepriek\u0161 paustaj\u0101m dom\u0101m par Ukrainas nacion\u0101lismu un it k\u0101 diskrimin\u0101ciju pret krievu minorit\u0101ti.<\/p>\n<blockquote>\n<p>&#8220;Nelieciet par naudu, kas pieder \u010dehu pension\u0101riem vai cilv\u0113kiem ar invalidit\u0101ti un \u0123imen\u0113m ar b\u0113rniem, iepirkt iero\u010dus un s\u016bt\u012bt tos, lai uztur\u0113tu absol\u016bti bezj\u0113dz\u012bgu karu,&#8221; sac\u012bja Okamura.<\/p>\n<\/blockquote>\n<p>Okamuras izteikumi izrais\u012bju\u0161i pla\u0161u rezonansi, un Ukrainas v\u0113stnieks \u010cehij\u0101 tos raksturojis k\u0101 &#8220;nepiedien\u012bgus un nepie\u0146emamus&#8221;. Vi\u0146\u0161 ar\u012b aicin\u0101jis neatbalst\u012bt Okamuru, kur\u0161 savos izteikumos ir bie\u017ei kritiz\u0113jis gan Ukrainu, gan Eiropas Savien\u012bbu, gan iepriek\u0161\u0113j\u0101s \u010cehijas vald\u012bbas.<\/p>\n<p>\u010cehijas nost\u0101ja un prezidenta loma<\/p>\n<p>\u010cehijas prezidents Petrs Pavels iepriek\u0161 ir atbalst\u012bjis Ukrainu un paudis stingru nost\u0101ju pret Krievijas agresiju. Vi\u0146a ba\u017eas par Okamuras izteikumiem nor\u0101da uz iesp\u0113jamu iek\u0161\u0113ju politisku spriedzi un at\u0161\u0137ir\u012bgu skat\u012bjumu uz \u0101rpolitiku. Pavels, kur\u0161 ir biju\u0161ais NATO Milit\u0101r\u0101s komitejas priek\u0161s\u0113d\u0113t\u0101js, ir bijis viens no akt\u012bv\u0101kajiem Ukrainas atbalst\u012bt\u0101jiem Eirop\u0101, tostarp milit\u0101r\u0101s pal\u012bdz\u012bbas jom\u0101. Vi\u0146a nost\u0101ja ir bijusi noz\u012bm\u012bga, s\u016btot sign\u0101lus starptautiskajiem partneriem. Prezidenta l\u0113mums apspriest Okamuras izteikumus ar vald\u012bbas augst\u0101kaj\u0101m amatperson\u0101m liecina par \u0161o jaut\u0101jumu nopietn\u012bbu un nepiecie\u0161am\u012bbu vienoties par valsts \u0101rpolitikas virzienu.<\/p>\n<p>Pla\u0161\u0101ks konteksts un iesp\u0113jam\u0101s sekas<\/p>\n<p>\u0160ie notikumi risin\u0101s laik\u0101, kad starptautisk\u0101 pal\u012bdz\u012bba Ukrainai ir k\u013cuvusi par arvien karst\u0101ku politisku diskusiju t\u0113mu daudz\u0101s valst\u012bs. Okamuras izteikumi atspogu\u013co noteiktu politisko sp\u0113ku nost\u0101ju, kuri uzsver nacion\u0101l\u0101s intereses un ir skeptiski pret \u0101rvalstu iesaisti milit\u0101ros konfliktos. Prezidenta Pavela ba\u017eas var\u0113tu signaliz\u0113t par m\u0113\u0123in\u0101jumu notur\u0113t \u010cehiju stabil\u0101 un proeiropeisk\u0101 kurs\u0101 attiec\u012bb\u0101 uz atbalstu Ukrainai. Apsprie\u017eot \u0161o jaut\u0101jumu ar premjerministru, tiek mekl\u0113ts veids, k\u0101 saska\u0146ot vald\u012bbas un prezidenta poz\u012bcijas, lai nodro\u0161in\u0101tu koherenci \u010cehijas \u0101rpolitik\u0101.<\/p>\n<p>Tomio Okamura ir iepriek\u0161 izteicis pretrun\u012bgus v\u0113rt\u0113jumus par karu Ukrain\u0101, tostarp aicin\u0101jis p\u0101rtraukt iero\u010du s\u016bt\u012b\u0161anu un pat nosaucis ukrai\u0146us par &#8220;nacistiem&#8221;. Vi\u0146a pazi\u0146ojumi bie\u017ei ir pretrun\u0101 ar \u010cehijas ofici\u0101lo nost\u0101ju, un tas rada izaicin\u0101jumus diplom\u0101tiskaj\u0101s attiec\u012bb\u0101s. \u010cehija ir bijusi viena no akt\u012bv\u0101kaj\u0101m valst\u012bm, kas sniegusi gan milit\u0101ro, gan humanit\u0101ro pal\u012bdz\u012bbu Ukrainai kop\u0161 Krievijas pilna m\u0113roga iebrukuma s\u0101kuma. Okamuras retorika var\u0113tu potenci\u0101li ietekm\u0113t \u010cehijas starptautisko t\u0113lu un attiec\u012bbas ar sabiedrotajiem.<\/p>\n","protected":false},"excerpt":{"rendered":"Pavels pau\u017e ba\u017eas par Okamuras izteikumiem \u010cehijas prezidents Petrs Pavels ir paudis nopietnas ba\u017eas par parlamenta apak\u0161nama sp\u012bkera&hellip;\n","protected":false},"author":2,"featured_media":96317,"comment_status":"","ping_status":"","sticky":false,"template":"","format":"standard","meta":{"footnotes":""},"categories":[14],"tags":[23,5156,57,28,29,23905,32,33,22,30,31,35,39,38,36,37,34,40,20,17469,26,27,12318,24,25,276,54,55,56,21,58],"class_list":{"0":"post-96316","1":"post","2":"type-post","3":"status-publish","4":"format-standard","5":"has-post-thumbnail","7":"category-zinas-no-arvalstim","8":"tag-aktualitates","9":"tag-arpolitika","10":"tag-arvalstim","11":"tag-breaking-news","12":"tag-breakingnews","13":"tag-cehijas-parlaments","14":"tag-featured-news","15":"tag-featurednews","16":"tag-headlines","17":"tag-latest-news","18":"tag-latestnews","19":"tag-latvia","20":"tag-latvian","21":"tag-latviesu","22":"tag-latviesu-valoda","23":"tag-latviesuvaloda","24":"tag-latvija","25":"tag-lv","26":"tag-news","27":"tag-petrs-pavels","28":"tag-popularakas-zinas","29":"tag-popularakaszinas","30":"tag-tomio-okamura","31":"tag-top-stories","32":"tag-topstories","33":"tag-ukraina","34":"tag-world","35":"tag-world-news","36":"tag-worldnews","37":"tag-zinas","38":"tag-zinas-no-arvalstim"},"share_on_mastodon":{"url":"","error":"Validation failed: Text character limit of 500 exceeded"},"_links":{"self":[{"href":"https:\/\/www.europesays.com\/lv\/wp-json\/wp\/v2\/posts\/96316","targetHints":{"allow":["GET"]}}],"collection":[{"href":"https:\/\/www.europesays.com\/lv\/wp-json\/wp\/v2\/posts"}],"about":[{"href":"https:\/\/www.europesays.com\/lv\/wp-json\/wp\/v2\/types\/post"}],"author":[{"embeddable":true,"href":"https:\/\/www.europesays.com\/lv\/wp-json\/wp\/v2\/users\/2"}],"replies":[{"embeddable":true,"href":"https:\/\/www.europesays.com\/lv\/wp-json\/wp\/v2\/comments?post=96316"}],"version-history":[{"count":0,"href":"https:\/\/www.europesays.com\/lv\/wp-json\/wp\/v2\/posts\/96316\/revisions"}],"wp:featuredmedia":[{"embeddable":true,"href":"https:\/\/www.europesays.com\/lv\/wp-json\/wp\/v2\/media\/96317"}],"wp:attachment":[{"href":"https:\/\/www.europesays.com\/lv\/wp-json\/wp\/v2\/media?parent=96316"}],"wp:term":[{"taxonomy":"category","embeddable":true,"href":"https:\/\/www.europesays.com\/lv\/wp-json\/wp\/v2\/categories?post=96316"},{"taxonomy":"post_tag","embeddable":true,"href":"https:\/\/www.europesays.com\/lv\/wp-json\/wp\/v2\/tags?post=96316"}],"curies":[{"name":"wp","href":"https:\/\/api.w.org\/{rel}","templated":true}]}}