{"id":96333,"date":"2026-01-06T14:57:15","date_gmt":"2026-01-06T14:57:15","guid":{"rendered":"https:\/\/www.europesays.com\/lv\/96333\/"},"modified":"2026-01-06T14:57:15","modified_gmt":"2026-01-06T14:57:15","slug":"samantas-tinas-bijusais-virs-komente-iespejamo-agresiju-izjukusajas-laulibas","status":"publish","type":"post","link":"https:\/\/www.europesays.com\/lv\/96333\/","title":{"rendered":"Samantas T\u012bnas biju\u0161ais v\u012brs koment\u0113 iesp\u0113jamo agresiju izjuku\u0161aj\u0101s laul\u012bb\u0101s"},"content":{"rendered":"<p class=\"lead\">\n                                P\u0113c otr\u0101s k\u0101zu gadadienas dzied\u0101t\u0101ja Samanta T\u012bna publiski pazi\u0146oja par laul\u012bbas izjuk\u0161anu, izraisot sabiedr\u012bbas interesi par notiku\u0161\u0101 iemesliem. L\u012bdz \u0161im savu skat\u012bjumu uz \u0161\u0137ir\u0161anos nebija paudis Samantas biju\u0161ais v\u012brs, uz\u0146\u0113m\u0113js Art\u016brs Brunavs, ta\u010du tagad vi\u0146\u0161 to ir dar\u012bjis, raksta &#8220;Priv\u0101t\u0101 Dz\u012bve&#8221;.\n                            <\/p>\n<p>Samanta T\u012bna un Art\u016brs Brunavs apprec\u0113j\u0101s pirms diviem gadiem, 29. decembr\u012b. No malas \u0161\u0137ita, ka 36 gadus vec\u0101s dzied\u0101t\u0101jas un vi\u0146as 44 gadus vec\u0101 dz\u012bvesbiedra attiec\u012bbas ir stabilas un saskan\u012bgas. Tom\u0113r Ziemassv\u0113tkus Samanta pavad\u012bja kop\u0101 ar savu \u0123imeni, bez v\u012bra, bet jau n\u0101kamaj\u0101 dien\u0101 p\u0113c sv\u0113tkiem sekoja negaid\u012bts pazi\u0146ojums par laul\u012bbas izjuk\u0161anu.<\/p>\n<blockquote>\n<p>Dzied\u0101t\u0101ja taj\u0101 nor\u0101d\u012bja uz agresijas nepie\u013caujam\u012bbu attiec\u012bb\u0101s<\/p>\n<\/blockquote>\n<p>un uzsv\u0113ra, ka pla\u0161\u0101kus koment\u0101rus nesniegs.<\/p>\n<p>Uz jaut\u0101jumu, vai vi\u0146\u0161 attiec\u012bb\u0101s ar sievu bijis agres\u012bvs, Art\u016brs Brunavs \u017eurn\u0101lam &#8220;Priv\u0101t\u0101 Dz\u012bve&#8221; pauda:<\/p>\n<blockquote>\n<p>&#8220;Man ir \u013coti \u017e\u0113l, ja Samanta t\u0101 ir jutusies un t\u0101das ir vi\u0146as emocijas.&#8221;<\/p>\n<\/blockquote>\n<p>Vienlaikus vi\u0146\u0161 uzsv\u0113ra cie\u0146u pret sievu, raksturojot vi\u0146u k\u0101 izcilu un profesion\u0101lu m\u0101kslinieci ar lielu talantu.<\/p>\n<p>Jau pag\u0101ju\u0161\u0101 gada ruden\u012b, publiskaj\u0101 telp\u0101 par\u0101d\u012bj\u0101s runas par iesp\u0113jamu kr\u012bzi p\u0101ra laul\u012bb\u0101, jo abi ilg\u0101ku laiku nebija redz\u0113ti kop\u0101. Toreiz Samanta skaidroja, ka iemesls esot v\u012bra liel\u0101 noslodze darb\u0101, tom\u0113r notikumu turpm\u0101k\u0101 att\u012bst\u012bba liecina, ka attiec\u012bb\u0101s past\u0101v\u0113ju\u0161as nopietn\u0101kas probl\u0113mas.<\/p>\n<p class=\"paragraph-muted\">Pla\u0161\u0101k lasiet \u017eurn\u0101l\u0101 &#8220;Priv\u0101t\u0101 Dz\u012bve&#8221;.<\/p>\n<p> Aptauja <\/p>\n<p> Cik bie\u017ei lasi\/klausies tie\u0161saistes mediju LASI.LV? <\/p>\n<p class=\"paragraph-muted\">Izv\u0113lies savu soct\u012bklu platformu, lai sekotu LASI.LV: <a href=\"https:\/\/www.facebook.com\/portals.lasi.lv\" target=\"_blank\" rel=\"noopener noreferrer nofollow\">Facebook<\/a>, <a href=\"https:\/\/twitter.com\/lasilvportals\" target=\"_blank\" rel=\"noopener noreferrer nofollow\">X<\/a>, <a href=\"https:\/\/bsky.app\/profile\/lasilv.bsky.social\" target=\"_blank\" rel=\"noopener noreferrer nofollow\">Bluesky<\/a>, <a href=\"https:\/\/www.draugiem.lv\/lasilv\/?pg=4\" target=\"_blank\" rel=\"noopener noreferrer nofollow\">Draugiem<\/a>, <a href=\"https:\/\/www.threads.com\/@lasilv_zinas\" rel=\"nofollow noopener\" target=\"_blank\">Threads<\/a> vai ar\u012b <a href=\"https:\/\/www.instagram.com\/lasilv_zinas\/\" target=\"_blank\" rel=\"noopener noreferrer nofollow\">Instagram<\/a>. Pievienojies m\u016bsu las\u012bt\u0101ju pulkam, lai sa\u0146emtu \u012bpa\u0161i tev atlas\u012btu noder\u012bgu, praktisku un aktu\u0101lu saturu.\u00a0<\/p>\n<p style=\"margin-left:auto;\">Pieraksties LASI.LV redaktora v\u0113stkopai <a href=\"https:\/\/lasi.lv\/vestkopa\/lasi-lv-galvena-redaktora-vestkopa\" rel=\"nofollow noopener\" target=\"_blank\">\u0161eit<\/a>.<\/p>\n<p>Pieraksties v\u0113stkopai un divas reizes ned\u0113\u013c\u0101 sa\u0146em padzi\u013cin\u0101tu LASI.LV galven\u0101 redaktora aktu\u0101lo zi\u0146u, kompetentu viedok\u013cu un interesant\u0101ko interviju apkopojumu.<\/p>\n<p>Ko tu sa\u0146emsi:<\/p>\n<ul>\n<li>Daudzveid\u012bgus koment\u0101rus un kompetentus Latvijas Mediju \u017eurn\u0101listu un autoru viedok\u013cus par aktu\u0101lo<\/li>\n<li>Ekspertu koment\u0101rus par da\u017e\u0101diem praktiskiem, noder\u012bgiem tematiem<\/li>\n<li>Aizraujo\u0161us materi\u0101lus par v\u0113sturi, psiholo\u0123iju, kult\u016bru<\/li>\n<li>Gata \u0160\u013c\u016bkas karikat\u016bru<\/li>\n<li>Tav\u0101 e-pasta kast\u012bt\u0113 katru ceturtdienu<\/li>\n<\/ul>\n<p style=\"margin-left:auto;\">\u00a0<\/p>\n<p><script async src=\"https:\/\/platform.twitter.com\/widgets.js\" charset=\"utf-8\"><\/script><script async src=\"\/\/www.instagram.com\/embed.js\"><\/script><\/p>\n","protected":false},"excerpt":{"rendered":"P\u0113c otr\u0101s k\u0101zu gadadienas dzied\u0101t\u0101ja Samanta T\u012bna publiski pazi\u0146oja par laul\u012bbas izjuk\u0161anu, izraisot sabiedr\u012bbas interesi par notiku\u0161\u0101 iemesliem.&hellip;\n","protected":false},"author":2,"featured_media":64878,"comment_status":"","ping_status":"","sticky":false,"template":"","format":"standard","meta":{"footnotes":""},"categories":[19],"tags":[89,90,35,39,38,36,37,34,40],"class_list":{"0":"post-96333","1":"post","2":"type-post","3":"status-publish","4":"format-standard","5":"has-post-thumbnail","7":"category-izklaide","8":"tag-entertainment","9":"tag-izklaide","10":"tag-latvia","11":"tag-latvian","12":"tag-latviesu","13":"tag-latviesu-valoda","14":"tag-latviesuvaloda","15":"tag-latvija","16":"tag-lv"},"share_on_mastodon":{"url":"https:\/\/pubeurope.com\/@lv\/115848743699625759","error":""},"_links":{"self":[{"href":"https:\/\/www.europesays.com\/lv\/wp-json\/wp\/v2\/posts\/96333","targetHints":{"allow":["GET"]}}],"collection":[{"href":"https:\/\/www.europesays.com\/lv\/wp-json\/wp\/v2\/posts"}],"about":[{"href":"https:\/\/www.europesays.com\/lv\/wp-json\/wp\/v2\/types\/post"}],"author":[{"embeddable":true,"href":"https:\/\/www.europesays.com\/lv\/wp-json\/wp\/v2\/users\/2"}],"replies":[{"embeddable":true,"href":"https:\/\/www.europesays.com\/lv\/wp-json\/wp\/v2\/comments?post=96333"}],"version-history":[{"count":0,"href":"https:\/\/www.europesays.com\/lv\/wp-json\/wp\/v2\/posts\/96333\/revisions"}],"wp:featuredmedia":[{"embeddable":true,"href":"https:\/\/www.europesays.com\/lv\/wp-json\/wp\/v2\/media\/64878"}],"wp:attachment":[{"href":"https:\/\/www.europesays.com\/lv\/wp-json\/wp\/v2\/media?parent=96333"}],"wp:term":[{"taxonomy":"category","embeddable":true,"href":"https:\/\/www.europesays.com\/lv\/wp-json\/wp\/v2\/categories?post=96333"},{"taxonomy":"post_tag","embeddable":true,"href":"https:\/\/www.europesays.com\/lv\/wp-json\/wp\/v2\/tags?post=96333"}],"curies":[{"name":"wp","href":"https:\/\/api.w.org\/{rel}","templated":true}]}}