{"id":96412,"date":"2026-01-06T16:36:04","date_gmt":"2026-01-06T16:36:04","guid":{"rendered":"https:\/\/www.europesays.com\/lv\/96412\/"},"modified":"2026-01-06T16:36:04","modified_gmt":"2026-01-06T16:36:04","slug":"citas-alternativas-nav-zelenskis-zaudejis-optimismu","status":"publish","type":"post","link":"https:\/\/www.europesays.com\/lv\/96412\/","title":{"rendered":"\u201cCitas alternat\u012bvas nav!\u201d Zelenskis zaud\u0113jis optimismu?"},"content":{"rendered":"<p>    <img decoding=\"async\" src=\"https:\/\/www.europesays.com\/lv\/wp-content\/uploads\/2026\/01\/251218-99-963098_dpai-1024x733.jpg\" alt=\"&#10;Volodimirs Zelenskis&#10;\"\/><\/p>\n<p>Volodimirs Zelenskis<\/p>\n<p>Foto. Scanpix\/LETA\/Michael Kappeler\/dpa\n<\/p>\n<p>Ukrainas prezidenta Volodimira Zelenska v\u0113rt\u0113jums par miera sarunu ar Krieviju perspekt\u012bv\u0101m ir k\u013cuvis daudz piesardz\u012bg\u0101ks. \u0145emot v\u0113r\u0101 notieko\u0161o konsult\u0101ciju starp Ukrainu, Amerikas Savienotaj\u0101m Valst\u012bm un Eiropu gaitu, Kijiva arvien vair\u0101k gatavojas scen\u0101rijam, kur\u0101 Maskava atteiktos no jebk\u0101d\u0101m vieno\u0161an\u0101m, par to pla\u0161\u0101k raksta The New York Times.<\/p>\n<p>        Las\u012bt\u0101kie<br \/>\n        <a data-imagesrc=\"{&quot;300&quot;:&quot;https:\\\/\\\/lastatic.ams3.cdn.digitaloceanspaces.com\\\/2026\\\/01\\\/FotoJet-2026-01-05T150916.451-300x200.jpg&quot;,&quot;1024&quot;:&quot;https:\\\/\\\/lastatic.ams3.cdn.digitaloceanspaces.com\\\/2026\\\/01\\\/FotoJet-2026-01-05T150916.451-1024x683.jpg&quot;,&quot;1536&quot;:&quot;https:\\\/\\\/lastatic.ams3.cdn.digitaloceanspaces.com\\\/2026\\\/01\\\/FotoJet-2026-01-05T150916.451-1536x1024.jpg&quot;,&quot;500&quot;:&quot;https:\\\/\\\/lastatic.ams3.cdn.digitaloceanspaces.com\\\/2026\\\/01\\\/FotoJet-2026-01-05T150916.451-500x333.jpg&quot;,&quot;800&quot;:&quot;https:\\\/\\\/lastatic.ams3.cdn.digitaloceanspaces.com\\\/2026\\\/01\\\/FotoJet-2026-01-05T150916.451-800x533.jpg&quot;,&quot;1800&quot;:&quot;https:\\\/\\\/lastatic.ams3.cdn.digitaloceanspaces.com\\\/2026\\\/01\\\/FotoJet-2026-01-05T150916.451.jpg&quot;}\" data-focuspoint=\"&quot;&quot;\" data-p=\"2488270\" href=\"https:\/\/www.la.lv\/tris-zodiaka-zimes-driz-klus-pasakaini-bagatas-nauda-pie-tam-pludis-ka-upe\" class=\"content-item lazy-load\" wp_automatic_readability=\"26\" rel=\"nofollow noopener\" target=\"_blank\"><\/p>\n<p>                                <img decoding=\"async\" src=\"\" alt=\"\" style=\"\" data-imageid=\"\"\/><\/p>\n<p>                                Kokteilis<\/p>\n<p>\n                                                Tr\u012bs zodiaka z\u012bmes dr\u012bz k\u013c\u016bs pasakaini bag\u0101tas: nauda pie t\u0101m pl\u016bd\u012bs k\u0101 upe\n                            <\/p>\n<p><\/a><a data-imagesrc=\"{&quot;300&quot;:&quot;https:\\\/\\\/lastatic.ams3.cdn.digitaloceanspaces.com\\\/2022\\\/06\\\/afp_9zr98r-1-300x171.jpg&quot;,&quot;768&quot;:&quot;https:\\\/\\\/lastatic.ams3.cdn.digitaloceanspaces.com\\\/2022\\\/06\\\/afp_9zr98r-1-768x437.jpg&quot;,&quot;200&quot;:&quot;https:\\\/\\\/lastatic.ams3.cdn.digitaloceanspaces.com\\\/2022\\\/06\\\/afp_9zr98r-1-200x114.jpg&quot;,&quot;400&quot;:&quot;https:\\\/\\\/lastatic.ams3.cdn.digitaloceanspaces.com\\\/2022\\\/06\\\/afp_9zr98r-1-400x228.jpg&quot;,&quot;500&quot;:&quot;https:\\\/\\\/lastatic.ams3.cdn.digitaloceanspaces.com\\\/2022\\\/06\\\/afp_9zr98r-1-500x284.jpg&quot;,&quot;800&quot;:&quot;https:\\\/\\\/lastatic.ams3.cdn.digitaloceanspaces.com\\\/2022\\\/06\\\/afp_9zr98r-1.jpg&quot;}\" data-focuspoint=\"&quot;&quot;\" data-p=\"2488734\" href=\"https:\/\/www.la.lv\/spriedze-pieaug-atklats-asv-iespejamais-plans-pret-krievijas-kugi\" class=\"content-item lazy-load\" wp_automatic_readability=\"26\" rel=\"nofollow noopener\" target=\"_blank\"><\/p>\n<p>                                <img decoding=\"async\" src=\"\" alt=\"\" style=\"\" data-imageid=\"\"\/><\/p>\n<p>\n                                                Spriedze pieaug? Atkl\u0101ts ASV iesp\u0113jamais pl\u0101ns pret Krievijas ku\u0123i\n                            <\/p>\n<p><\/a><a data-imagesrc=\"{&quot;300&quot;:&quot;https:\\\/\\\/lastatic.ams3.cdn.digitaloceanspaces.com\\\/2021\\\/12\\\/Vanga-300x215.jpg&quot;,&quot;768&quot;:&quot;https:\\\/\\\/lastatic.ams3.cdn.digitaloceanspaces.com\\\/2021\\\/12\\\/Vanga-768x551.jpg&quot;,&quot;200&quot;:&quot;https:\\\/\\\/lastatic.ams3.cdn.digitaloceanspaces.com\\\/2021\\\/12\\\/Vanga-200x144.jpg&quot;,&quot;400&quot;:&quot;https:\\\/\\\/lastatic.ams3.cdn.digitaloceanspaces.com\\\/2021\\\/12\\\/Vanga-400x287.jpg&quot;,&quot;500&quot;:&quot;https:\\\/\\\/lastatic.ams3.cdn.digitaloceanspaces.com\\\/2021\\\/12\\\/Vanga-500x359.jpg&quot;,&quot;800&quot;:&quot;https:\\\/\\\/lastatic.ams3.cdn.digitaloceanspaces.com\\\/2021\\\/12\\\/Vanga.jpg&quot;}\" data-focuspoint=\"{&quot;x&quot;:&quot;52.68180802701698&quot;,&quot;y&quot;:&quot;48.88063675072124&quot;}\" data-p=\"2488125\" href=\"https:\/\/www.la.lv\/vai-kada-no-tam-piepildisies-vangas-7-prognozes-2026-gadam-gaisrege-paregojusi-jaunas-liela-meroga-problemas\" class=\"content-item lazy-load\" wp_automatic_readability=\"26.5\" rel=\"nofollow noopener\" target=\"_blank\"><\/p>\n<p>                                <img decoding=\"async\" src=\"\" alt=\"\" style=\"object-position: 52.68180802701698% 48.88063675072124%\" data-imageid=\"\"\/><\/p>\n<p>                                Kokteilis<\/p>\n<p>\n                                                Vai k\u0101da no t\u0101m piepild\u012bsies? Vangas 7 prognozes 2026. gadam \u2013 gai\u0161re\u0123e pare\u0123ojusi jaunas liela m\u0113roga probl\u0113mas\n                            <\/p>\n<p><\/a><br \/>\n        <a class=\"read-more\" href=\"https:\/\/www.la.lv\/top\" rel=\"nofollow noopener\" target=\"_blank\">Las\u012bt citas zi\u0146as<\/a><\/p>\n<p>Neskatoties uz to, ka Zelenskis nesen pazi\u0146oja, ka miera l\u012bgums ir \u201c90% gatavs\u201d, p\u0113c vi\u0146a teikt\u0101, progress faktiski ir apst\u0101jies, un Krievijas nost\u0101ja joproj\u0101m ir neskaidra. \u201cEs negribu un negaid\u012b\u0161u v\u0113l se\u0161us m\u0113ne\u0161us, cerot, ka varb\u016bt tas izdosies. Ir divi veidi: pirmais ir aptur\u0113t karu, otrais ir gatavoties negat\u012bviem so\u013ciem no Krievijas puses,\u201d t\u0101 izteicies Zelenskis.<\/p>\n<p>Vi\u0146\u0161 ar\u012b uzsv\u0113ra, ka Ukraina vienlaikus gan risina sarunas, gan gatavojas turpin\u0101t karu, jo Maskava jau ir noraid\u012bjusi da\u017eus Ukrainas priek\u0161likumus. \u201cEs saprotu, ka esam \u013coti tuvu rezult\u0101tiem, bet k\u0101d\u0101 br\u012bd\u012b Krievija var visu blo\u0137\u0113t,\u201d vi\u0146\u0161 teica.<\/p>\n<p>    CITI \u0160OBR\u012aD LASA<\/p>\n<p>\u0145emot v\u0113r\u0101 iepriek\u0161min\u0113to, otrdien Par\u012bz\u0113 paredz\u0113ts Eiropas l\u012bderu samits, lai apspriestu dro\u0161\u012bbas garantijas Ukrainai p\u0113c iesp\u0113jam\u0101s pamiera. Vienlaikus ASV valsts sekret\u0101rs Marko Rubio ir atc\u0113lis savu dal\u012bbu san\u0101ksm\u0113 citu starptautisku kr\u012b\u017eu d\u0113\u013c, kas, p\u0113c nov\u0113rot\u0101ju dom\u0101m, var\u0113tu sare\u017e\u0123\u012bt sarunu procesu.<\/p>\n<p>Zelenskis atzina, ka galvenie jaut\u0101jumi joproj\u0101m nav atrisin\u0101ti: teritori\u0101l\u0101s amb\u012bcijas no krievu puses, kontrole p\u0101r okup\u0113to Zapori\u017ejes atomelektrostaciju un p\u0113ckara dro\u0161\u012bbas garantiju form\u0101ts. Ukraina uzst\u0101j uz garantij\u0101m, kas l\u012bdz\u012bgas NATO 5. pantam, un pieprasa oblig\u0101tu Francijas un Apvienot\u0101s Karalistes dal\u012bbu iesp\u0113jam\u0101 miera uztur\u0113\u0161anas misij\u0101.<\/p>\n<p>Vienlaikus Krievija kategoriski iebilst pret jebk\u0101du NATO karasp\u0113ka kl\u0101tb\u016btni Ukrain\u0101 un turpina ofens\u012bvas oper\u0101cijas \u0161\u012bs valsts austrumos, kas v\u0101jina Kijivas poz\u012bcijas. <\/p>\n<p>Neskatoties uz to, Zelenskis uzsv\u0113ra, ka ASV vad\u012btaj\u0101m sarun\u0101m nav alternat\u012bvu: \u201cDaudz jau ir paveikts, un mums ir j\u0101respekt\u0113 cilv\u0113ku darbs un laiks, jo katru min\u016bti Ukrainas iedz\u012bvot\u0101ji cie\u0161. T\u0101p\u0113c es uzskatu, ka citas alternat\u012bvas mieram nav.\u201d<\/p>\n<p>T\u0113mas<\/p>\n<p>    SAIST\u012aTIE RAKSTI<\/p>\n","protected":false},"excerpt":{"rendered":"Volodimirs Zelenskis Foto. Scanpix\/LETA\/Michael Kappeler\/dpa Ukrainas prezidenta Volodimira Zelenska v\u0113rt\u0113jums par miera sarunu ar Krieviju perspekt\u012bv\u0101m ir k\u013cuvis&hellip;\n","protected":false},"author":2,"featured_media":96413,"comment_status":"","ping_status":"","sticky":false,"template":"","format":"standard","meta":{"footnotes":""},"categories":[14],"tags":[23,57,28,29,32,33,22,30,31,35,39,38,36,37,34,40,20,26,27,24,25,54,55,56,21,58],"class_list":{"0":"post-96412","1":"post","2":"type-post","3":"status-publish","4":"format-standard","5":"has-post-thumbnail","7":"category-zinas-no-arvalstim","8":"tag-aktualitates","9":"tag-arvalstim","10":"tag-breaking-news","11":"tag-breakingnews","12":"tag-featured-news","13":"tag-featurednews","14":"tag-headlines","15":"tag-latest-news","16":"tag-latestnews","17":"tag-latvia","18":"tag-latvian","19":"tag-latviesu","20":"tag-latviesu-valoda","21":"tag-latviesuvaloda","22":"tag-latvija","23":"tag-lv","24":"tag-news","25":"tag-popularakas-zinas","26":"tag-popularakaszinas","27":"tag-top-stories","28":"tag-topstories","29":"tag-world","30":"tag-world-news","31":"tag-worldnews","32":"tag-zinas","33":"tag-zinas-no-arvalstim"},"share_on_mastodon":{"url":"https:\/\/pubeurope.com\/@lv\/115849133029442977","error":""},"_links":{"self":[{"href":"https:\/\/www.europesays.com\/lv\/wp-json\/wp\/v2\/posts\/96412","targetHints":{"allow":["GET"]}}],"collection":[{"href":"https:\/\/www.europesays.com\/lv\/wp-json\/wp\/v2\/posts"}],"about":[{"href":"https:\/\/www.europesays.com\/lv\/wp-json\/wp\/v2\/types\/post"}],"author":[{"embeddable":true,"href":"https:\/\/www.europesays.com\/lv\/wp-json\/wp\/v2\/users\/2"}],"replies":[{"embeddable":true,"href":"https:\/\/www.europesays.com\/lv\/wp-json\/wp\/v2\/comments?post=96412"}],"version-history":[{"count":0,"href":"https:\/\/www.europesays.com\/lv\/wp-json\/wp\/v2\/posts\/96412\/revisions"}],"wp:featuredmedia":[{"embeddable":true,"href":"https:\/\/www.europesays.com\/lv\/wp-json\/wp\/v2\/media\/96413"}],"wp:attachment":[{"href":"https:\/\/www.europesays.com\/lv\/wp-json\/wp\/v2\/media?parent=96412"}],"wp:term":[{"taxonomy":"category","embeddable":true,"href":"https:\/\/www.europesays.com\/lv\/wp-json\/wp\/v2\/categories?post=96412"},{"taxonomy":"post_tag","embeddable":true,"href":"https:\/\/www.europesays.com\/lv\/wp-json\/wp\/v2\/tags?post=96412"}],"curies":[{"name":"wp","href":"https:\/\/api.w.org\/{rel}","templated":true}]}}