{"id":96418,"date":"2026-01-06T16:42:10","date_gmt":"2026-01-06T16:42:10","guid":{"rendered":"https:\/\/www.europesays.com\/lv\/96418\/"},"modified":"2026-01-06T16:42:10","modified_gmt":"2026-01-06T16:42:10","slug":"venecuelas-opozicijas-lidere-machado-velas-dalit-nobela-miera-premiju-ar-trampu-lente-lv","status":"publish","type":"post","link":"https:\/\/www.europesays.com\/lv\/96418\/","title":{"rendered":"Venecu\u0113las opoz\u012bcijas l\u012bdere Machado v\u0113las dal\u012bt Nobela miera pr\u0113miju ar Trampu\u00a0\u2014\u00a0Lente.lv"},"content":{"rendered":"<p>Venecu\u0113las opoz\u012bcijas l\u012bdere v\u0113las dal\u012bt Nobela pr\u0113miju ar Trampu<\/p>\n<p>Venecu\u0113las opoz\u012bcijas l\u012bdere Marija Korina Machado pirmdien pazi\u0146ojusi, ka v\u0113las dal\u012bt savu Nobela miera pr\u0113miju ar ASV prezidentu Donaldu Trampu un person\u012bgi pateikties vi\u0146am par vi\u0146a administr\u0101cijas milit\u0101ro iejauk\u0161anos Venecu\u0113l\u0101. K\u0101 inform\u0113 telekan\u0101ls EuroNews, Machado slav\u0113jusi Trampu par Venecu\u0113las prezidenta Nikolasa Maduro g\u0101\u0161anu, raksturojot Va\u0161ingtonas r\u012bc\u012bbu k\u0101 \u201cmilz\u012bgu soli cilv\u0113cei, br\u012bv\u012bbai un cilv\u0113ka cie\u0146ai\u201d.<\/p>\n<p>Machado min\u0113jusi, ka nav run\u0101jusi ar ASV prezidentu kop\u0161 10. oktobra, dien\u0101, kad vi\u0146a tika pazi\u0146ota par Nobela pr\u0113mijas laure\u0101ti. 58 gadus vec\u0101 politi\u0137e apbalvota par nopietn\u0101k\u0101s mierm\u012bl\u012bg\u0101s opoz\u012bcijas kust\u012bbas izveido\u0161anu pret Maduro vald\u012bbu gadiem ilgi. Toreiz Machado da\u013c\u0113ji velt\u012bja \u0161o balvu Trampam, kur\u0161 ilgoj\u0101s p\u0113c \u0161\u012b apbalvojuma un apgalvoja, ka to ir peln\u012bjis.<\/p>\n<p>Dal\u012bta pr\u0113mija un n\u0101kotnes pl\u0101ni<\/p>\n<p>Run\u0101jot ar Fox News, Machado sac\u012bja, ka dal\u012b\u0161oties pr\u0113mij\u0101 ar Trampu. \u201cEs noteikti v\u0113l\u0113tos person\u012bgi vi\u0146am pateikt, ka m\u0113s ticam \u2013 Venecu\u0113las tauta, jo \u0161\u012b ir Venecu\u0113las tautas balva \u2013 noteikti v\u0113las to vi\u0146am pasniegt un dal\u012bties taj\u0101 ar vi\u0146u,\u201d Machado teikusi raid\u012bjuma vad\u012bt\u0101jam \u0160onam Hannitijam.<\/p>\n<p>Lai gan Tramps oktobr\u012b zvan\u012bjis Machado, lai apsveiktu vi\u0146u ar Nobela pr\u0113mijas ieg\u016b\u0161anu, ASV mediji zi\u0146oja, ka vi\u0146\u0161 ir neapmierin\u0101ts ar faktu, ka Machado pie\u0146\u0113musi \u0161o \u013coti k\u0101roto balvu, nevis atteikusies no t\u0101s par labu vi\u0146am.<\/p>\n<p>Opoz\u012bcijas l\u012bdere ar\u012b pazi\u0146ojusi, ka pl\u0101no \u201ccik dr\u012bz vien iesp\u0113jams\u201d atgriezties Venecu\u0113l\u0101. Machado \u012bsi par\u0101d\u012bj\u0101s publiski decembr\u012b, lai Oslo sa\u0146emtu Nobela miera pr\u0113miju. Vi\u0146a kop\u0161 9. janv\u0101ra atrad\u0101s sl\u0113ptuv\u0113, kad tika \u012bslaic\u012bgi aiztur\u0113ta p\u0113c pievieno\u0161an\u0101s pret vald\u012bbu v\u0113rstai demonstr\u0101cijai Venecu\u0113las galvaspils\u0113t\u0101 Karakas\u0101.<\/p>\n<p>Iepriek\u0161\u0113j\u0101s attiec\u012bbas un v\u0113l\u0113\u0161anu rezult\u0101ti<\/p>\n<p>Machado uzvar\u0113ja opoz\u012bcijas priek\u0161v\u0113l\u0113\u0161an\u0101s 2023. gad\u0101 ar 93% balsu, ta\u010du vi\u0146ai tika liegta iesp\u0113ja ie\u0146emt amatus, ne\u013caujot kandid\u0113t pret Maduro 2024. gad\u0101. Kandid\u0101ts, kur\u0161 vi\u0146u aizst\u0101ja, Edmundo Gonsaless, p\u0113c balso\u0161anas iecirk\u0146u datiem, ir guvis p\u0101rliecino\u0161u uzvaru. Tom\u0113r Maduro tika pasludin\u0101ts par uzvar\u0113t\u0101ju, kas tika pla\u0161i uzskat\u012bts par ac\u012bmredzamu v\u0113l\u0113\u0161anu kr\u0101p\u0161anu.<\/p>\n<p>Machado intervija ar Fox News notika da\u017eas dienas p\u0113c tam, kad Tramps noraid\u012bja ideju par sadarb\u012bbu ar vi\u0146u. \u201cDom\u0101ju, ka vi\u0146ai b\u016btu \u013coti gr\u016bti b\u016bt l\u012bderei,\u201d par Machado teicis Tramps. \u201cVi\u0146ai nav atbalsta vai cie\u0146as valst\u012b. Vi\u0146a ir \u013coti jauka sieviete, bet vi\u0146ai nav cie\u0146as.\u201d<\/p>\n<p>Delcy Rodrigesa, kura iepriek\u0161 ie\u0146\u0113musi Venecu\u0113las viceprezidentes un naftas ministra amatus un ir sol\u012bjusi sadarboties ar Trampa administr\u0101ciju, pirmdien tika iecelta par pagaidu prezidenti, kam\u0113r Maduro par\u0101d\u012bj\u0101s \u0145ujorkas ties\u0101 aps\u016bdz\u012bb\u0101s par narkotik\u0101m.<\/p>\n","protected":false},"excerpt":{"rendered":"Venecu\u0113las opoz\u012bcijas l\u012bdere v\u0113las dal\u012bt Nobela pr\u0113miju ar Trampu Venecu\u0113las opoz\u012bcijas l\u012bdere Marija Korina Machado pirmdien pazi\u0146ojusi, ka&hellip;\n","protected":false},"author":2,"featured_media":96419,"comment_status":"","ping_status":"","sticky":false,"template":"","format":"standard","meta":{"footnotes":""},"categories":[14],"tags":[23,57,28,29,542,32,33,22,30,31,35,39,38,36,37,34,40,23915,20,5168,4988,26,27,24,25,358,54,55,56,21,58],"class_list":{"0":"post-96418","1":"post","2":"type-post","3":"status-publish","4":"format-standard","5":"has-post-thumbnail","7":"category-zinas-no-arvalstim","8":"tag-aktualitates","9":"tag-arvalstim","10":"tag-breaking-news","11":"tag-breakingnews","12":"tag-donalds-tramps","13":"tag-featured-news","14":"tag-featurednews","15":"tag-headlines","16":"tag-latest-news","17":"tag-latestnews","18":"tag-latvia","19":"tag-latvian","20":"tag-latviesu","21":"tag-latviesu-valoda","22":"tag-latviesuvaloda","23":"tag-latvija","24":"tag-lv","25":"tag-marija-korina-machado","26":"tag-news","27":"tag-nikolass-maduro","28":"tag-nobela-premija","29":"tag-popularakas-zinas","30":"tag-popularakaszinas","31":"tag-top-stories","32":"tag-topstories","33":"tag-venecuela","34":"tag-world","35":"tag-world-news","36":"tag-worldnews","37":"tag-zinas","38":"tag-zinas-no-arvalstim"},"share_on_mastodon":{"url":"https:\/\/pubeurope.com\/@lv\/115849156565247420","error":""},"_links":{"self":[{"href":"https:\/\/www.europesays.com\/lv\/wp-json\/wp\/v2\/posts\/96418","targetHints":{"allow":["GET"]}}],"collection":[{"href":"https:\/\/www.europesays.com\/lv\/wp-json\/wp\/v2\/posts"}],"about":[{"href":"https:\/\/www.europesays.com\/lv\/wp-json\/wp\/v2\/types\/post"}],"author":[{"embeddable":true,"href":"https:\/\/www.europesays.com\/lv\/wp-json\/wp\/v2\/users\/2"}],"replies":[{"embeddable":true,"href":"https:\/\/www.europesays.com\/lv\/wp-json\/wp\/v2\/comments?post=96418"}],"version-history":[{"count":0,"href":"https:\/\/www.europesays.com\/lv\/wp-json\/wp\/v2\/posts\/96418\/revisions"}],"wp:featuredmedia":[{"embeddable":true,"href":"https:\/\/www.europesays.com\/lv\/wp-json\/wp\/v2\/media\/96419"}],"wp:attachment":[{"href":"https:\/\/www.europesays.com\/lv\/wp-json\/wp\/v2\/media?parent=96418"}],"wp:term":[{"taxonomy":"category","embeddable":true,"href":"https:\/\/www.europesays.com\/lv\/wp-json\/wp\/v2\/categories?post=96418"},{"taxonomy":"post_tag","embeddable":true,"href":"https:\/\/www.europesays.com\/lv\/wp-json\/wp\/v2\/tags?post=96418"}],"curies":[{"name":"wp","href":"https:\/\/api.w.org\/{rel}","templated":true}]}}